{"id":10046,"date":"2025-09-13T22:02:40","date_gmt":"2025-09-14T01:02:40","guid":{"rendered":"https:\/\/3260.com.ar\/web\/?p=10046"},"modified":"2025-09-13T22:04:19","modified_gmt":"2025-09-14T01:04:19","slug":"10046-2","status":"publish","type":"post","link":"https:\/\/3260.com.ar\/web\/10046-2\/","title":{"rendered":"BAILARINES DE FOLKLORE ARGENTINO"},"content":{"rendered":"\n<p>Cada 13 de septiembre se festeja el d\u00eda del bailar\u00edn de Folklore en la Argentina en honor a Santiago Ayala, un reconocido interprete de las danzas argentinas. La fecha se estableci\u00f3 en 1998 luego de la presentaci\u00f3n de un proyecto de ley presentado por el senador Carlos De la Rosa. <br>Se trata de una fecha en conmemoraci\u00f3n al legado de Santiago Ayala, \u00abEl Ch\u00facaro\u201d, un artista que naci\u00f3 el 16 de octubre de 1918 en el barrio San Vicente de la ciudad de C\u00f3rdoba y a lo largo de su vida, se convirti\u00f3 en una figura ic\u00f3nica en el panorama del folklore argentino.<\/p>\n\n\n\n<figure class=\"wp-block-image size-full\"><a href=\"https:\/\/3260.com.ar\/web\/wp-content\/uploads\/2025\/09\/image-28.png\"><img loading=\"lazy\" decoding=\"async\" width=\"861\" height=\"468\" src=\"https:\/\/3260.com.ar\/web\/wp-content\/uploads\/2025\/09\/image-28.png\" alt=\"\" class=\"wp-image-10048\" srcset=\"https:\/\/3260.com.ar\/web\/wp-content\/uploads\/2025\/09\/image-28.png 861w, https:\/\/3260.com.ar\/web\/wp-content\/uploads\/2025\/09\/image-28-300x163.png 300w, https:\/\/3260.com.ar\/web\/wp-content\/uploads\/2025\/09\/image-28-768x417.png 768w\" sizes=\"auto, (max-width: 861px) 100vw, 861px\" \/><\/a><\/figure>\n\n\n\n<p>Uno de los hitos m\u00e1s destacados en la carrera de \u00abEl Ch\u00facaro\u00bb fue la creaci\u00f3n del Ballet Folcl\u00f3rico Argentino en la d\u00e9cada de 1950, una compa\u00f1\u00eda que se gan\u00f3 reconocimiento por su maestr\u00eda en la interpretaci\u00f3n de las danzas tradicionales de Argentina. <br>En los a\u00f1os 80, logr\u00f3 hacer realidad su sue\u00f1o de establecer un Ballet Folkl\u00f3rico Nacional, gracias a un decreto-ley emitido por el presidente Ra\u00fal Alfons\u00edn en 1986. Santiago Ayala dirigi\u00f3 este prestigioso ballet hasta su fallecimiento en 1994.<\/p>\n\n\n\n<figure class=\"wp-block-image size-full\"><a href=\"https:\/\/3260.com.ar\/web\/wp-content\/uploads\/2025\/09\/image-29.png\"><img loading=\"lazy\" decoding=\"async\" width=\"680\" height=\"688\" src=\"https:\/\/3260.com.ar\/web\/wp-content\/uploads\/2025\/09\/image-29.png\" alt=\"\" class=\"wp-image-10049\" srcset=\"https:\/\/3260.com.ar\/web\/wp-content\/uploads\/2025\/09\/image-29.png 680w, https:\/\/3260.com.ar\/web\/wp-content\/uploads\/2025\/09\/image-29-297x300.png 297w, https:\/\/3260.com.ar\/web\/wp-content\/uploads\/2025\/09\/image-29-80x80.png 80w\" sizes=\"auto, (max-width: 680px) 100vw, 680px\" \/><\/a><\/figure>\n","protected":false},"excerpt":{"rendered":"<p>Cada 13 de septiembre se festeja el d\u00eda del bailar\u00edn de Folklore en la Argentina en honor a Santiago Ayala, un reconocido interprete de las danzas argentinas. La fecha se estableci\u00f3 en 1998 luego de la presentaci\u00f3n de un proyecto de ley presentado por el senador Carlos De la Rosa. Se trata de una fecha [&hellip;]<\/p>\n","protected":false},"author":3,"featured_media":10047,"comment_status":"closed","ping_status":"closed","sticky":false,"template":"","format":"standard","meta":{"_jetpack_memberships_contains_paid_content":false,"footnotes":"","jetpack_publicize_message":"","jetpack_publicize_feature_enabled":true,"jetpack_social_post_already_shared":true,"jetpack_social_options":{"image_generator_settings":{"template":"highway","default_image_id":0,"enabled":false},"version":2}},"categories":[174],"tags":[60,2813,2814],"class_list":["post-10046","post","type-post","status-publish","format-standard","has-post-thumbnail","hentry","category-cultura","tag-60","tag-dia-del-bailarin-folklorico","tag-santiago-ayala"],"jetpack_publicize_connections":[],"jetpack_featured_media_url":"https:\/\/3260.com.ar\/web\/wp-content\/uploads\/2025\/09\/Santiago-Ayala-El-Chucaro.jpg","jetpack_sharing_enabled":true,"_links":{"self":[{"href":"https:\/\/3260.com.ar\/web\/wp-json\/wp\/v2\/posts\/10046","targetHints":{"allow":["GET"]}}],"collection":[{"href":"https:\/\/3260.com.ar\/web\/wp-json\/wp\/v2\/posts"}],"about":[{"href":"https:\/\/3260.com.ar\/web\/wp-json\/wp\/v2\/types\/post"}],"author":[{"embeddable":true,"href":"https:\/\/3260.com.ar\/web\/wp-json\/wp\/v2\/users\/3"}],"replies":[{"embeddable":true,"href":"https:\/\/3260.com.ar\/web\/wp-json\/wp\/v2\/comments?post=10046"}],"version-history":[{"count":2,"href":"https:\/\/3260.com.ar\/web\/wp-json\/wp\/v2\/posts\/10046\/revisions"}],"predecessor-version":[{"id":10051,"href":"https:\/\/3260.com.ar\/web\/wp-json\/wp\/v2\/posts\/10046\/revisions\/10051"}],"wp:featuredmedia":[{"embeddable":true,"href":"https:\/\/3260.com.ar\/web\/wp-json\/wp\/v2\/media\/10047"}],"wp:attachment":[{"href":"https:\/\/3260.com.ar\/web\/wp-json\/wp\/v2\/media?parent=10046"}],"wp:term":[{"taxonomy":"category","embeddable":true,"href":"https:\/\/3260.com.ar\/web\/wp-json\/wp\/v2\/categories?post=10046"},{"taxonomy":"post_tag","embeddable":true,"href":"https:\/\/3260.com.ar\/web\/wp-json\/wp\/v2\/tags?post=10046"}],"curies":[{"name":"wp","href":"https:\/\/api.w.org\/{rel}","templated":true}]}}