{"id":10061,"date":"2025-09-21T00:04:00","date_gmt":"2025-09-21T03:04:00","guid":{"rendered":"https:\/\/3260.com.ar\/web\/?p=10061"},"modified":"2025-09-17T09:09:04","modified_gmt":"2025-09-17T12:09:04","slug":"comenzo-el-tercer-trimestre-en-la-escolaridad-obligatoria","status":"publish","type":"post","link":"https:\/\/3260.com.ar\/web\/comenzo-el-tercer-trimestre-en-la-escolaridad-obligatoria\/","title":{"rendered":"COMENZ\u00d3 EL TERCER TRIMESTRE EN LA ESCOLARIDAD OBLIGATORIA"},"content":{"rendered":"\n<p>Lo prescripto por Resoluci\u00f3n 4240\/2024 del Consejo General de Educaci\u00f3n entrerriano hablando del calendario escolar 2025, estableci\u00f3 los par\u00e1metros de cada trimestre escolar para la etapa obligatoria.<\/p>\n\n\n\n<p>Algunasfamilias pueden verse sorprendidas por el avance incontenible de cada d\u00eda escolar, en consecuencia es probable que a\u00fan no hayan ingresado a la p\u00e1gia SAGE para informarse de las calificaciones del segundo trimestre 2025.<\/p>\n\n\n\n<p>El \u00faltimo trimestre comenz\u00f3 el 1\/9\/2025, restando aproximadamente 60 d\u00edas h\u00e1biles de clases, lo que ya deber\u00eda ser zona de ocupaci\u00f3n para aquellos estudiantes que deseen contar extensas vacaciones invernales. <\/p>\n\n\n\n<figure class=\"wp-block-image size-full\"><a href=\"https:\/\/3260.com.ar\/web\/wp-content\/uploads\/2025\/09\/image-33.png\"><img loading=\"lazy\" decoding=\"async\" width=\"657\" height=\"589\" src=\"https:\/\/3260.com.ar\/web\/wp-content\/uploads\/2025\/09\/image-33.png\" alt=\"\" class=\"wp-image-10062\" srcset=\"https:\/\/3260.com.ar\/web\/wp-content\/uploads\/2025\/09\/image-33.png 657w, https:\/\/3260.com.ar\/web\/wp-content\/uploads\/2025\/09\/image-33-300x269.png 300w\" sizes=\"auto, (max-width: 657px) 100vw, 657px\" \/><\/a><\/figure>\n","protected":false},"excerpt":{"rendered":"<p>Lo prescripto por Resoluci\u00f3n 4240\/2024 del Consejo General de Educaci\u00f3n entrerriano hablando del calendario escolar 2025, estableci\u00f3 los par\u00e1metros de cada trimestre escolar para la etapa obligatoria. Algunasfamilias pueden verse sorprendidas por el avance incontenible de cada d\u00eda escolar, en consecuencia es probable que a\u00fan no hayan ingresado a la p\u00e1gia SAGE para informarse de [&hellip;]<\/p>\n","protected":false},"author":3,"featured_media":5271,"comment_status":"closed","ping_status":"closed","sticky":false,"template":"","format":"standard","meta":{"_jetpack_memberships_contains_paid_content":false,"footnotes":"","jetpack_publicize_message":"","jetpack_publicize_feature_enabled":true,"jetpack_social_post_already_shared":true,"jetpack_social_options":{"image_generator_settings":{"template":"highway","default_image_id":0,"enabled":false},"version":2}},"categories":[176],"tags":[60,2439,2820],"class_list":["post-10061","post","type-post","status-publish","format-standard","has-post-thumbnail","hentry","category-educacion","tag-60","tag-calendario-escolar-2025","tag-tercer-trimestre-2025"],"jetpack_publicize_connections":[],"jetpack_featured_media_url":"https:\/\/3260.com.ar\/web\/wp-content\/uploads\/2023\/03\/CGE-ER.png","jetpack_sharing_enabled":true,"_links":{"self":[{"href":"https:\/\/3260.com.ar\/web\/wp-json\/wp\/v2\/posts\/10061","targetHints":{"allow":["GET"]}}],"collection":[{"href":"https:\/\/3260.com.ar\/web\/wp-json\/wp\/v2\/posts"}],"about":[{"href":"https:\/\/3260.com.ar\/web\/wp-json\/wp\/v2\/types\/post"}],"author":[{"embeddable":true,"href":"https:\/\/3260.com.ar\/web\/wp-json\/wp\/v2\/users\/3"}],"replies":[{"embeddable":true,"href":"https:\/\/3260.com.ar\/web\/wp-json\/wp\/v2\/comments?post=10061"}],"version-history":[{"count":1,"href":"https:\/\/3260.com.ar\/web\/wp-json\/wp\/v2\/posts\/10061\/revisions"}],"predecessor-version":[{"id":10063,"href":"https:\/\/3260.com.ar\/web\/wp-json\/wp\/v2\/posts\/10061\/revisions\/10063"}],"wp:featuredmedia":[{"embeddable":true,"href":"https:\/\/3260.com.ar\/web\/wp-json\/wp\/v2\/media\/5271"}],"wp:attachment":[{"href":"https:\/\/3260.com.ar\/web\/wp-json\/wp\/v2\/media?parent=10061"}],"wp:term":[{"taxonomy":"category","embeddable":true,"href":"https:\/\/3260.com.ar\/web\/wp-json\/wp\/v2\/categories?post=10061"},{"taxonomy":"post_tag","embeddable":true,"href":"https:\/\/3260.com.ar\/web\/wp-json\/wp\/v2\/tags?post=10061"}],"curies":[{"name":"wp","href":"https:\/\/api.w.org\/{rel}","templated":true}]}}