{"id":10064,"date":"2025-09-16T00:48:55","date_gmt":"2025-09-16T03:48:55","guid":{"rendered":"https:\/\/3260.com.ar\/web\/?p=10064"},"modified":"2025-09-16T00:48:57","modified_gmt":"2025-09-16T03:48:57","slug":"45-edicion-del-campeonato-nacional-master-de-atletismo-pista-y-campo","status":"publish","type":"post","link":"https:\/\/3260.com.ar\/web\/45-edicion-del-campeonato-nacional-master-de-atletismo-pista-y-campo\/","title":{"rendered":"45\u00b0 EDICI\u00d3N DEL CAMPEONATO NACIONAL MASTER DE ATLETISMO PISTA Y CAMPO"},"content":{"rendered":"\n<p>El encuentro, por cumplirse en el Centro de Educaci\u00f3n F\u00edsica N\u00b0 3, Hugo Mario La Nasa, desde el 18 al 21 de septiembre de 2025, reunir\u00e1 a 595 inscriptos, n\u00famero que expresa el inter\u00e9s promovido por la competencia.<\/p>\n\n\n\n<p>Atletas de provincias muy distantes, como Mendoza o Chubut estar\u00e1n presentes para participar de las diferentes pruebas destinadas \u2013de acuerdo con la reglamentaci\u00f3n vigente-&nbsp;&nbsp;a mayores de 30 a\u00f1os.<\/p>\n\n\n\n<p>Cada jornada de competencias comenzar\u00e1n  a las 9 hs extendi\u00e9ndose hasta las 18 hs. Se reiterar\u00e1n viernes y s\u00e1bado con mismos horarios, finalizando las \u00faltimas pruebas el d\u00eda domingo. Toda la actividad es con entradas libres y gratuitas para el p\u00fablico que quiera acercarse al CEF a ver atletismo de primer nivel.<\/p>\n\n\n\n<p>Entre otros hechos destacables, debe mencionarse que la amplitud etaria del certamen hace posible que intervengan atletas en actividad junto a los veteranos que mantienen viva la pr\u00e1ctica deportiva. Entre ellos, hay mayores de 80 a\u00f1os, un ejemplo del imprescindible nexo entre salud y deporte.<\/p>\n\n\n\n<p>Pruebas de lanzamiento, salto, carreras de pista, entre otras, forman parte de una ampl\u00edsima programaci\u00f3n que culminar\u00e1 el domingo con un marat\u00f3n de diez kil\u00f3metros.<\/p>\n\n\n\n<figure class=\"wp-block-image size-full\"><a href=\"https:\/\/3260.com.ar\/web\/wp-content\/uploads\/2025\/09\/image-36.png\"><img loading=\"lazy\" decoding=\"async\" width=\"585\" height=\"594\" src=\"https:\/\/3260.com.ar\/web\/wp-content\/uploads\/2025\/09\/image-36.png\" alt=\"\" class=\"wp-image-10067\" srcset=\"https:\/\/3260.com.ar\/web\/wp-content\/uploads\/2025\/09\/image-36.png 585w, https:\/\/3260.com.ar\/web\/wp-content\/uploads\/2025\/09\/image-36-295x300.png 295w, https:\/\/3260.com.ar\/web\/wp-content\/uploads\/2025\/09\/image-36-80x80.png 80w\" sizes=\"auto, (max-width: 585px) 100vw, 585px\" \/><\/a><\/figure>\n\n\n\n<p>El torneo lleva el nombre de Alberto R\u00edos, en homenaje a quien fuera un referente del atletismo master, raz\u00f3n por la cual estar\u00e1n presentes sus familiares, a quienes las autoridades organizativas brindar\u00e1n un reconocimiento.<\/p>\n\n\n\n<p>En representaci\u00f3n de la Confederaci\u00f3n, Jos\u00e9 Gangli, expres\u00f3 su reconocimiento a la Municipalidad y al Centro de Educaci\u00f3n F\u00edsica por la colaboraci\u00f3n proporcionada para la realizaci\u00f3n del evento.<\/p>\n\n\n\n<figure class=\"wp-block-image size-full\"><a href=\"https:\/\/3260.com.ar\/web\/wp-content\/uploads\/2025\/09\/image-35.png\"><img loading=\"lazy\" decoding=\"async\" width=\"510\" height=\"494\" src=\"https:\/\/3260.com.ar\/web\/wp-content\/uploads\/2025\/09\/image-35.png\" alt=\"\" class=\"wp-image-10066\" srcset=\"https:\/\/3260.com.ar\/web\/wp-content\/uploads\/2025\/09\/image-35.png 510w, https:\/\/3260.com.ar\/web\/wp-content\/uploads\/2025\/09\/image-35-300x291.png 300w\" sizes=\"auto, (max-width: 510px) 100vw, 510px\" \/><\/a><\/figure>\n\n\n\n<p><strong>Programaci\u00f3n<\/strong><strong><\/strong><\/p>\n\n\n\n<p>D\u00edas: desde el pr\u00f3ximo Jueves 18 al Domingo 21 de septiembre<\/p>\n\n\n\n<p>Lugar: Centro de Educaci\u00f3n F\u00edsica N\u00b0 3<\/p>\n\n\n\n<p>Horario: 9 a 18hs.<\/p>\n\n\n\n<p>Entrada: libre y gratuita<\/p>\n\n\n\n<figure class=\"wp-block-image size-full\"><a href=\"https:\/\/3260.com.ar\/web\/wp-content\/uploads\/2025\/09\/image-34.png\"><img loading=\"lazy\" decoding=\"async\" width=\"493\" height=\"706\" src=\"https:\/\/3260.com.ar\/web\/wp-content\/uploads\/2025\/09\/image-34.png\" alt=\"\" class=\"wp-image-10065\" srcset=\"https:\/\/3260.com.ar\/web\/wp-content\/uploads\/2025\/09\/image-34.png 493w, https:\/\/3260.com.ar\/web\/wp-content\/uploads\/2025\/09\/image-34-209x300.png 209w\" sizes=\"auto, (max-width: 493px) 100vw, 493px\" \/><\/a><\/figure>\n","protected":false},"excerpt":{"rendered":"<p>El encuentro, por cumplirse en el Centro de Educaci\u00f3n F\u00edsica N\u00b0 3, Hugo Mario La Nasa, desde el 18 al 21 de septiembre de 2025, reunir\u00e1 a 595 inscriptos, n\u00famero que expresa el inter\u00e9s promovido por la competencia. Atletas de provincias muy distantes, como Mendoza o Chubut estar\u00e1n presentes para participar de las diferentes pruebas [&hellip;]<\/p>\n","protected":false},"author":3,"featured_media":5174,"comment_status":"closed","ping_status":"closed","sticky":false,"template":"","format":"standard","meta":{"_jetpack_memberships_contains_paid_content":false,"footnotes":"","jetpack_publicize_message":"","jetpack_publicize_feature_enabled":true,"jetpack_social_post_already_shared":true,"jetpack_social_options":{"image_generator_settings":{"template":"highway","default_image_id":0,"enabled":false},"version":2}},"categories":[173],"tags":[60,1347,2821],"class_list":["post-10064","post","type-post","status-publish","format-standard","has-post-thumbnail","hentry","category-deportes","tag-60","tag-cef-3","tag-master-nacional-de-atletismo"],"jetpack_publicize_connections":[],"jetpack_featured_media_url":"https:\/\/3260.com.ar\/web\/wp-content\/uploads\/2023\/02\/Grand_Prix_de_Atletismo.jpg","jetpack_sharing_enabled":true,"_links":{"self":[{"href":"https:\/\/3260.com.ar\/web\/wp-json\/wp\/v2\/posts\/10064","targetHints":{"allow":["GET"]}}],"collection":[{"href":"https:\/\/3260.com.ar\/web\/wp-json\/wp\/v2\/posts"}],"about":[{"href":"https:\/\/3260.com.ar\/web\/wp-json\/wp\/v2\/types\/post"}],"author":[{"embeddable":true,"href":"https:\/\/3260.com.ar\/web\/wp-json\/wp\/v2\/users\/3"}],"replies":[{"embeddable":true,"href":"https:\/\/3260.com.ar\/web\/wp-json\/wp\/v2\/comments?post=10064"}],"version-history":[{"count":1,"href":"https:\/\/3260.com.ar\/web\/wp-json\/wp\/v2\/posts\/10064\/revisions"}],"predecessor-version":[{"id":10068,"href":"https:\/\/3260.com.ar\/web\/wp-json\/wp\/v2\/posts\/10064\/revisions\/10068"}],"wp:featuredmedia":[{"embeddable":true,"href":"https:\/\/3260.com.ar\/web\/wp-json\/wp\/v2\/media\/5174"}],"wp:attachment":[{"href":"https:\/\/3260.com.ar\/web\/wp-json\/wp\/v2\/media?parent=10064"}],"wp:term":[{"taxonomy":"category","embeddable":true,"href":"https:\/\/3260.com.ar\/web\/wp-json\/wp\/v2\/categories?post=10064"},{"taxonomy":"post_tag","embeddable":true,"href":"https:\/\/3260.com.ar\/web\/wp-json\/wp\/v2\/tags?post=10064"}],"curies":[{"name":"wp","href":"https:\/\/api.w.org\/{rel}","templated":true}]}}