{"id":10107,"date":"2025-09-23T00:02:00","date_gmt":"2025-09-23T03:02:00","guid":{"rendered":"https:\/\/3260.com.ar\/web\/?p=10107"},"modified":"2025-09-21T11:43:44","modified_gmt":"2025-09-21T14:43:44","slug":"crece-la-desercion-escolar-en-escuelas-secundarias-entrerrianas","status":"publish","type":"post","link":"https:\/\/3260.com.ar\/web\/crece-la-desercion-escolar-en-escuelas-secundarias-entrerrianas\/","title":{"rendered":"CRECE LA DESERCI\u00d3N ESCOLAR EN ESCUELAS SECUNDARIAS ENTRERRIANAS"},"content":{"rendered":"\n<p>Los indicadores encienden las alarmas en el sistema escolar obligatoria en la etapa secundaria entrerriana. El 21% de los estudiantes interrumpe su trayectoria escolar. <\/p>\n\n\n\n<p>El Consejo General de Eduaci\u00f3n de Entre R\u00edos actica  el Sistema de Alerta Temprana (SAT), que en teor\u00eda podr\u00eda ayudar al Estado a  anticipar y desplegar intervenciones pertinentes. <\/p>\n\n\n\n<p>La deserci\u00f3n escolar es una situaci\u00f3n multicausal, con indudable entramado familiar y escolar, con factores propios de la subjetvidad intrapersonal.<\/p>\n\n\n\n<figure class=\"wp-block-image size-full\"><a href=\"https:\/\/3260.com.ar\/web\/wp-content\/uploads\/2025\/09\/image-53.png\"><img loading=\"lazy\" decoding=\"async\" width=\"597\" height=\"586\" src=\"https:\/\/3260.com.ar\/web\/wp-content\/uploads\/2025\/09\/image-53.png\" alt=\"\" class=\"wp-image-10110\" srcset=\"https:\/\/3260.com.ar\/web\/wp-content\/uploads\/2025\/09\/image-53.png 597w, https:\/\/3260.com.ar\/web\/wp-content\/uploads\/2025\/09\/image-53-300x294.png 300w, https:\/\/3260.com.ar\/web\/wp-content\/uploads\/2025\/09\/image-53-80x80.png 80w\" sizes=\"auto, (max-width: 597px) 100vw, 597px\" \/><\/a><\/figure>\n\n\n\n<p>Este a\u00f1o, el SAT estar\u00e1 disponible para 340 escuelas secundarias, tanto orientadas como t\u00e9cnicas. <\/p>\n\n\n\n<p>Como novedad, el sistema permitir\u00e1 que los equipos directivos, asesores pedag\u00f3gicos y preceptores de cada escuela, as\u00ed como supervisores y directores departamentales, puedan visualizar y atender las alertas. <\/p>\n\n\n\n<p>Adem\u00e1s, el \u00edndice de riesgo considerar\u00e1 las calificaciones en Lengua y Matem\u00e1tica, las inasistencias y la sobreedad. A partir del 22 de septiembre, quedar\u00e1 habilitado el m\u00f3dulo en SAGE y se pondr\u00e1 a disposici\u00f3n un curso en Atam\u00e1 para todos los actores involucrados.<\/p>\n\n\n\n<figure class=\"wp-block-image size-full\"><a href=\"https:\/\/3260.com.ar\/web\/wp-content\/uploads\/2025\/09\/image-52.png\"><img loading=\"lazy\" decoding=\"async\" width=\"768\" height=\"512\" src=\"https:\/\/3260.com.ar\/web\/wp-content\/uploads\/2025\/09\/image-52.png\" alt=\"\" class=\"wp-image-10109\" srcset=\"https:\/\/3260.com.ar\/web\/wp-content\/uploads\/2025\/09\/image-52.png 768w, https:\/\/3260.com.ar\/web\/wp-content\/uploads\/2025\/09\/image-52-300x200.png 300w\" sizes=\"auto, (max-width: 768px) 100vw, 768px\" \/><\/a><\/figure>\n","protected":false},"excerpt":{"rendered":"<p>Los indicadores encienden las alarmas en el sistema escolar obligatoria en la etapa secundaria entrerriana. El 21% de los estudiantes interrumpe su trayectoria escolar. El Consejo General de Eduaci\u00f3n de Entre R\u00edos actica el Sistema de Alerta Temprana (SAT), que en teor\u00eda podr\u00eda ayudar al Estado a anticipar y desplegar intervenciones pertinentes. La deserci\u00f3n escolar [&hellip;]<\/p>\n","protected":false},"author":3,"featured_media":10108,"comment_status":"closed","ping_status":"closed","sticky":false,"template":"","format":"standard","meta":{"_jetpack_memberships_contains_paid_content":false,"footnotes":"","jetpack_publicize_message":"","jetpack_publicize_feature_enabled":true,"jetpack_social_post_already_shared":true,"jetpack_social_options":{"image_generator_settings":{"template":"highway","default_image_id":0,"enabled":false},"version":2}},"categories":[176],"tags":[60,2833,2834],"class_list":["post-10107","post","type-post","status-publish","format-standard","has-post-thumbnail","hentry","category-educacion","tag-60","tag-desercion-escolar","tag-escuela-secundaria-abandono"],"jetpack_publicize_connections":[],"jetpack_featured_media_url":"https:\/\/3260.com.ar\/web\/wp-content\/uploads\/2025\/09\/desercion-escolar-ilustrativa.jpg","jetpack_sharing_enabled":true,"_links":{"self":[{"href":"https:\/\/3260.com.ar\/web\/wp-json\/wp\/v2\/posts\/10107","targetHints":{"allow":["GET"]}}],"collection":[{"href":"https:\/\/3260.com.ar\/web\/wp-json\/wp\/v2\/posts"}],"about":[{"href":"https:\/\/3260.com.ar\/web\/wp-json\/wp\/v2\/types\/post"}],"author":[{"embeddable":true,"href":"https:\/\/3260.com.ar\/web\/wp-json\/wp\/v2\/users\/3"}],"replies":[{"embeddable":true,"href":"https:\/\/3260.com.ar\/web\/wp-json\/wp\/v2\/comments?post=10107"}],"version-history":[{"count":1,"href":"https:\/\/3260.com.ar\/web\/wp-json\/wp\/v2\/posts\/10107\/revisions"}],"predecessor-version":[{"id":10111,"href":"https:\/\/3260.com.ar\/web\/wp-json\/wp\/v2\/posts\/10107\/revisions\/10111"}],"wp:featuredmedia":[{"embeddable":true,"href":"https:\/\/3260.com.ar\/web\/wp-json\/wp\/v2\/media\/10108"}],"wp:attachment":[{"href":"https:\/\/3260.com.ar\/web\/wp-json\/wp\/v2\/media?parent=10107"}],"wp:term":[{"taxonomy":"category","embeddable":true,"href":"https:\/\/3260.com.ar\/web\/wp-json\/wp\/v2\/categories?post=10107"},{"taxonomy":"post_tag","embeddable":true,"href":"https:\/\/3260.com.ar\/web\/wp-json\/wp\/v2\/tags?post=10107"}],"curies":[{"name":"wp","href":"https:\/\/api.w.org\/{rel}","templated":true}]}}