{"id":1015,"date":"2020-09-05T21:32:36","date_gmt":"2020-09-05T21:32:36","guid":{"rendered":"http:\/\/3260.com.ar\/web\/?p=1015"},"modified":"2020-09-05T21:32:37","modified_gmt":"2020-09-05T21:32:37","slug":"el-palmar-presentara-plan-de-reactivacion-ante-provincia","status":"publish","type":"post","link":"https:\/\/3260.com.ar\/web\/el-palmar-presentara-plan-de-reactivacion-ante-provincia\/","title":{"rendered":"El Palmar presentar\u00e1 plan de reactivaci\u00f3n ante Provincia"},"content":{"rendered":"\n<p>La Mancomunidad \u201cTierra de Palmares\u201d enviar\u00e1 al Ministro de Turismo y al Gobernador de Entre R\u00edos un proyecto con <strong>modalidades, protocolos y formas de control<\/strong> de las actividades tur\u00edsticas que podr\u00edan reactivarse.<\/p>\n\n\n\n<p>Este compromiso qued\u00f3 acordado en la reuni\u00f3n virtual que esta instituci\u00f3n regional tuvo con el funcionario Juan Jos\u00e9 Bahilo y con el primer mandatario provincial Gustavo Bordet.<\/p>\n\n\n\n<p>Seg\u00fan inform\u00f3 el <a href=\"http:\/\/noticias.entrerios.gov.ar\/notas\/el-gobierno-trabaja-con-la-mancomunidad-tierra-de-palmares-en-la-reactivacin-turstica-de-la-zona.htm\" target=\"_blank\" rel=\"noreferrer noopener\">parte de prensa gubernamental<\/a>, los mandatarios que conforman la Mancomunidad aprovecharon tambi\u00e9n para comentarles las ideas que poseen para revivir el turismo en la regi\u00f3n.<\/p>\n\n\n\n<p>Al mismo tiempo detallaron que los representantes provinciales se comprometieron a <strong>gestionar medidas para el esperado regreso a la acci\u00f3n<\/strong> ante el Consejo Federal de Inversiones.<\/p>\n\n\n\n<p>\u201cTierra de Palmares\u201d es una instituci\u00f3n tur\u00edstica regional integrada por representantes de las localidades de Col\u00f3n, San Jos\u00e9, Villa Elisa y Liebig, y los correspondientes al Parque Nacional El Palmar.<\/p>\n","protected":false},"excerpt":{"rendered":"<p>La Mancomunidad \u201cTierra de Palmares\u201d enviar\u00e1 al Ministro de Turismo y al Gobernador de Entre R\u00edos un proyecto con modalidades, protocolos y formas de control de las actividades tur\u00edsticas que podr\u00edan reactivarse. Este compromiso qued\u00f3 acordado en la reuni\u00f3n virtual que esta instituci\u00f3n regional tuvo con el funcionario Juan Jos\u00e9 Bahilo y con el primer [&hellip;]<\/p>\n","protected":false},"author":2,"featured_media":1016,"comment_status":"open","ping_status":"open","sticky":false,"template":"","format":"standard","meta":{"_jetpack_memberships_contains_paid_content":false,"footnotes":"","jetpack_publicize_message":"","jetpack_publicize_feature_enabled":true,"jetpack_social_post_already_shared":true,"jetpack_social_options":{"image_generator_settings":{"template":"highway","default_image_id":0,"enabled":false},"version":2}},"categories":[175],"tags":[60,433,436,432,434,435],"class_list":["post-1015","post","type-post","status-publish","format-standard","has-post-thumbnail","hentry","category-turismo","tag-60","tag-colon","tag-liebig","tag-palmar","tag-san-jose","tag-villa-elisa"],"jetpack_publicize_connections":[],"jetpack_featured_media_url":"https:\/\/3260.com.ar\/web\/wp-content\/uploads\/2020\/09\/palmar_de_colon.gif","jetpack_sharing_enabled":true,"_links":{"self":[{"href":"https:\/\/3260.com.ar\/web\/wp-json\/wp\/v2\/posts\/1015","targetHints":{"allow":["GET"]}}],"collection":[{"href":"https:\/\/3260.com.ar\/web\/wp-json\/wp\/v2\/posts"}],"about":[{"href":"https:\/\/3260.com.ar\/web\/wp-json\/wp\/v2\/types\/post"}],"author":[{"embeddable":true,"href":"https:\/\/3260.com.ar\/web\/wp-json\/wp\/v2\/users\/2"}],"replies":[{"embeddable":true,"href":"https:\/\/3260.com.ar\/web\/wp-json\/wp\/v2\/comments?post=1015"}],"version-history":[{"count":0,"href":"https:\/\/3260.com.ar\/web\/wp-json\/wp\/v2\/posts\/1015\/revisions"}],"wp:featuredmedia":[{"embeddable":true,"href":"https:\/\/3260.com.ar\/web\/wp-json\/wp\/v2\/media\/1016"}],"wp:attachment":[{"href":"https:\/\/3260.com.ar\/web\/wp-json\/wp\/v2\/media?parent=1015"}],"wp:term":[{"taxonomy":"category","embeddable":true,"href":"https:\/\/3260.com.ar\/web\/wp-json\/wp\/v2\/categories?post=1015"},{"taxonomy":"post_tag","embeddable":true,"href":"https:\/\/3260.com.ar\/web\/wp-json\/wp\/v2\/tags?post=1015"}],"curies":[{"name":"wp","href":"https:\/\/api.w.org\/{rel}","templated":true}]}}