{"id":10339,"date":"2025-10-19T00:01:00","date_gmt":"2025-10-19T03:01:00","guid":{"rendered":"https:\/\/3260.com.ar\/web\/?p=10339"},"modified":"2025-10-17T22:08:04","modified_gmt":"2025-10-18T01:08:04","slug":"135-escuelas-tecnicas-de-23-provincias-competiran-en-el-autodromo-ciudad-de-concepcion-del-uruguay","status":"publish","type":"post","link":"https:\/\/3260.com.ar\/web\/135-escuelas-tecnicas-de-23-provincias-competiran-en-el-autodromo-ciudad-de-concepcion-del-uruguay\/","title":{"rendered":"135 ESCUELAS T\u00c9CNICAS DE 23 PROVINCIAS COMPETIR\u00c1N EN EL \u00abAUT\u00d3DROMO CIUDAD DE CONCEPCI\u00d3N DEL URUGUAY\u00bb"},"content":{"rendered":"\n<p>El 8 y 9 de noviembre de 2025, el aut\u00f3dromo de Concepci\u00f3n del Uruguay ser\u00e1 nuevamente sede del Desaf\u00edo ECO YPF, una competencia \u00fanica en el mundo en la que participan escuelas t\u00e9cnicas de todo el pa\u00eds con veh\u00edculos el\u00e9ctricos dise\u00f1ados y construidos por sus propios alumnos.<\/p>\n\n\n\n<p>La entrada y el estacionamiento ser\u00e1n gratuitos, y el p\u00fablico podr\u00e1 acceder libremente a los boxes. \u201cQueremos que todos puedan ver de cerca los autos, hablar con los chicos y los profesores, compartir con ellos esta experiencia educativa. Es un paseo ideal para hacer en familia\u201d, se\u00f1al\u00f3 el presidente de la competencia.<\/p>\n\n\n\n<p>Adem\u00e1s, el viernes 7 de noviembre previo a las carreras, se realizar\u00e1 una exhibici\u00f3n en Plaza Ram\u00edrez, donde los equipos presentar\u00e1n sus autos. \u201cLa plaza es un lugar hist\u00f3rico y simb\u00f3lico de la educaci\u00f3n argentina, por el Colegio del Uruguay y su legado\u00bb. <\/p>\n\n\n\n<p>El director del Desaf\u00edo ECO YPF subray\u00f3 que la competencia fue reconocida internacionalmente: \u201cEl a\u00f1o pasado, la Federaci\u00f3n Internacional del Autom\u00f3vil la galardon\u00f3 como la mejor competencia de autos ecol\u00f3gicos del mundo. Es un orgullo que este proyecto educativo argentino tenga ese reconocimiento\u201d.<\/p>\n\n\n\n<figure class=\"wp-block-image size-full\"><a href=\"https:\/\/3260.com.ar\/web\/wp-content\/uploads\/2025\/10\/image-51.png\"><img loading=\"lazy\" decoding=\"async\" width=\"683\" height=\"820\" src=\"https:\/\/3260.com.ar\/web\/wp-content\/uploads\/2025\/10\/image-51.png\" alt=\"\" class=\"wp-image-10343\" srcset=\"https:\/\/3260.com.ar\/web\/wp-content\/uploads\/2025\/10\/image-51.png 683w, https:\/\/3260.com.ar\/web\/wp-content\/uploads\/2025\/10\/image-51-250x300.png 250w\" sizes=\"auto, (max-width: 683px) 100vw, 683px\" \/><\/a><\/figure>\n\n\n\n<p><strong>Una ciudad elegida por las escuelas<\/strong><\/p>\n\n\n\n<p>Respecto a la elecci\u00f3n de Concepci\u00f3n del Uruguay como sede por segundo a\u00f1o consecutivo, Ram\u00edrez expres\u00f3: \u201cEl a\u00f1o pasado lo hicimos con menos tiempo, pero esta vez pudimos organizarlo con mayor antelaci\u00f3n. Nos sentimos muy c\u00f3modos; el circuito es excelente y la ciudad tiene condiciones ideales para recibir a m\u00e1s de 2.000 alumnos. Las escuelas se fueron contentas, y cuando todas las provincias piden volver, eso habla por s\u00ed solo\u201d.<\/p>\n\n\n\n<p>Finalmente, invit\u00f3 a toda la comunidad a participar: \u201cEl domingo van a ver una carrera con 135 autos en pista, algo que no existe en ning\u00fan otro lugar. Es una muestra de lo mejor de la Argentina en la pista\u201d.<\/p>\n\n\n\n<p><strong><em>ESCUELA EDUCACI\u00d3N T\u00c9CNICA N\u00b0 3 \u00abMigel Angel Marsiglia\u00bb<\/em><\/strong> estar\u00e1 presente alistando sus dos m\u00e1quinas con los emblem\u00e1ticos autos 50 y 63 respectivamente homenajeando a los campeones de la F\u00f3rmula Entrerriana en la d\u00e9cada de ORO, Reynaldo Oscar Vaccalluzzo y Pr\u00f3spero C\u00e9sar Bonelli.<\/p>\n\n\n\n<figure class=\"wp-block-image size-full\"><a href=\"https:\/\/3260.com.ar\/web\/wp-content\/uploads\/2025\/10\/image-48.png\"><img loading=\"lazy\" decoding=\"async\" width=\"850\" height=\"831\" src=\"https:\/\/3260.com.ar\/web\/wp-content\/uploads\/2025\/10\/image-48.png\" alt=\"\" class=\"wp-image-10340\" srcset=\"https:\/\/3260.com.ar\/web\/wp-content\/uploads\/2025\/10\/image-48.png 850w, https:\/\/3260.com.ar\/web\/wp-content\/uploads\/2025\/10\/image-48-300x293.png 300w, https:\/\/3260.com.ar\/web\/wp-content\/uploads\/2025\/10\/image-48-768x751.png 768w\" sizes=\"auto, (max-width: 850px) 100vw, 850px\" \/><\/a><\/figure>\n\n\n\n<figure class=\"wp-block-image size-full is-resized\"><a href=\"https:\/\/3260.com.ar\/web\/wp-content\/uploads\/2025\/10\/image-50.png\"><img loading=\"lazy\" decoding=\"async\" width=\"647\" height=\"798\" src=\"https:\/\/3260.com.ar\/web\/wp-content\/uploads\/2025\/10\/image-50.png\" alt=\"\" class=\"wp-image-10342\" style=\"width:740px;height:auto\" srcset=\"https:\/\/3260.com.ar\/web\/wp-content\/uploads\/2025\/10\/image-50.png 647w, https:\/\/3260.com.ar\/web\/wp-content\/uploads\/2025\/10\/image-50-243x300.png 243w\" sizes=\"auto, (max-width: 647px) 100vw, 647px\" \/><\/a><\/figure>\n\n\n\n<figure class=\"wp-block-image size-large\"><a href=\"https:\/\/3260.com.ar\/web\/wp-content\/uploads\/2025\/10\/image-52.png\"><img loading=\"lazy\" decoding=\"async\" width=\"1024\" height=\"705\" src=\"https:\/\/3260.com.ar\/web\/wp-content\/uploads\/2025\/10\/image-52-1024x705.png\" alt=\"\" class=\"wp-image-10345\" srcset=\"https:\/\/3260.com.ar\/web\/wp-content\/uploads\/2025\/10\/image-52-1024x705.png 1024w, https:\/\/3260.com.ar\/web\/wp-content\/uploads\/2025\/10\/image-52-300x206.png 300w, https:\/\/3260.com.ar\/web\/wp-content\/uploads\/2025\/10\/image-52-768x528.png 768w, https:\/\/3260.com.ar\/web\/wp-content\/uploads\/2025\/10\/image-52.png 1071w\" sizes=\"auto, (max-width: 1024px) 100vw, 1024px\" \/><\/a><\/figure>\n\n\n\n<p>La m\u00e1xima leyenda viviente del automovilismo entrerriano Pr\u00f3spero C\u00e9sar Bonelli visit\u00f3 los talleres de la Escuela T\u00e9cnica N\u00b0 3 \u00abDr Miguel Angel Marsiglia\u00bb donde se construyeron los dos autos que presentar\u00e1 la instituci\u00f3n en la competencia.<\/p>\n\n\n\n<figure class=\"wp-block-image size-large\"><a href=\"https:\/\/3260.com.ar\/web\/wp-content\/uploads\/2025\/10\/image-53.png\"><img loading=\"lazy\" decoding=\"async\" width=\"1024\" height=\"568\" src=\"https:\/\/3260.com.ar\/web\/wp-content\/uploads\/2025\/10\/image-53-1024x568.png\" alt=\"\" class=\"wp-image-10346\" srcset=\"https:\/\/3260.com.ar\/web\/wp-content\/uploads\/2025\/10\/image-53-1024x568.png 1024w, https:\/\/3260.com.ar\/web\/wp-content\/uploads\/2025\/10\/image-53-300x166.png 300w, https:\/\/3260.com.ar\/web\/wp-content\/uploads\/2025\/10\/image-53-768x426.png 768w, https:\/\/3260.com.ar\/web\/wp-content\/uploads\/2025\/10\/image-53.png 1076w\" sizes=\"auto, (max-width: 1024px) 100vw, 1024px\" \/><\/a><\/figure>\n\n\n\n<figure class=\"wp-block-image size-full\"><a href=\"https:\/\/3260.com.ar\/web\/wp-content\/uploads\/2025\/10\/image-54.png\"><img loading=\"lazy\" decoding=\"async\" width=\"749\" height=\"499\" src=\"https:\/\/3260.com.ar\/web\/wp-content\/uploads\/2025\/10\/image-54.png\" alt=\"\" class=\"wp-image-10348\" srcset=\"https:\/\/3260.com.ar\/web\/wp-content\/uploads\/2025\/10\/image-54.png 749w, https:\/\/3260.com.ar\/web\/wp-content\/uploads\/2025\/10\/image-54-300x200.png 300w\" sizes=\"auto, (max-width: 749px) 100vw, 749px\" \/><\/a><\/figure>\n\n\n\n<figure class=\"wp-block-image size-full is-resized\"><a href=\"https:\/\/3260.com.ar\/web\/wp-content\/uploads\/2025\/10\/image-55.png\"><img loading=\"lazy\" decoding=\"async\" width=\"661\" height=\"334\" src=\"https:\/\/3260.com.ar\/web\/wp-content\/uploads\/2025\/10\/image-55.png\" alt=\"\" class=\"wp-image-10349\" style=\"width:740px;height:auto\" srcset=\"https:\/\/3260.com.ar\/web\/wp-content\/uploads\/2025\/10\/image-55.png 661w, https:\/\/3260.com.ar\/web\/wp-content\/uploads\/2025\/10\/image-55-300x152.png 300w\" sizes=\"auto, (max-width: 661px) 100vw, 661px\" \/><\/a><\/figure>\n\n\n\n<p><\/p>\n","protected":false},"excerpt":{"rendered":"<p>El 8 y 9 de noviembre de 2025, el aut\u00f3dromo de Concepci\u00f3n del Uruguay ser\u00e1 nuevamente sede del Desaf\u00edo ECO YPF, una competencia \u00fanica en el mundo en la que participan escuelas t\u00e9cnicas de todo el pa\u00eds con veh\u00edculos el\u00e9ctricos dise\u00f1ados y construidos por sus propios alumnos. La entrada y el estacionamiento ser\u00e1n gratuitos, y [&hellip;]<\/p>\n","protected":false},"author":3,"featured_media":10344,"comment_status":"closed","ping_status":"closed","sticky":false,"template":"","format":"standard","meta":{"_jetpack_memberships_contains_paid_content":false,"footnotes":"","jetpack_publicize_message":"","jetpack_publicize_feature_enabled":true,"jetpack_social_post_already_shared":true,"jetpack_social_options":{"image_generator_settings":{"template":"highway","default_image_id":0,"enabled":false},"version":2}},"categories":[173],"tags":[60,2322,2321,2884,410],"class_list":["post-10339","post","type-post","status-publish","format-standard","has-post-thumbnail","hentry","category-deportes","tag-60","tag-desafio-eco-ypf","tag-eet-3-marsiglia","tag-escuela-tecnica-3-miguel-marsiglia","tag-prospero-bonelli"],"jetpack_publicize_connections":[],"jetpack_featured_media_url":"https:\/\/3260.com.ar\/web\/wp-content\/uploads\/2025\/10\/Desafio-Eco-YPF-2025.jpg","jetpack_sharing_enabled":true,"_links":{"self":[{"href":"https:\/\/3260.com.ar\/web\/wp-json\/wp\/v2\/posts\/10339","targetHints":{"allow":["GET"]}}],"collection":[{"href":"https:\/\/3260.com.ar\/web\/wp-json\/wp\/v2\/posts"}],"about":[{"href":"https:\/\/3260.com.ar\/web\/wp-json\/wp\/v2\/types\/post"}],"author":[{"embeddable":true,"href":"https:\/\/3260.com.ar\/web\/wp-json\/wp\/v2\/users\/3"}],"replies":[{"embeddable":true,"href":"https:\/\/3260.com.ar\/web\/wp-json\/wp\/v2\/comments?post=10339"}],"version-history":[{"count":2,"href":"https:\/\/3260.com.ar\/web\/wp-json\/wp\/v2\/posts\/10339\/revisions"}],"predecessor-version":[{"id":10350,"href":"https:\/\/3260.com.ar\/web\/wp-json\/wp\/v2\/posts\/10339\/revisions\/10350"}],"wp:featuredmedia":[{"embeddable":true,"href":"https:\/\/3260.com.ar\/web\/wp-json\/wp\/v2\/media\/10344"}],"wp:attachment":[{"href":"https:\/\/3260.com.ar\/web\/wp-json\/wp\/v2\/media?parent=10339"}],"wp:term":[{"taxonomy":"category","embeddable":true,"href":"https:\/\/3260.com.ar\/web\/wp-json\/wp\/v2\/categories?post=10339"},{"taxonomy":"post_tag","embeddable":true,"href":"https:\/\/3260.com.ar\/web\/wp-json\/wp\/v2\/tags?post=10339"}],"curies":[{"name":"wp","href":"https:\/\/api.w.org\/{rel}","templated":true}]}}