{"id":10352,"date":"2025-10-20T00:03:40","date_gmt":"2025-10-20T03:03:40","guid":{"rendered":"https:\/\/3260.com.ar\/web\/?p=10352"},"modified":"2025-10-20T12:40:11","modified_gmt":"2025-10-20T15:40:11","slug":"en-concepcion-del-uruguay-hay-gente-que-come-de-los-tachos-de-basura","status":"publish","type":"post","link":"https:\/\/3260.com.ar\/web\/en-concepcion-del-uruguay-hay-gente-que-come-de-los-tachos-de-basura\/","title":{"rendered":"\u00abEN CONCEPCI\u00d3N DEL URUGUAY HAY GENTE QUE COME DE LOS TACHOS DE BASURA\u00bb."},"content":{"rendered":"\n<p>\u00ab<strong><em>El Gobernador Frigerio entrega la Provincia a un Presidente que detesta a los pobres, enfermos, discapacitados y ancianos.  Ellos no me representan, no es el modelo de pa\u00eds que quiero para la gente.\u00bb <\/em><\/strong><\/p>\n\n\n\n<p>La Licenciada Marianela Marclay -en su rol de candidata a Diputada Nacional- visit\u00f3 el programa VOCES DE BARRIO en la radio FM 98.9 CDELU SPORTS. Algunos puntos salientes que dej\u00f3 la entrevista.<\/p>\n\n\n\n<figure class=\"wp-block-image size-full is-resized\"><a href=\"https:\/\/3260.com.ar\/web\/wp-content\/uploads\/2025\/10\/image-61.png\"><img loading=\"lazy\" decoding=\"async\" width=\"864\" height=\"469\" src=\"https:\/\/3260.com.ar\/web\/wp-content\/uploads\/2025\/10\/image-61.png\" alt=\"\" class=\"wp-image-10363\" style=\"width:543px;height:auto\" srcset=\"https:\/\/3260.com.ar\/web\/wp-content\/uploads\/2025\/10\/image-61.png 864w, https:\/\/3260.com.ar\/web\/wp-content\/uploads\/2025\/10\/image-61-300x163.png 300w, https:\/\/3260.com.ar\/web\/wp-content\/uploads\/2025\/10\/image-61-768x417.png 768w\" sizes=\"auto, (max-width: 864px) 100vw, 864px\" \/><\/a><\/figure>\n\n\n\n<p>\u201c Soy nacida en Concepci\u00f3n del Uruguay hace 41 a\u00f1os me cri\u00e9 en el Barrio Mosconi, curs\u00e9 los estudios primarios en la Escuela N\u00b0 88 y secundarios en el Colegio del Uruguay, luego transitoriamente me fui a estudiar a Buenos Aires donde me recib\u00ed de T\u00e9cnica en Recursos Humanos y Relaciones Laborales; finalmente en 2024 me recib\u00ed de Licenciada en Familia en la Universidad Austral.\u00bb<\/p>\n\n\n\n<p>\u00bb Soy mam\u00e1, tengo dos hijas, me apoyo mucho en la red familiar de contenci\u00f3n para poder trabajar como responsable en la Secretar\u00eda de Desarrollo Social de Concepci\u00f3n del Uruguay desde hace 7 a\u00f1os.\u00bb<\/p>\n\n\n\n<p>\u00bb Tengo claramente el conocimiento de la realidad que cualquier vecino \u201cdel barrio\u201d posee.&nbsp; Vivo en la zona sur oeste, la calle para llegar a&nbsp; casa no est\u00e1 asfaltada.\u00bb<\/p>\n\n\n\n<figure class=\"wp-block-image size-full\"><a href=\"https:\/\/3260.com.ar\/web\/wp-content\/uploads\/2025\/10\/image-56.png\"><img loading=\"lazy\" decoding=\"async\" width=\"544\" height=\"725\" src=\"https:\/\/3260.com.ar\/web\/wp-content\/uploads\/2025\/10\/image-56.png\" alt=\"\" class=\"wp-image-10354\" srcset=\"https:\/\/3260.com.ar\/web\/wp-content\/uploads\/2025\/10\/image-56.png 544w, https:\/\/3260.com.ar\/web\/wp-content\/uploads\/2025\/10\/image-56-225x300.png 225w\" sizes=\"auto, (max-width: 544px) 100vw, 544px\" \/><\/a><\/figure>\n\n\n\n<p>\u00bb Se perfectamente&nbsp; a qui\u00e9n represento, porque en mi trabajo en Desarrollo Social aprendi a acompa\u00f1ar a resolver situaciones dif\u00edciles por emergencias. A mi trabajo la gente va a expresar sus carencias, necesidades urgentes: techos que se llueven, abrigo, inundaciones, da\u00f1os por consecuencias clim\u00e1ticas adversas, indumentarias, asistencia integral, etc.&nbsp; En los barrios siento mucho respeto, la gente sabe que cuando hay posibilidades a nuestro alcance de resolver situaciones urgentes, lo hacemos. Por supuesto que no todos est\u00e1n conformes y algunos se enojan. Las personas tienen problemas y el Estado tiene que solucionarlos, a veces eso no sucede.\u00bb<\/p>\n\n\n\n<figure class=\"wp-block-image size-full is-resized\"><a href=\"https:\/\/3260.com.ar\/web\/wp-content\/uploads\/2025\/10\/image-57.png\"><img loading=\"lazy\" decoding=\"async\" width=\"683\" height=\"586\" src=\"https:\/\/3260.com.ar\/web\/wp-content\/uploads\/2025\/10\/image-57.png\" alt=\"\" class=\"wp-image-10355\" style=\"width:545px;height:auto\" srcset=\"https:\/\/3260.com.ar\/web\/wp-content\/uploads\/2025\/10\/image-57.png 683w, https:\/\/3260.com.ar\/web\/wp-content\/uploads\/2025\/10\/image-57-300x257.png 300w\" sizes=\"auto, (max-width: 683px) 100vw, 683px\" \/><\/a><\/figure>\n\n\n\n<p>\u00bb Urbanizaci\u00f3n de barrios populares como \u201cLa Concepci\u00f3n\u201d, \u201cLa Cantera 25\u201d y otros donde pudimos darle agua, cloacas, asfaltado, iluminaci\u00f3n, plazas parquizadas.&nbsp; Dimos soluciones para que las nuevas generaciones no sufran lo que sufrieron sus padres y abuelos. Estas nuevas generaciones en esos barrios no conocer\u00e1n lo que es sufrir inundaciones.\u00bb<\/p>\n\n\n\n<p>\u00abTuvimos planes y concretamos 100 viviendas del Mena, 80 del Tavella. Para esas familias soy una m\u00e1s en el barrio.\u00bb<\/p>\n\n\n\n<p>\u00abLa Municipalidad de Concepci\u00f3n del Uruguay le permite a la Secretar\u00eda de Desarrollo Social preveer en el presupuesto, sin embargo la Provincia ni Naci\u00f3n proporcionan ayuda alguna que sea importante. &nbsp; Lo pongo en n\u00fameros, en la \u00faltima inundaci\u00f3n el Gobierno de Entre R\u00edos aport\u00f3 quince millones de pesos y sesenta m\u00f3dulos alimentarios.&nbsp; Es insignificante en la magnitud del desastre que una inundaci\u00f3n provoca y deja por mucho tiempo. No nos quejamos, lo recibimos pero estamos en soledad.\u00bb<\/p>\n\n\n\n<figure class=\"wp-block-image size-large is-resized\"><a href=\"https:\/\/3260.com.ar\/web\/wp-content\/uploads\/2025\/10\/image-58.png\"><img loading=\"lazy\" decoding=\"async\" width=\"1024\" height=\"682\" src=\"https:\/\/3260.com.ar\/web\/wp-content\/uploads\/2025\/10\/image-58-1024x682.png\" alt=\"\" class=\"wp-image-10356\" style=\"width:535px;height:auto\" srcset=\"https:\/\/3260.com.ar\/web\/wp-content\/uploads\/2025\/10\/image-58-1024x682.png 1024w, https:\/\/3260.com.ar\/web\/wp-content\/uploads\/2025\/10\/image-58-300x200.png 300w, https:\/\/3260.com.ar\/web\/wp-content\/uploads\/2025\/10\/image-58-768x512.png 768w, https:\/\/3260.com.ar\/web\/wp-content\/uploads\/2025\/10\/image-58-1536x1023.png 1536w, https:\/\/3260.com.ar\/web\/wp-content\/uploads\/2025\/10\/image-58.png 1600w\" sizes=\"auto, (max-width: 1024px) 100vw, 1024px\" \/><\/a><\/figure>\n\n\n\n<p>\u00abEn invierno hubo que abrigar a vecinos con necesidades se distribuyeron 6000 frazadas que demandaron 90 millones que pag\u00f3 el municipio. Provincia y Naci\u00f3n estuvieron ausentes. Esas frazadas las hicimos en la Escuela de Artes y Oficios Municipal en el taller textil que se hizo con el plan \u201cpotenciar trabajo\u201d.<\/p>\n\n\n\n<figure class=\"wp-block-image size-full is-resized\"><a href=\"https:\/\/3260.com.ar\/web\/wp-content\/uploads\/2025\/10\/image-60.png\"><img loading=\"lazy\" decoding=\"async\" width=\"947\" height=\"671\" src=\"https:\/\/3260.com.ar\/web\/wp-content\/uploads\/2025\/10\/image-60.png\" alt=\"\" class=\"wp-image-10360\" style=\"width:526px;height:auto\" srcset=\"https:\/\/3260.com.ar\/web\/wp-content\/uploads\/2025\/10\/image-60.png 947w, https:\/\/3260.com.ar\/web\/wp-content\/uploads\/2025\/10\/image-60-300x213.png 300w, https:\/\/3260.com.ar\/web\/wp-content\/uploads\/2025\/10\/image-60-768x544.png 768w\" sizes=\"auto, (max-width: 947px) 100vw, 947px\" \/><\/a><\/figure>\n\n\n\n<p>\u00bb Frigerio a Concepci\u00f3n del Uruguay viene \u00fanicamente cuando hay alguna fiesta organizada por la Municipalidad, aparece para la foto en eventos cuando todo el trabajo ya lo hizo el personal municipal.&nbsp; Frigerio llega acompa\u00f1ado por un tremendo y car\u00edsimo equipo de comunicaci\u00f3n.&nbsp; Un ejemplo cuando se di\u00f3 el RECORD GUINNES DE LOS POLLOS, para que quede claro: la Municipalidad aport\u00f3 25 millones de pesos para que distintas instituciones sociales tuvieran beneficios directos, Frigerio lleg\u00f3 como siempre para la foto pretendiendo vender para el resto de la provincia que su gobierno lo hab\u00eda organizado.&nbsp; El Gobierno de Entre R\u00edos se corri\u00f3 de la responsabilidad de asistir, el gobierno Nacional est\u00e1 claro que tampoco ayuda en nada.\u00bb<\/p>\n\n\n\n<figure class=\"wp-block-image size-full is-resized\"><a href=\"https:\/\/3260.com.ar\/web\/wp-content\/uploads\/2025\/10\/image-59.png\"><img loading=\"lazy\" decoding=\"async\" width=\"620\" height=\"332\" src=\"https:\/\/3260.com.ar\/web\/wp-content\/uploads\/2025\/10\/image-59.png\" alt=\"\" class=\"wp-image-10358\" style=\"width:546px;height:auto\" srcset=\"https:\/\/3260.com.ar\/web\/wp-content\/uploads\/2025\/10\/image-59.png 620w, https:\/\/3260.com.ar\/web\/wp-content\/uploads\/2025\/10\/image-59-300x161.png 300w\" sizes=\"auto, (max-width: 620px) 100vw, 620px\" \/><\/a><\/figure>\n\n\n\n<p>\u00bb Hoy en Concepci\u00f3n del Uruguay hay gente que come de los tachos de basura, hoy no llegamos con la Municipalidad a asistir a todos.\u00bb<\/p>\n\n\n\n<p>\u00abCada vez la gente est\u00e1 peor. Los sueldos alcanzan cada vez para menos d\u00edas del mes, son muchos los que buscan Changas o trabajo y no consiguen, trabajadores pierden su fuente laboral todos los d\u00edas, el Hospital no da a basto para atender todas las demandas, los comedores comunitarios reciben todos los d\u00edas a m\u00e1s gente, etc.\u00bb<\/p>\n\n\n\n<p>\u00abEste es el modelo de pa\u00eds que eligi\u00f3 el Gobernador Frigerio cuando le entreg\u00f3 todo al Presidente Milei, ambos est\u00e1n decididos a ignorar la asistencia a las necesidades. Ese modelo de pa\u00eds no me representa. Por eso voy a ir al Congreso de la Naci\u00f3n, tengo claro desde donde vengo, a qui\u00e9n represento, no me olvidar\u00e9 del porqu\u00e9 y para qu\u00e9 me votaron.\u00bb&nbsp;&nbsp;<\/p>\n\n\n\n<p>El video completo de la nota se puede ver ingresando al v\u00ednculo <a href=\"https:\/\/www.youtube.com\/live\/4d6LNcJYJy0?si=hdyBUrStn60wBcSK\" data-type=\"link\" data-id=\"https:\/\/www.youtube.com\/live\/4d6LNcJYJy0?si=hdyBUrStn60wBcSK\">https:\/\/www.youtube.com\/live\/4d6LNcJYJy0?si=hdyBUrStn60wBcSK<\/a><\/p>\n\n\n\n<p><\/p>\n","protected":false},"excerpt":{"rendered":"<p>\u00abEl Gobernador Frigerio entrega la Provincia a un Presidente que detesta a los pobres, enfermos, discapacitados y ancianos. Ellos no me representan, no es el modelo de pa\u00eds que quiero para la gente.\u00bb La Licenciada Marianela Marclay -en su rol de candidata a Diputada Nacional- visit\u00f3 el programa VOCES DE BARRIO en la radio FM [&hellip;]<\/p>\n","protected":false},"author":3,"featured_media":10353,"comment_status":"closed","ping_status":"closed","sticky":false,"template":"","format":"standard","meta":{"_jetpack_memberships_contains_paid_content":false,"footnotes":"","jetpack_publicize_message":"","jetpack_publicize_feature_enabled":true,"jetpack_social_post_already_shared":true,"jetpack_social_options":{"image_generator_settings":{"template":"highway","default_image_id":0,"enabled":false},"version":2}},"categories":[613],"tags":[60,2886,2887,2885],"class_list":["post-10352","post","type-post","status-publish","format-standard","has-post-thumbnail","hentry","category-generales","tag-60","tag-gente-come-de-tachos-de-basura","tag-marclay-diputada-nacional","tag-marianela-marclay"],"jetpack_publicize_connections":[],"jetpack_featured_media_url":"https:\/\/3260.com.ar\/web\/wp-content\/uploads\/2025\/10\/Marianela-Marclay-2025.jpeg","jetpack_sharing_enabled":true,"_links":{"self":[{"href":"https:\/\/3260.com.ar\/web\/wp-json\/wp\/v2\/posts\/10352","targetHints":{"allow":["GET"]}}],"collection":[{"href":"https:\/\/3260.com.ar\/web\/wp-json\/wp\/v2\/posts"}],"about":[{"href":"https:\/\/3260.com.ar\/web\/wp-json\/wp\/v2\/types\/post"}],"author":[{"embeddable":true,"href":"https:\/\/3260.com.ar\/web\/wp-json\/wp\/v2\/users\/3"}],"replies":[{"embeddable":true,"href":"https:\/\/3260.com.ar\/web\/wp-json\/wp\/v2\/comments?post=10352"}],"version-history":[{"count":5,"href":"https:\/\/3260.com.ar\/web\/wp-json\/wp\/v2\/posts\/10352\/revisions"}],"predecessor-version":[{"id":10365,"href":"https:\/\/3260.com.ar\/web\/wp-json\/wp\/v2\/posts\/10352\/revisions\/10365"}],"wp:featuredmedia":[{"embeddable":true,"href":"https:\/\/3260.com.ar\/web\/wp-json\/wp\/v2\/media\/10353"}],"wp:attachment":[{"href":"https:\/\/3260.com.ar\/web\/wp-json\/wp\/v2\/media?parent=10352"}],"wp:term":[{"taxonomy":"category","embeddable":true,"href":"https:\/\/3260.com.ar\/web\/wp-json\/wp\/v2\/categories?post=10352"},{"taxonomy":"post_tag","embeddable":true,"href":"https:\/\/3260.com.ar\/web\/wp-json\/wp\/v2\/tags?post=10352"}],"curies":[{"name":"wp","href":"https:\/\/api.w.org\/{rel}","templated":true}]}}