{"id":10375,"date":"2025-10-22T00:14:45","date_gmt":"2025-10-22T03:14:45","guid":{"rendered":"https:\/\/3260.com.ar\/web\/?p=10375"},"modified":"2025-10-22T00:14:49","modified_gmt":"2025-10-22T03:14:49","slug":"comuna-tala-podria-ser-municipalidad","status":"publish","type":"post","link":"https:\/\/3260.com.ar\/web\/comuna-tala-podria-ser-municipalidad\/","title":{"rendered":"COMUNA TALA PODR\u00cdA SER MUNICIPALIDAD"},"content":{"rendered":"\n<p>En el marco de la visita realizada por el Gobernador Rogelio Frigerio y comitiva a la obra del reconocido \u201cPuente EL CINTO\u201d en el \u00e1mbito de Comuna Tala, fue recibido por el Presidente comunal Sr Horacio C\u00f3rdoba quien entreg\u00f3 el decreto declar\u00e1ndolo \u201chu\u00e9sped de honor\u201d.&nbsp;<\/p>\n\n\n\n<p>En ronda de prensa, ante la requisitoria period\u00edstica sobre la factibilidad que COMUNA TALA sea elevada al rango de Municipalidad, el mandatario entrerriano expres\u00f3: \u201cSi objetivamente re\u00fane las condiciones lo plantearemos en la legislatura y seguir\u00e1 adelante como corresponde.<\/p>\n\n\n\n<p>En el pasado se pasaron de Juntas de Gobierno a Comunas o de Comunas a Municipalidad por cuestiones pol\u00edticas. Nosotros queremos terminar con esa forma de gobernar.<\/p>\n\n\n\n<p>Hay que replantear la composici\u00f3n de las divisiones pol\u00edticas de la Provincia en t\u00e9rminos de Juntas de Gobiernos, Comunas y Municipios. La verdad es que tenemos municipios con muchos recursos por habitantes y otros en los que son insuficientes.que no alcanzan para nada. Eso es producto de la irresponsabilidad de los gobernantes de las \u00faltimas d\u00e9cadas.<\/p>\n\n\n\n<p>Si somos prolijos, objetivos, ordenados tenemos que cumplir con la Ley, tenemos que ir la legislatura&nbsp; y lo vamos a hacer para que ese derecho se pueda concretar y cristalizar\u201d.<\/p>\n\n\n\n<p>En esta visita el mandatario entrerriano expres\u00f3:&nbsp; \u00abEstamos terminando en pocos d\u00edas un puente, que es el m\u00e1s largo que estamos haciendo hoy en d\u00eda en la provincia\u00bb, afirm\u00f3. Record\u00f3 que el viejo puente se cay\u00f3 en 2019, y expres\u00f3 su alegr\u00eda porque \u00abantes de fin de a\u00f1o esto va poder ser transitado por los vecinos y por la producci\u00f3n\u00bb. Tambi\u00e9n mencion\u00f3 que a\u00fan queda trabajo pendiente en las alcantarillas para garantizar la transitabilidad de este camino, vital para la provincia.\u201d<\/p>\n\n\n\n<p>A su turno el Presidente de Comuna Tala Sr Horacio C\u00f3rdoba sostuvo : \u00abEs un orgullo recibirlo, es la primera vez que nos visita un gobernador; y estamos en un lugar emblem\u00e1tico para nosotros\u00bb, dijo y valor\u00f3 que la gesti\u00f3n de Frigerio permiti\u00f3 retomar la obra paralizada y llevarla a buen t\u00e9rmino: \u00abGracias a la gesti\u00f3n que est\u00e1 haciendo el gobernador Frigerio, este puente va a ser una realidad, ser\u00e1 una tranquilidad poder transitar por este puente que tanto ansiamos\u00bb.<\/p>\n\n\n\n<figure class=\"wp-block-image size-full\"><a href=\"https:\/\/3260.com.ar\/web\/wp-content\/uploads\/2025\/10\/image-68.png\"><img loading=\"lazy\" decoding=\"async\" width=\"862\" height=\"413\" src=\"https:\/\/3260.com.ar\/web\/wp-content\/uploads\/2025\/10\/image-68.png\" alt=\"\" class=\"wp-image-10380\" srcset=\"https:\/\/3260.com.ar\/web\/wp-content\/uploads\/2025\/10\/image-68.png 862w, https:\/\/3260.com.ar\/web\/wp-content\/uploads\/2025\/10\/image-68-300x144.png 300w, https:\/\/3260.com.ar\/web\/wp-content\/uploads\/2025\/10\/image-68-768x368.png 768w\" sizes=\"auto, (max-width: 862px) 100vw, 862px\" \/><\/a><\/figure>\n\n\n\n<figure class=\"wp-block-image size-full\"><a href=\"https:\/\/3260.com.ar\/web\/wp-content\/uploads\/2025\/10\/image-69.png\"><img loading=\"lazy\" decoding=\"async\" width=\"814\" height=\"533\" src=\"https:\/\/3260.com.ar\/web\/wp-content\/uploads\/2025\/10\/image-69.png\" alt=\"\" class=\"wp-image-10381\" srcset=\"https:\/\/3260.com.ar\/web\/wp-content\/uploads\/2025\/10\/image-69.png 814w, https:\/\/3260.com.ar\/web\/wp-content\/uploads\/2025\/10\/image-69-300x196.png 300w, https:\/\/3260.com.ar\/web\/wp-content\/uploads\/2025\/10\/image-69-768x503.png 768w\" sizes=\"auto, (max-width: 814px) 100vw, 814px\" \/><\/a><\/figure>\n\n\n\n<figure class=\"wp-block-image size-large\"><a href=\"https:\/\/3260.com.ar\/web\/wp-content\/uploads\/2025\/10\/image-66.png\"><img loading=\"lazy\" decoding=\"async\" width=\"1024\" height=\"557\" src=\"https:\/\/3260.com.ar\/web\/wp-content\/uploads\/2025\/10\/image-66-1024x557.png\" alt=\"\" class=\"wp-image-10378\" srcset=\"https:\/\/3260.com.ar\/web\/wp-content\/uploads\/2025\/10\/image-66-1024x557.png 1024w, https:\/\/3260.com.ar\/web\/wp-content\/uploads\/2025\/10\/image-66-300x163.png 300w, https:\/\/3260.com.ar\/web\/wp-content\/uploads\/2025\/10\/image-66-768x418.png 768w, https:\/\/3260.com.ar\/web\/wp-content\/uploads\/2025\/10\/image-66.png 1098w\" sizes=\"auto, (max-width: 1024px) 100vw, 1024px\" \/><\/a><\/figure>\n\n\n\n<p>El nuevo puente \u00abEL CINTO\u00bb tiene una extensi\u00f3n superior a 400 metros.<\/p>\n\n\n\n<figure class=\"wp-block-image size-large\"><a href=\"https:\/\/3260.com.ar\/web\/wp-content\/uploads\/2025\/10\/image-67.png\"><img loading=\"lazy\" decoding=\"async\" width=\"1024\" height=\"499\" src=\"https:\/\/3260.com.ar\/web\/wp-content\/uploads\/2025\/10\/image-67-1024x499.png\" alt=\"\" class=\"wp-image-10379\" srcset=\"https:\/\/3260.com.ar\/web\/wp-content\/uploads\/2025\/10\/image-67-1024x499.png 1024w, https:\/\/3260.com.ar\/web\/wp-content\/uploads\/2025\/10\/image-67-300x146.png 300w, https:\/\/3260.com.ar\/web\/wp-content\/uploads\/2025\/10\/image-67-768x375.png 768w, https:\/\/3260.com.ar\/web\/wp-content\/uploads\/2025\/10\/image-67.png 1140w\" sizes=\"auto, (max-width: 1024px) 100vw, 1024px\" \/><\/a><\/figure>\n\n\n\n<p>Resto de la estructura del antiguo puente.<\/p>\n\n\n\n<p>En el link siguiente se pueden leer publicaciones realizadas en este medio sobre los distintos avances de esta obra <a href=\"https:\/\/3260.com.ar\/web\/puente-el-cinto-avanza-su-construccion\/\" data-type=\"link\" data-id=\"https:\/\/3260.com.ar\/web\/puente-el-cinto-avanza-su-construccion\/\">https:\/\/3260.com.ar\/web\/puente-el-cinto-avanza-su-construccion\/<\/a><\/p>\n\n\n\n<p>La recorrida de Frigerio, C\u00f3rdoba acompa\u00f1ados de vecinos y funcionarios se puede ver en el v\u00ednculo que se ofrece a continuaci\u00f3n <a href=\"https:\/\/www.facebook.com\/reel\/659433830343831\" data-type=\"link\" data-id=\"https:\/\/www.facebook.com\/reel\/659433830343831\">https:\/\/www.facebook.com\/reel\/659433830343831<\/a><\/p>\n\n\n\n<figure class=\"wp-block-image size-large\"><a href=\"https:\/\/3260.com.ar\/web\/wp-content\/uploads\/2025\/10\/image-70.png\"><img loading=\"lazy\" decoding=\"async\" width=\"1024\" height=\"602\" src=\"https:\/\/3260.com.ar\/web\/wp-content\/uploads\/2025\/10\/image-70-1024x602.png\" alt=\"\" class=\"wp-image-10382\" srcset=\"https:\/\/3260.com.ar\/web\/wp-content\/uploads\/2025\/10\/image-70-1024x602.png 1024w, https:\/\/3260.com.ar\/web\/wp-content\/uploads\/2025\/10\/image-70-300x176.png 300w, https:\/\/3260.com.ar\/web\/wp-content\/uploads\/2025\/10\/image-70-768x451.png 768w, https:\/\/3260.com.ar\/web\/wp-content\/uploads\/2025\/10\/image-70.png 1128w\" sizes=\"auto, (max-width: 1024px) 100vw, 1024px\" \/><\/a><\/figure>\n","protected":false},"excerpt":{"rendered":"<p>En el marco de la visita realizada por el Gobernador Rogelio Frigerio y comitiva a la obra del reconocido \u201cPuente EL CINTO\u201d en el \u00e1mbito de Comuna Tala, fue recibido por el Presidente comunal Sr Horacio C\u00f3rdoba quien entreg\u00f3 el decreto declar\u00e1ndolo \u201chu\u00e9sped de honor\u201d.&nbsp; En ronda de prensa, ante la requisitoria period\u00edstica sobre la [&hellip;]<\/p>\n","protected":false},"author":3,"featured_media":10376,"comment_status":"closed","ping_status":"closed","sticky":false,"template":"","format":"standard","meta":{"_jetpack_memberships_contains_paid_content":false,"footnotes":"","jetpack_publicize_message":"","jetpack_publicize_feature_enabled":true,"jetpack_social_post_already_shared":true,"jetpack_social_options":{"image_generator_settings":{"template":"highway","default_image_id":0,"enabled":false},"version":2}},"categories":[613,175],"tags":[60,773,2895,2894,1241],"class_list":["post-10375","post","type-post","status-publish","format-standard","has-post-thumbnail","hentry","category-generales","category-turismo","tag-60","tag-comuna-tala","tag-comuna-tala-municipalidad","tag-frigerio-en-comuna-tala","tag-puente-el-cinto"],"jetpack_publicize_connections":[],"jetpack_featured_media_url":"https:\/\/3260.com.ar\/web\/wp-content\/uploads\/2025\/10\/Comuna-Tala-logo.jpg","jetpack_sharing_enabled":true,"_links":{"self":[{"href":"https:\/\/3260.com.ar\/web\/wp-json\/wp\/v2\/posts\/10375","targetHints":{"allow":["GET"]}}],"collection":[{"href":"https:\/\/3260.com.ar\/web\/wp-json\/wp\/v2\/posts"}],"about":[{"href":"https:\/\/3260.com.ar\/web\/wp-json\/wp\/v2\/types\/post"}],"author":[{"embeddable":true,"href":"https:\/\/3260.com.ar\/web\/wp-json\/wp\/v2\/users\/3"}],"replies":[{"embeddable":true,"href":"https:\/\/3260.com.ar\/web\/wp-json\/wp\/v2\/comments?post=10375"}],"version-history":[{"count":1,"href":"https:\/\/3260.com.ar\/web\/wp-json\/wp\/v2\/posts\/10375\/revisions"}],"predecessor-version":[{"id":10383,"href":"https:\/\/3260.com.ar\/web\/wp-json\/wp\/v2\/posts\/10375\/revisions\/10383"}],"wp:featuredmedia":[{"embeddable":true,"href":"https:\/\/3260.com.ar\/web\/wp-json\/wp\/v2\/media\/10376"}],"wp:attachment":[{"href":"https:\/\/3260.com.ar\/web\/wp-json\/wp\/v2\/media?parent=10375"}],"wp:term":[{"taxonomy":"category","embeddable":true,"href":"https:\/\/3260.com.ar\/web\/wp-json\/wp\/v2\/categories?post=10375"},{"taxonomy":"post_tag","embeddable":true,"href":"https:\/\/3260.com.ar\/web\/wp-json\/wp\/v2\/tags?post=10375"}],"curies":[{"name":"wp","href":"https:\/\/api.w.org\/{rel}","templated":true}]}}