{"id":10414,"date":"2025-10-29T00:02:00","date_gmt":"2025-10-29T03:02:00","guid":{"rendered":"https:\/\/3260.com.ar\/web\/?p=10414"},"modified":"2025-10-25T22:54:57","modified_gmt":"2025-10-26T01:54:57","slug":"aldana-masset-viajo-como-representante-argentina-en-miss-universo-2025","status":"publish","type":"post","link":"https:\/\/3260.com.ar\/web\/aldana-masset-viajo-como-representante-argentina-en-miss-universo-2025\/","title":{"rendered":"ALDANA MASSET VIAJ\u00d3 COMO REPRESENTANTE ARGENTINA EN MISS UNIVERSO 2025"},"content":{"rendered":"\n<p>Aldana es oriunda de Valle Mar\u00eda (Departamento Diamante, Entre R\u00edos), desde peque\u00f1a so\u00f1\u00f3 con ser cantante y modelo, con  el apoyo de su familia, amigos y la provincia de Entre R\u00edos, Masset est\u00e1 lista para dejar una huella en uno de los cert\u00e1menes de belleza m\u00e1s prestigiosos del mundo.<\/p>\n\n\n\n<p>En Tailandia para competir\u00e1 en la edici\u00f3n 74 del certamen Miss Universo. La final ser\u00e1 el 21 de noviembre de 2025.<\/p>\n\n\n\n<figure class=\"wp-block-image size-full\"><a href=\"https:\/\/3260.com.ar\/web\/wp-content\/uploads\/2025\/10\/image-85.png\"><img loading=\"lazy\" decoding=\"async\" width=\"557\" height=\"713\" src=\"https:\/\/3260.com.ar\/web\/wp-content\/uploads\/2025\/10\/image-85.png\" alt=\"\" class=\"wp-image-10416\" srcset=\"https:\/\/3260.com.ar\/web\/wp-content\/uploads\/2025\/10\/image-85.png 557w, https:\/\/3260.com.ar\/web\/wp-content\/uploads\/2025\/10\/image-85-234x300.png 234w\" sizes=\"auto, (max-width: 557px) 100vw, 557px\" \/><\/a><\/figure>\n\n\n\n<p>En sus redes sociales expres\u00f3: \u00abNo puedo explicar la emoci\u00f3n que siento al pensar en todo lo que signific\u00f3 este camino: meses de trabajo, disciplina, entrega y mucho coraz\u00f3n. Cada paso, cada desaf\u00edo y cada aprendizaje me trajeron hasta ac\u00e1.<\/p>\n\n\n\n<p>Este proceso me ense\u00f1\u00f3 que cuando uno trabaja con pasi\u00f3n y cree de verdad en su prop\u00f3sito, las cosas m\u00e1s lindas comienzan a suceder.<\/p>\n\n\n\n<p>Hoy miro atr\u00e1s y me emociona ver cu\u00e1nto crec\u00ed, cu\u00e1nto aprend\u00ed y todo lo que este sue\u00f1o despert\u00f3 en m\u00ed. No fue un camino f\u00e1cil, pero cada esfuerzo vali\u00f3 la pena.<br>Parto con el coraz\u00f3n lleno de gratitud, con el alma encendida y con la promesa de dejar a mi pa\u00eds en alto, llevando conmigo el amor de todos ustedes y la fuerza de cada persona que crey\u00f3 en m\u00ed. Gracias por ser parte de esto!!!<br>Hoy m\u00e1s que nunca soy ARGENTINA\u00bb<\/p>\n\n\n\n<figure class=\"wp-block-image size-full\"><a href=\"https:\/\/3260.com.ar\/web\/wp-content\/uploads\/2025\/10\/image-84.png\"><img loading=\"lazy\" decoding=\"async\" width=\"602\" height=\"604\" src=\"https:\/\/3260.com.ar\/web\/wp-content\/uploads\/2025\/10\/image-84.png\" alt=\"\" class=\"wp-image-10415\" srcset=\"https:\/\/3260.com.ar\/web\/wp-content\/uploads\/2025\/10\/image-84.png 602w, https:\/\/3260.com.ar\/web\/wp-content\/uploads\/2025\/10\/image-84-300x300.png 300w, https:\/\/3260.com.ar\/web\/wp-content\/uploads\/2025\/10\/image-84-150x150.png 150w, https:\/\/3260.com.ar\/web\/wp-content\/uploads\/2025\/10\/image-84-80x80.png 80w\" sizes=\"auto, (max-width: 602px) 100vw, 602px\" \/><\/a><\/figure>\n","protected":false},"excerpt":{"rendered":"<p>Aldana es oriunda de Valle Mar\u00eda (Departamento Diamante, Entre R\u00edos), desde peque\u00f1a so\u00f1\u00f3 con ser cantante y modelo, con el apoyo de su familia, amigos y la provincia de Entre R\u00edos, Masset est\u00e1 lista para dejar una huella en uno de los cert\u00e1menes de belleza m\u00e1s prestigiosos del mundo. En Tailandia para competir\u00e1 en la [&hellip;]<\/p>\n","protected":false},"author":3,"featured_media":10417,"comment_status":"closed","ping_status":"closed","sticky":false,"template":"","format":"standard","meta":{"_jetpack_memberships_contains_paid_content":false,"footnotes":"","jetpack_publicize_message":"","jetpack_publicize_feature_enabled":true,"jetpack_social_post_already_shared":true,"jetpack_social_options":{"image_generator_settings":{"template":"highway","default_image_id":0,"enabled":false},"version":2}},"categories":[174],"tags":[60,2904,2905],"class_list":["post-10414","post","type-post","status-publish","format-standard","has-post-thumbnail","hentry","category-cultura","tag-60","tag-aldana-masset","tag-miss-universo-2025"],"jetpack_publicize_connections":[],"jetpack_featured_media_url":"https:\/\/3260.com.ar\/web\/wp-content\/uploads\/2025\/10\/Aldana-Masset.jpg","jetpack_sharing_enabled":true,"_links":{"self":[{"href":"https:\/\/3260.com.ar\/web\/wp-json\/wp\/v2\/posts\/10414","targetHints":{"allow":["GET"]}}],"collection":[{"href":"https:\/\/3260.com.ar\/web\/wp-json\/wp\/v2\/posts"}],"about":[{"href":"https:\/\/3260.com.ar\/web\/wp-json\/wp\/v2\/types\/post"}],"author":[{"embeddable":true,"href":"https:\/\/3260.com.ar\/web\/wp-json\/wp\/v2\/users\/3"}],"replies":[{"embeddable":true,"href":"https:\/\/3260.com.ar\/web\/wp-json\/wp\/v2\/comments?post=10414"}],"version-history":[{"count":1,"href":"https:\/\/3260.com.ar\/web\/wp-json\/wp\/v2\/posts\/10414\/revisions"}],"predecessor-version":[{"id":10418,"href":"https:\/\/3260.com.ar\/web\/wp-json\/wp\/v2\/posts\/10414\/revisions\/10418"}],"wp:featuredmedia":[{"embeddable":true,"href":"https:\/\/3260.com.ar\/web\/wp-json\/wp\/v2\/media\/10417"}],"wp:attachment":[{"href":"https:\/\/3260.com.ar\/web\/wp-json\/wp\/v2\/media?parent=10414"}],"wp:term":[{"taxonomy":"category","embeddable":true,"href":"https:\/\/3260.com.ar\/web\/wp-json\/wp\/v2\/categories?post=10414"},{"taxonomy":"post_tag","embeddable":true,"href":"https:\/\/3260.com.ar\/web\/wp-json\/wp\/v2\/tags?post=10414"}],"curies":[{"name":"wp","href":"https:\/\/api.w.org\/{rel}","templated":true}]}}