{"id":10604,"date":"2025-11-26T00:01:00","date_gmt":"2025-11-26T03:01:00","guid":{"rendered":"https:\/\/3260.com.ar\/web\/?p=10604"},"modified":"2025-11-24T13:27:34","modified_gmt":"2025-11-24T16:27:34","slug":"dia-nacional-del-humorista","status":"publish","type":"post","link":"https:\/\/3260.com.ar\/web\/dia-nacional-del-humorista\/","title":{"rendered":"DIA NACIONAL DEL HUMORISTA"},"content":{"rendered":"\n<p>El 26 de Noviembre se celebra el D\u00eda Nacional del Humorista en la Rep\u00fablica Argentina. El pa\u00eds tiene una hist\u00f3rica tradici\u00f3n con el humor, teniendo a los m\u00e1s grandes comediantes de habla hispana, que supieron combinar y utilizar las variaciones del lenguaje y el ingenio popular para hacer re\u00edr a generaciones.<\/p>\n\n\n\n<p>La fecha elegida hace honor al nacimiento de Roberto \u00abel negro\u00bb Fontanarrosa, el 26 de Noviembre de 1944, siendo uno de los escritores m\u00e1s importantes del pa\u00eds, que adem\u00e1s de ser un referente de la literatura futbol\u00edstica, dej\u00f3 grandes obras, en cuanto a escritos e historietas de un legado humor\u00edstico que, luego, otros supieron llevar adelante.<\/p>\n\n\n\n<figure class=\"wp-block-image size-full\"><a href=\"https:\/\/3260.com.ar\/web\/wp-content\/uploads\/2025\/11\/image-59.png\"><img loading=\"lazy\" decoding=\"async\" width=\"736\" height=\"416\" src=\"https:\/\/3260.com.ar\/web\/wp-content\/uploads\/2025\/11\/image-59.png\" alt=\"\" class=\"wp-image-10605\" srcset=\"https:\/\/3260.com.ar\/web\/wp-content\/uploads\/2025\/11\/image-59.png 736w, https:\/\/3260.com.ar\/web\/wp-content\/uploads\/2025\/11\/image-59-300x170.png 300w\" sizes=\"auto, (max-width: 736px) 100vw, 736px\" \/><\/a><\/figure>\n\n\n\n<p>Fontanarrosa sigui\u00f3 escribiendo a\u00fan luego de ser diagnosticado con ELA (esclerosis lateral amiotr\u00f3fica). Su testimonio de vida, su lucidez y su calidez lo convirtieron en una figura muy querida. En 2004 particip\u00f3 en el III Congreso Internacional de la Lengua Espa\u00f1ola, donde desarroll\u00f3 su exposici\u00f3n sobre las malas palabras. All\u00ed se\u00f1al\u00f3: \u201cLa pregunta que ahora me hago es por qu\u00e9 son malas las malas palabras. O sea, qui\u00e9n las define. Por qu\u00e9, qu\u00e9 actitud tienen las malas palabras. \u00bfLe pegan a las otras palabras?\u00bb.<\/p>\n\n\n\n<p>El 26 de abril de 2006, el Senado de la Naci\u00f3n le entreg\u00f3 la Menci\u00f3n de Honor Domingo Faustino Sarmiento, en reconocimiento a su vasta trayectoria y aportes a la cultura argentina y ese mismo a\u00f1o recibi\u00f3 en la Feria Internacional del Libro en Guadalajara (M\u00e9xico) el premio \u00abLa Catrina\u00bb, reconocimiento que cada a\u00f1o se entrega en el Encuentro Internacional de Caricatura e Historieta. Tambi\u00e9n recibi\u00f3 el Premio Konex de Platino en 1994 y el Diploma al M\u00e9rito en 1992, 2004 y 2012 (este \u00faltimo in memoriam). En 2014, por ordenanza del Concejo Municipal de Rosario, su casa natal fue declarada esquina \u201cRoberto Fontanarrosa\u201d.<\/p>\n\n\n\n<figure class=\"wp-block-image size-full\"><a href=\"https:\/\/3260.com.ar\/web\/wp-content\/uploads\/2025\/11\/image-61.png\"><img loading=\"lazy\" decoding=\"async\" width=\"979\" height=\"547\" src=\"https:\/\/3260.com.ar\/web\/wp-content\/uploads\/2025\/11\/image-61.png\" alt=\"\" class=\"wp-image-10607\" srcset=\"https:\/\/3260.com.ar\/web\/wp-content\/uploads\/2025\/11\/image-61.png 979w, https:\/\/3260.com.ar\/web\/wp-content\/uploads\/2025\/11\/image-61-300x168.png 300w, https:\/\/3260.com.ar\/web\/wp-content\/uploads\/2025\/11\/image-61-768x429.png 768w\" sizes=\"auto, (max-width: 979px) 100vw, 979px\" \/><\/a><\/figure>\n\n\n\n<p>El 17 de noviembre de 2004 en el marco del Congreso Internacional de la Lengua Espa\u00f1ola (en Rosario), una edici\u00f3n que pas\u00f3 a la historia, por la brillante exposici\u00f3n del escritor y humorista local Roberto Fontanarrosa.<br>A continuaci\u00f3n el video de aquel momento <a href=\"https:\/\/youtu.be\/ysWHM-p_ssQ?si=w0YjvEogfhIPs_LZ\" data-type=\"link\" data-id=\"https:\/\/youtu.be\/ysWHM-p_ssQ?si=w0YjvEogfhIPs_LZ\">https:\/\/youtu.be\/ysWHM-p_ssQ?si=w0YjvEogfhIPs_LZ<\/a><\/p>\n\n\n\n<p><\/p>\n","protected":false},"excerpt":{"rendered":"<p>El 26 de Noviembre se celebra el D\u00eda Nacional del Humorista en la Rep\u00fablica Argentina. El pa\u00eds tiene una hist\u00f3rica tradici\u00f3n con el humor, teniendo a los m\u00e1s grandes comediantes de habla hispana, que supieron combinar y utilizar las variaciones del lenguaje y el ingenio popular para hacer re\u00edr a generaciones. La fecha elegida hace [&hellip;]<\/p>\n","protected":false},"author":3,"featured_media":10608,"comment_status":"closed","ping_status":"closed","sticky":false,"template":"","format":"standard","meta":{"_jetpack_memberships_contains_paid_content":false,"footnotes":"","jetpack_publicize_message":"","jetpack_publicize_feature_enabled":true,"jetpack_social_post_already_shared":true,"jetpack_social_options":{"image_generator_settings":{"template":"highway","default_image_id":0,"enabled":false},"version":2}},"categories":[174],"tags":[60,2958,2959],"class_list":["post-10604","post","type-post","status-publish","format-standard","has-post-thumbnail","hentry","category-cultura","tag-60","tag-dia-del-humorista","tag-roberto-fontanarrosa"],"jetpack_publicize_connections":[],"jetpack_featured_media_url":"https:\/\/3260.com.ar\/web\/wp-content\/uploads\/2025\/11\/RobertoFontanarrosa.jpg","jetpack_sharing_enabled":true,"_links":{"self":[{"href":"https:\/\/3260.com.ar\/web\/wp-json\/wp\/v2\/posts\/10604","targetHints":{"allow":["GET"]}}],"collection":[{"href":"https:\/\/3260.com.ar\/web\/wp-json\/wp\/v2\/posts"}],"about":[{"href":"https:\/\/3260.com.ar\/web\/wp-json\/wp\/v2\/types\/post"}],"author":[{"embeddable":true,"href":"https:\/\/3260.com.ar\/web\/wp-json\/wp\/v2\/users\/3"}],"replies":[{"embeddable":true,"href":"https:\/\/3260.com.ar\/web\/wp-json\/wp\/v2\/comments?post=10604"}],"version-history":[{"count":1,"href":"https:\/\/3260.com.ar\/web\/wp-json\/wp\/v2\/posts\/10604\/revisions"}],"predecessor-version":[{"id":10609,"href":"https:\/\/3260.com.ar\/web\/wp-json\/wp\/v2\/posts\/10604\/revisions\/10609"}],"wp:featuredmedia":[{"embeddable":true,"href":"https:\/\/3260.com.ar\/web\/wp-json\/wp\/v2\/media\/10608"}],"wp:attachment":[{"href":"https:\/\/3260.com.ar\/web\/wp-json\/wp\/v2\/media?parent=10604"}],"wp:term":[{"taxonomy":"category","embeddable":true,"href":"https:\/\/3260.com.ar\/web\/wp-json\/wp\/v2\/categories?post=10604"},{"taxonomy":"post_tag","embeddable":true,"href":"https:\/\/3260.com.ar\/web\/wp-json\/wp\/v2\/tags?post=10604"}],"curies":[{"name":"wp","href":"https:\/\/api.w.org\/{rel}","templated":true}]}}