{"id":10626,"date":"2025-11-27T21:40:37","date_gmt":"2025-11-28T00:40:37","guid":{"rendered":"https:\/\/3260.com.ar\/web\/?p=10626"},"modified":"2025-11-27T22:01:12","modified_gmt":"2025-11-28T01:01:12","slug":"concepcion-del-uruguay-volvio-a-ser-sede-de-la-camara-de-diputados-provincial","status":"publish","type":"post","link":"https:\/\/3260.com.ar\/web\/concepcion-del-uruguay-volvio-a-ser-sede-de-la-camara-de-diputados-provincial\/","title":{"rendered":"CONCEPCI\u00d3N DEL URUGUAY VOLVI\u00d3 A SER SEDE DE LA C\u00c1MARA DE DIPUTADOS PROVINCIAL LUEGO DE 165 A\u00d1OS."},"content":{"rendered":"\n<p>La C\u00e1mara de Diputados de Entre R\u00edos sesion\u00f3 este mi\u00e9rcoles en el <a><\/a>Colegio del Uruguay \u201cJusto Jos\u00e9 de Urquiza\u201d, en homenaje a la primera sesi\u00f3n que la legislatura entrerriana realiz\u00f3 en este establecimiento, el 17 de junio de 1860, hace 165 a\u00f1os.<\/p>\n\n\n\n<p>La sesi\u00f3n especial, hist\u00f3rica y sin precedentes, form\u00f3 parte de una jornada homenaje encabezada por el gobernador, Rogelio Frigerio; la vicegobernadora, Alicia Aluani; el intendente, Jos\u00e9 Lauritto; y el presidente de la C\u00e1mara de Diputados, Gustavo Hein.<\/p>\n\n\n\n<p>La jornada comenz\u00f3 con un acto de apertura realizado en el patio, tras lo cual se ofreci\u00f3 la conferencia \u201cLa ciudad que salv\u00f3 el Congreso Constituyente de 1852\u201d, a cargo del profesor Orlando Busiello. Le sigui\u00f3 la reuni\u00f3n de comisiones y finalmente la sesi\u00f3n especial en el sal\u00f3n de actos \u201cAlejo Peyret\u201d, donde se trataron los temas correspondientes a la orden del d\u00eda.<\/p>\n\n\n\n<p>Lauritto agradeci\u00f3 este reconocimiento al Colegio del Uruguay y rese\u00f1\u00f3 que \u201custedes est\u00e1n en un lugar que se constituye en el primer colegio laico y gratuito de todos los argentinos. Cuando el art\u00edculo 5\u00b0 de la Constituci\u00f3n Nacional le se\u00f1al\u00f3 a las provincias la facultad de poder dictar sus propias constituciones en 1853, se requer\u00eda que entre otras cosas asegurara la educaci\u00f3n primaria. Cuatro a\u00f1os antes de ello, ya este Colegio Nacional ofrec\u00eda educaci\u00f3n secundaria para todos los argentinos. Esa es la raz\u00f3n por la cual tucumanos como Julio Argentino Roca, salte\u00f1os como Victorino De la Plaza y correntinos como Arturo Frondizi estudiaron en este lugar\u201d.<\/p>\n\n\n\n<p>Lauritto tambi\u00e9n record\u00f3 que, en 2008 y delante del Colegio, se jur\u00f3 la reformada Constituci\u00f3n de Entre R\u00edos. Asimismo, trajo a la memoria que en el sal\u00f3n de actos \u201cnaci\u00f3 la Universidad Nacional de Entre R\u00edos; naci\u00f3 la primera carrera de la Universidad de Concepci\u00f3n del Uruguay, Ciencias Econ\u00f3micas; en ese lugar naci\u00f3 la Facultad Regional de la Universidad Tecnol\u00f3gica Nacional\u201d.<\/p>\n\n\n\n<p>Finalmente el Intendente indic\u00f3: \u201cFelicito a los que pusieron el cuerpo para que esto sea posible, agradezco al Colegio de Uruguay que hayan abierto las puertas, porque este lugar tiene que ver con la fundaci\u00f3n de la Argentina. Porque a la frase alberdina \u2018gobernar es poblar\u2019, le sigui\u00f3 la de Sarmiento \u2018educar al soberano\u2019, y le sigui\u00f3 otra frase de las entidades gremiales: \u2018cultivar el campo\u2019. Con esas tres consignas, Argentina se constituy\u00f3 en una naci\u00f3n, pero todo eso se construy\u00f3 con el genio de Urquiza, desde este lugar\u201d.<\/p>\n\n\n\n<p>El legado de Urquiza<\/p>\n\n\n\n<p>El Gobernador Rogelio Frigerio destac\u00f3 el legado educativo de Urquiza, que se manifiesta en el Colegio, conocido como \u201cel heredero\u201d de quien llegara a ser Presidente de la Confederaci\u00f3n Argentina. Sin embargo, \u201cLa educaci\u00f3n no es el \u00fanico legado que nos dej\u00f3 Urquiza\u2026 \u00c9l sab\u00eda muy bien algo que hoy en d\u00eda entendemos cada vez con m\u00e1s claridad: sin instituciones republicanas s\u00f3lidas, no hay desarrollo. Esto no implica que estemos de acuerdo en todo, esta legislatura es testigo de la diversidad que existe en nuestra provincia. Entre R\u00edos naci\u00f3 plural, es hija de la diversidad, producto de las m\u00faltiples corrientes migratorias que recibi\u00f3\u201d, expres\u00f3 Frigerio.<\/p>\n\n\n\n<p>\u201cHoy, en este Colegio que \u00e9l fund\u00f3, en esta ciudad que \u00e9l am\u00f3 y en este recinto, estamos haciendo m\u00e1s que un homenaje: estamos reafirmando nuestra identidad, nuestra historia y nuestra capacidad de unirnos por algo m\u00e1s grande que cualquiera de nosotros\u201d, finaliz\u00f3.<\/p>\n\n\n\n<p><strong><em>La primera sesi\u00f3n<\/em><\/strong>:<\/p>\n\n\n\n<p>La Legislatura entrerriana se reuni\u00f3 por primera vez en 1860. Con la sanci\u00f3n de una nueva Constituci\u00f3n Provincial, Concepci\u00f3n del Uruguay recobr\u00f3 su condici\u00f3n de capital entrerriana. La Convenci\u00f3n Constituyente eligi\u00f3 al nuevo Gobernador bajo el flamante r\u00e9gimen constitucional, consagr\u00e1ndose la continuidad de Urquiza. Luego, se realiz\u00f3 la convocatoria para que el pueblo de los departamentos eligiese a sus diputados. La sesi\u00f3n preparatoria de la nueva Legislatura fue el 17 de junio de 1860, permaneciendo el Colegio Superior como sede del Poder Legislativo durante todo el per\u00edodo en que Concepci\u00f3n del Uruguay fue capital de la provincia, hasta 1883.<\/p>\n\n\n\n<figure class=\"wp-block-image size-large\"><a href=\"https:\/\/3260.com.ar\/web\/wp-content\/uploads\/2025\/11\/image-67.png\"><img loading=\"lazy\" decoding=\"async\" width=\"1024\" height=\"683\" src=\"https:\/\/3260.com.ar\/web\/wp-content\/uploads\/2025\/11\/image-67-1024x683.png\" alt=\"\" class=\"wp-image-10628\" srcset=\"https:\/\/3260.com.ar\/web\/wp-content\/uploads\/2025\/11\/image-67-1024x683.png 1024w, https:\/\/3260.com.ar\/web\/wp-content\/uploads\/2025\/11\/image-67-300x200.png 300w, https:\/\/3260.com.ar\/web\/wp-content\/uploads\/2025\/11\/image-67-768x512.png 768w, https:\/\/3260.com.ar\/web\/wp-content\/uploads\/2025\/11\/image-67-1536x1024.png 1536w, https:\/\/3260.com.ar\/web\/wp-content\/uploads\/2025\/11\/image-67.png 1920w\" sizes=\"auto, (max-width: 1024px) 100vw, 1024px\" \/><\/a><\/figure>\n\n\n\n<figure class=\"wp-block-image size-large\"><a href=\"https:\/\/3260.com.ar\/web\/wp-content\/uploads\/2025\/11\/image-68.png\"><img loading=\"lazy\" decoding=\"async\" width=\"1024\" height=\"703\" src=\"https:\/\/3260.com.ar\/web\/wp-content\/uploads\/2025\/11\/image-68-1024x703.png\" alt=\"\" class=\"wp-image-10629\" srcset=\"https:\/\/3260.com.ar\/web\/wp-content\/uploads\/2025\/11\/image-68-1024x703.png 1024w, https:\/\/3260.com.ar\/web\/wp-content\/uploads\/2025\/11\/image-68-300x206.png 300w, https:\/\/3260.com.ar\/web\/wp-content\/uploads\/2025\/11\/image-68-768x527.png 768w, https:\/\/3260.com.ar\/web\/wp-content\/uploads\/2025\/11\/image-68.png 1500w\" sizes=\"auto, (max-width: 1024px) 100vw, 1024px\" \/><\/a><\/figure>\n","protected":false},"excerpt":{"rendered":"<p>La C\u00e1mara de Diputados de Entre R\u00edos sesion\u00f3 este mi\u00e9rcoles en el Colegio del Uruguay \u201cJusto Jos\u00e9 de Urquiza\u201d, en homenaje a la primera sesi\u00f3n que la legislatura entrerriana realiz\u00f3 en este establecimiento, el 17 de junio de 1860, hace 165 a\u00f1os. La sesi\u00f3n especial, hist\u00f3rica y sin precedentes, form\u00f3 parte de una jornada homenaje [&hellip;]<\/p>\n","protected":false},"author":3,"featured_media":10627,"comment_status":"closed","ping_status":"closed","sticky":false,"template":"","format":"standard","meta":{"_jetpack_memberships_contains_paid_content":false,"footnotes":"","jetpack_publicize_message":"","jetpack_publicize_feature_enabled":true,"jetpack_social_post_already_shared":true,"jetpack_social_options":{"image_generator_settings":{"template":"highway","default_image_id":0,"enabled":false},"version":2}},"categories":[176],"tags":[60,2964,2963],"class_list":["post-10626","post","type-post","status-publish","format-standard","has-post-thumbnail","hentry","category-educacion","tag-60","tag-camara-de-diputados-en-concepcion-del-uruguay","tag-diputados-sesionaron-en-colegio-uruguay"],"jetpack_publicize_connections":[],"jetpack_featured_media_url":"https:\/\/3260.com.ar\/web\/wp-content\/uploads\/2025\/11\/Colegio-uruguay3.jpg","jetpack_sharing_enabled":true,"_links":{"self":[{"href":"https:\/\/3260.com.ar\/web\/wp-json\/wp\/v2\/posts\/10626","targetHints":{"allow":["GET"]}}],"collection":[{"href":"https:\/\/3260.com.ar\/web\/wp-json\/wp\/v2\/posts"}],"about":[{"href":"https:\/\/3260.com.ar\/web\/wp-json\/wp\/v2\/types\/post"}],"author":[{"embeddable":true,"href":"https:\/\/3260.com.ar\/web\/wp-json\/wp\/v2\/users\/3"}],"replies":[{"embeddable":true,"href":"https:\/\/3260.com.ar\/web\/wp-json\/wp\/v2\/comments?post=10626"}],"version-history":[{"count":2,"href":"https:\/\/3260.com.ar\/web\/wp-json\/wp\/v2\/posts\/10626\/revisions"}],"predecessor-version":[{"id":10631,"href":"https:\/\/3260.com.ar\/web\/wp-json\/wp\/v2\/posts\/10626\/revisions\/10631"}],"wp:featuredmedia":[{"embeddable":true,"href":"https:\/\/3260.com.ar\/web\/wp-json\/wp\/v2\/media\/10627"}],"wp:attachment":[{"href":"https:\/\/3260.com.ar\/web\/wp-json\/wp\/v2\/media?parent=10626"}],"wp:term":[{"taxonomy":"category","embeddable":true,"href":"https:\/\/3260.com.ar\/web\/wp-json\/wp\/v2\/categories?post=10626"},{"taxonomy":"post_tag","embeddable":true,"href":"https:\/\/3260.com.ar\/web\/wp-json\/wp\/v2\/tags?post=10626"}],"curies":[{"name":"wp","href":"https:\/\/api.w.org\/{rel}","templated":true}]}}