{"id":10639,"date":"2025-12-01T00:01:00","date_gmt":"2025-12-01T03:01:00","guid":{"rendered":"https:\/\/3260.com.ar\/web\/?p=10639"},"modified":"2025-11-29T00:25:12","modified_gmt":"2025-11-29T03:25:12","slug":"asociacion-periodistas-del-departamento-uruguay-a-p-d-u-renovo-autoridades","status":"publish","type":"post","link":"https:\/\/3260.com.ar\/web\/asociacion-periodistas-del-departamento-uruguay-a-p-d-u-renovo-autoridades\/","title":{"rendered":"ASOCIACI\u00d3N PERIODISTAS DEL DEPARTAMENTO URUGUAY (A.P.D.U.) RENOV\u00d3 AUTORIDADES"},"content":{"rendered":"\n<p>La Asociaci\u00f3n de Periodistas del Departamento Uruguay es una entidad que en su seno asocia a periodistas en general independientemente del \u00e1mbito donde desarrolle  su actividad.<\/p>\n\n\n\n<p>Este jueves 27 de noviembre de 2025 por la tarde la Asociaci\u00f3n de Periodistas del Departamento Uruguay (APDU) realiz\u00f3 su Asamblea General Ordinaria donde eligieron sus autoridades. Alejandro Francia, Antonella Delsart y Jorge D\u00edaz fueron elegidos como presidente, vice y secretario respectivamente. El mandato durar\u00e1 hasta 2027.<\/p>\n\n\n\n<p>El encuentro fue en la sede de la Asociaci\u00f3n de Obreros y Empleados Municipales (AOEM). Tras cumplir con los pasos correspondientes aprobaron el Ejercicio y Memoria del presente a\u00f1o, procedieron a elegir entre ellos a quienes dirigir\u00e1n los destinos de la organizaci\u00f3n colectiva que nuclea a los y las periodistas del departamento Uruguay.<\/p>\n\n\n\n<p>La nueva Comisi\u00f3n directiva quedar\u00e1 conformada de la siguiente manera:<\/p>\n\n\n\n<p><strong>Presidente:<\/strong>&nbsp;Alejandro Javier Francia<\/p>\n\n\n\n<p><strong>Vice presidenta:<\/strong>&nbsp;Antonella Bel\u00e9n Delsart<\/p>\n\n\n\n<p><strong>Secretario:<\/strong>&nbsp;Jorge Rub\u00e9n D\u00edaz<\/p>\n\n\n\n<p><strong>Tesorero:<\/strong>&nbsp;Pedro Parpagnoli<\/p>\n\n\n\n<p><strong>Vocales titulares:<\/strong>&nbsp;Mart\u00edn Alejandro Barral y Romina Parejas<\/p>\n\n\n\n<p><strong>Vocales suplentes:<\/strong>&nbsp;Valent\u00edn Emanuel Bisogni, y Norma Beatr\u00edz Ogguier<\/p>\n\n\n\n<p><strong>C<\/strong><strong>omisi\u00f3n Revisora de Cuentas titular<\/strong><strong>:<\/strong>&nbsp;Carlos Ariel Gonz\u00e1lez Dur\u00e9<\/p>\n\n\n\n<p><strong>C<\/strong><strong>omisi\u00f3n Revisora de Cuentas suplente<\/strong><strong>:<\/strong>&nbsp;Daniel C\u00f3rdoba.<\/p>\n\n\n\n<figure class=\"wp-block-image size-large\"><a href=\"https:\/\/3260.com.ar\/web\/wp-content\/uploads\/2025\/11\/image-72.png\"><img loading=\"lazy\" decoding=\"async\" width=\"1024\" height=\"563\" src=\"https:\/\/3260.com.ar\/web\/wp-content\/uploads\/2025\/11\/image-72-1024x563.png\" alt=\"\" class=\"wp-image-10641\" srcset=\"https:\/\/3260.com.ar\/web\/wp-content\/uploads\/2025\/11\/image-72-1024x563.png 1024w, https:\/\/3260.com.ar\/web\/wp-content\/uploads\/2025\/11\/image-72-300x165.png 300w, https:\/\/3260.com.ar\/web\/wp-content\/uploads\/2025\/11\/image-72-768x422.png 768w, https:\/\/3260.com.ar\/web\/wp-content\/uploads\/2025\/11\/image-72.png 1236w\" sizes=\"auto, (max-width: 1024px) 100vw, 1024px\" \/><\/a><\/figure>\n\n\n\n<p class=\"has-small-font-size\">Antonella Delsart  &#8211; Alejandro Francia &#8211; Jorge D\u00edaz<\/p>\n\n\n\n<figure class=\"wp-block-image size-large\"><a href=\"https:\/\/3260.com.ar\/web\/wp-content\/uploads\/2025\/11\/image-73.png\"><img loading=\"lazy\" decoding=\"async\" width=\"1024\" height=\"410\" src=\"https:\/\/3260.com.ar\/web\/wp-content\/uploads\/2025\/11\/image-73-1024x410.png\" alt=\"\" class=\"wp-image-10642\" srcset=\"https:\/\/3260.com.ar\/web\/wp-content\/uploads\/2025\/11\/image-73-1024x410.png 1024w, https:\/\/3260.com.ar\/web\/wp-content\/uploads\/2025\/11\/image-73-300x120.png 300w, https:\/\/3260.com.ar\/web\/wp-content\/uploads\/2025\/11\/image-73-768x307.png 768w, https:\/\/3260.com.ar\/web\/wp-content\/uploads\/2025\/11\/image-73.png 1099w\" sizes=\"auto, (max-width: 1024px) 100vw, 1024px\" \/><\/a><\/figure>\n\n\n\n<p class=\"has-small-font-size\">Socios de APDU al finalizar la Asamblea.<\/p>\n","protected":false},"excerpt":{"rendered":"<p>La Asociaci\u00f3n de Periodistas del Departamento Uruguay es una entidad que en su seno asocia a periodistas en general independientemente del \u00e1mbito donde desarrolle su actividad. Este jueves 27 de noviembre de 2025 por la tarde la Asociaci\u00f3n de Periodistas del Departamento Uruguay (APDU) realiz\u00f3 su Asamblea General Ordinaria donde eligieron sus autoridades. Alejandro Francia, [&hellip;]<\/p>\n","protected":false},"author":3,"featured_media":10640,"comment_status":"closed","ping_status":"closed","sticky":false,"template":"","format":"standard","meta":{"_jetpack_memberships_contains_paid_content":false,"footnotes":"","jetpack_publicize_message":"","jetpack_publicize_feature_enabled":true,"jetpack_social_post_already_shared":true,"jetpack_social_options":{"image_generator_settings":{"template":"highway","default_image_id":0,"enabled":false},"version":2}},"categories":[174],"tags":[60,2620,2621],"class_list":["post-10639","post","type-post","status-publish","format-standard","has-post-thumbnail","hentry","category-cultura","tag-60","tag-apdu","tag-asociacion-periodistas-departamento-uruguay"],"jetpack_publicize_connections":[],"jetpack_featured_media_url":"https:\/\/3260.com.ar\/web\/wp-content\/uploads\/2025\/11\/APDU-Logo.jpg","jetpack_sharing_enabled":true,"_links":{"self":[{"href":"https:\/\/3260.com.ar\/web\/wp-json\/wp\/v2\/posts\/10639","targetHints":{"allow":["GET"]}}],"collection":[{"href":"https:\/\/3260.com.ar\/web\/wp-json\/wp\/v2\/posts"}],"about":[{"href":"https:\/\/3260.com.ar\/web\/wp-json\/wp\/v2\/types\/post"}],"author":[{"embeddable":true,"href":"https:\/\/3260.com.ar\/web\/wp-json\/wp\/v2\/users\/3"}],"replies":[{"embeddable":true,"href":"https:\/\/3260.com.ar\/web\/wp-json\/wp\/v2\/comments?post=10639"}],"version-history":[{"count":1,"href":"https:\/\/3260.com.ar\/web\/wp-json\/wp\/v2\/posts\/10639\/revisions"}],"predecessor-version":[{"id":10643,"href":"https:\/\/3260.com.ar\/web\/wp-json\/wp\/v2\/posts\/10639\/revisions\/10643"}],"wp:featuredmedia":[{"embeddable":true,"href":"https:\/\/3260.com.ar\/web\/wp-json\/wp\/v2\/media\/10640"}],"wp:attachment":[{"href":"https:\/\/3260.com.ar\/web\/wp-json\/wp\/v2\/media?parent=10639"}],"wp:term":[{"taxonomy":"category","embeddable":true,"href":"https:\/\/3260.com.ar\/web\/wp-json\/wp\/v2\/categories?post=10639"},{"taxonomy":"post_tag","embeddable":true,"href":"https:\/\/3260.com.ar\/web\/wp-json\/wp\/v2\/tags?post=10639"}],"curies":[{"name":"wp","href":"https:\/\/api.w.org\/{rel}","templated":true}]}}