{"id":10644,"date":"2025-11-29T13:13:18","date_gmt":"2025-11-29T16:13:18","guid":{"rendered":"https:\/\/3260.com.ar\/web\/?p=10644"},"modified":"2025-11-29T13:29:20","modified_gmt":"2025-11-29T16:29:20","slug":"un-partido-una-final-un-titulo-campeon-de-primera-division-en-la-liga-de-futbol-de-concepcion-del-uruguay","status":"publish","type":"post","link":"https:\/\/3260.com.ar\/web\/un-partido-una-final-un-titulo-campeon-de-primera-division-en-la-liga-de-futbol-de-concepcion-del-uruguay\/","title":{"rendered":"UN PARTIDO \u2026. UNA FINAL\u00a0 \u2026 UN T\u00cdTULO: CAMPE\u00d3N DE PRIMERA DIVISI\u00d3N EN LA LIGA DE F\u00daTBOL DE CONCEPCI\u00d3N DEL URUGUAY."},"content":{"rendered":"\n<p>El estadio Juan y Manuel Nu\u00f1ez del Club Gimnasia y Esgrima de Concepci\u00f3n del Uruguay es la sede designada para el partido final en la primera divisi\u00f3n liguista.<\/p>\n\n\n\n<p>S\u00e1bado 29\/11\/2025, 17 hs comenzar\u00e1 a rodar el bal\u00f3n bajo la conducci\u00f3n del cuarteto arbitral de una liga neutral.<\/p>\n\n\n\n<p>El t\u00fanel para saltar al verde c\u00e9sped ser\u00e1 el lugar donde las vibraciones \u00edntimas de los protagonistas de ambos planteles de los clubes Almagro y Lan\u00fas transitar\u00e1n para darle alegr\u00eda a los miles que presenciar\u00e1n la justa deportiva.<\/p>\n\n\n\n<p>Otros miles lo seguir\u00e1n en la frecuencia radial de CDELU SPORTS FM&nbsp; 98.9 o en el canal de youtube CDELU SPORTS RADIO con im\u00e1genes y relatos en directo.<\/p>\n\n\n\n<p>Por un lado el aurinegro CLUB ATL\u00c9TICO ALMAGRO desde el barrio Am\u00e9rica,&nbsp; por el otro el granate CLUB LAN\u00daS desde el barrio Puerto Nuevo.<\/p>\n\n\n\n<p>Para Almagro ser\u00eda coronar como campeones una vez m\u00e1s en la Liga de Concepci\u00f3n del Uruguay.&nbsp; T\u00edtulo al que accedi\u00f3 en los a\u00f1os: 1986, 1988, 1996, 1999, 2013 y 2017.<\/p>\n\n\n\n<p>En cambio para el Club Lan\u00fas ser\u00eda debutar en el olimpo de los campeones, cuesti\u00f3n no lograda a\u00fan en la historia de la instituci\u00f3n.<\/p>\n\n\n\n<p>El deporte, una pelota, una cancha, miles de corazones latiendo a otro ritmo y ella \u201cLA COPA DE CAMPE\u00d3N\u201d dispuesta a viajar a una nueva casa.&nbsp;<\/p>\n\n\n\n<p>Esos motivos son mayormente los que nos alientan a pensar que ser\u00e1 una gran fiesta, donde la pasi\u00f3n y caballerosidad deportiva se pondr\u00e1n de acuerdo para que&nbsp; todos los protagonistas se retiren colmados de aplausos y agradecimiento de los asistentes al Estadio.<\/p>\n\n\n\n<p>La mayor parte del \u00e9xito radicar\u00e1 en aquellos que ingresan al campo de juego, sin embargo el resto de los asistentes que tambi\u00e9n jugar\u00e1n su partido deben comportarse correctamente para que pasado el pitazo final todos podamos decir que asistimos a una gran final donde brillaron los valores del deporte.<\/p>\n\n\n\n<figure class=\"wp-block-image size-large\"><a href=\"https:\/\/3260.com.ar\/web\/wp-content\/uploads\/2025\/11\/image-74.png\"><img loading=\"lazy\" decoding=\"async\" width=\"1024\" height=\"536\" src=\"https:\/\/3260.com.ar\/web\/wp-content\/uploads\/2025\/11\/image-74-1024x536.png\" alt=\"\" class=\"wp-image-10646\" srcset=\"https:\/\/3260.com.ar\/web\/wp-content\/uploads\/2025\/11\/image-74-1024x536.png 1024w, https:\/\/3260.com.ar\/web\/wp-content\/uploads\/2025\/11\/image-74-300x157.png 300w, https:\/\/3260.com.ar\/web\/wp-content\/uploads\/2025\/11\/image-74-768x402.png 768w, https:\/\/3260.com.ar\/web\/wp-content\/uploads\/2025\/11\/image-74.png 1200w\" sizes=\"auto, (max-width: 1024px) 100vw, 1024px\" \/><\/a><\/figure>\n","protected":false},"excerpt":{"rendered":"<p>El estadio Juan y Manuel Nu\u00f1ez del Club Gimnasia y Esgrima de Concepci\u00f3n del Uruguay es la sede designada para el partido final en la primera divisi\u00f3n liguista. S\u00e1bado 29\/11\/2025, 17 hs comenzar\u00e1 a rodar el bal\u00f3n bajo la conducci\u00f3n del cuarteto arbitral de una liga neutral. El t\u00fanel para saltar al verde c\u00e9sped ser\u00e1 [&hellip;]<\/p>\n","protected":false},"author":3,"featured_media":10645,"comment_status":"closed","ping_status":"closed","sticky":false,"template":"","format":"standard","meta":{"_jetpack_memberships_contains_paid_content":false,"footnotes":"","jetpack_publicize_message":"","jetpack_publicize_feature_enabled":true,"jetpack_social_post_already_shared":true,"jetpack_social_options":{"image_generator_settings":{"template":"highway","default_image_id":0,"enabled":false},"version":2}},"categories":[173],"tags":[60,2969,2967,2970,2972,2971,2968,1776],"class_list":["post-10644","post","type-post","status-publish","format-standard","has-post-thumbnail","hentry","category-deportes","tag-60","tag-almagro-concepcion-del-uruguay","tag-campeon-liga-concepcion-del-uruguay","tag-cdelu-sports-radio-fm-98-9","tag-cdelusports-radio","tag-fm-98-9","tag-lanus-concepcion-del-uruguay","tag-liga-de-futbol-concepcion-del-uruguay"],"jetpack_publicize_connections":[],"jetpack_featured_media_url":"https:\/\/3260.com.ar\/web\/wp-content\/uploads\/2025\/11\/Copa-Oro-25.jpg","jetpack_sharing_enabled":true,"_links":{"self":[{"href":"https:\/\/3260.com.ar\/web\/wp-json\/wp\/v2\/posts\/10644","targetHints":{"allow":["GET"]}}],"collection":[{"href":"https:\/\/3260.com.ar\/web\/wp-json\/wp\/v2\/posts"}],"about":[{"href":"https:\/\/3260.com.ar\/web\/wp-json\/wp\/v2\/types\/post"}],"author":[{"embeddable":true,"href":"https:\/\/3260.com.ar\/web\/wp-json\/wp\/v2\/users\/3"}],"replies":[{"embeddable":true,"href":"https:\/\/3260.com.ar\/web\/wp-json\/wp\/v2\/comments?post=10644"}],"version-history":[{"count":1,"href":"https:\/\/3260.com.ar\/web\/wp-json\/wp\/v2\/posts\/10644\/revisions"}],"predecessor-version":[{"id":10647,"href":"https:\/\/3260.com.ar\/web\/wp-json\/wp\/v2\/posts\/10644\/revisions\/10647"}],"wp:featuredmedia":[{"embeddable":true,"href":"https:\/\/3260.com.ar\/web\/wp-json\/wp\/v2\/media\/10645"}],"wp:attachment":[{"href":"https:\/\/3260.com.ar\/web\/wp-json\/wp\/v2\/media?parent=10644"}],"wp:term":[{"taxonomy":"category","embeddable":true,"href":"https:\/\/3260.com.ar\/web\/wp-json\/wp\/v2\/categories?post=10644"},{"taxonomy":"post_tag","embeddable":true,"href":"https:\/\/3260.com.ar\/web\/wp-json\/wp\/v2\/tags?post=10644"}],"curies":[{"name":"wp","href":"https:\/\/api.w.org\/{rel}","templated":true}]}}