{"id":10649,"date":"2025-12-01T14:09:08","date_gmt":"2025-12-01T17:09:08","guid":{"rendered":"https:\/\/3260.com.ar\/web\/?p=10649"},"modified":"2025-12-01T14:09:09","modified_gmt":"2025-12-01T17:09:09","slug":"dia-mundial-lucha-contra-el-sida","status":"publish","type":"post","link":"https:\/\/3260.com.ar\/web\/dia-mundial-lucha-contra-el-sida\/","title":{"rendered":"DIA MUNDIAL LUCHA CONTRA EL SIDA"},"content":{"rendered":"\n<p>El D\u00eda de la Lucha contra el SIDA se estableci\u00f3 en 1988 y se ha convertido en una fecha importante para sensibilizar a la poblaci\u00f3n sobre el VIH (Virus de Inmunodeficiencia Humana) y el SIDA (S\u00edndrome de Inmunodeficiencia Adquirida).&nbsp;<\/p>\n\n\n\n<p>Fue una iniciativa de la Asamblea Mundial de la Salud de la Organizaci\u00f3n Mundial de la Salud (OMS) y se eligi\u00f3 el 1 de diciembre como fecha para conmemorar a las personas que han fallecido a causa de esta enfermedad.<\/p>\n\n\n\n<h2 class=\"wp-block-heading\"><strong>\u00bfQu\u00e9 es el SIDA y c\u00f3mo se contagia?<\/strong><\/h2>\n\n\n\n<p>El SIDA es una etapa avanzada de la infecci\u00f3n por VIH. El VIH ataca al sistema inmunol\u00f3gico del cuerpo, debilit\u00e1ndolo y haci\u00e9ndolo m\u00e1s susceptible a infecciones y enfermedades graves.&nbsp;<\/p>\n\n\n\n<p>El virus se transmite a trav\u00e9s del contacto con ciertos fluidos corporales, como la sangre, el semen, las secreciones vaginales y la&nbsp;<a href=\"https:\/\/diagnosticorojas.com.ar\/blog\/salud\/cuales-son-los-beneficios-de-la-lactancia-materna-para-la-madre\/\">leche materna<\/a>.&nbsp;<\/p>\n\n\n\n<p>Esto puede ocurrir debido a:<\/p>\n\n\n\n<ul class=\"wp-block-list\">\n<li>Relaciones sexuales sin protecci\u00f3n<\/li>\n\n\n\n<li>Uso compartido de agujas contaminadas<\/li>\n\n\n\n<li>Transfusiones de sangre con productos infectados\u00a0<\/li>\n\n\n\n<li>Transmisi\u00f3n de madre a hijo durante el parto o la lactancia<\/li>\n<\/ul>\n\n\n\n<h2 class=\"wp-block-heading\"><strong>D\u00eda de la lucha contra el Sida: \u00bfC\u00f3mo me doy cuenta que tengo VIH?<\/strong><\/h2>\n\n\n\n<p>La \u00fanica forma de saber si se tiene VIH es hacerse la prueba del VIH. En la actualidad, existen pruebas r\u00e1pidas y confidenciales disponibles en cl\u00ednicas y hospitales. Es importante hacerse la prueba, ya que cuanto antes se detecte la infecci\u00f3n, antes se podr\u00e1 comenzar el tratamiento.<\/p>\n\n\n\n<h2 class=\"wp-block-heading\"><strong>\u00bfCu\u00e1ntos a\u00f1os puede vivir una persona con SIDA?<\/strong><\/h2>\n\n\n\n<p>Con respecto a la esperanza de vida, gracias a los avances en la medicina y a la disponibilidad de terapias antirretrovirales, las personas con VIH\/SIDA pueden llevar vidas m\u00e1s largas. La adherencia al tratamiento y el cuidado m\u00e9dico son fundamentales para mantener una mejor calidad de vida.<\/p>\n\n\n\n<h2 class=\"wp-block-heading\"><strong>D\u00eda de la lucha contra el Sida: \u00bfEn qu\u00e9 consiste el Tratamiento para el VIH\/SIDA?&nbsp;<\/strong><\/h2>\n\n\n\n<p>El tratamiento del VIH\/SIDA se basa en terapias antirretrovirales (TAR) que ayudan a controlar la replicaci\u00f3n del virus en el cuerpo y fortalecer el sistema inmunol\u00f3gico. Estos medicamentos han revolucionado el panorama del SIDA, permitiendo a las personas infectadas llevar una vida casi normal y reduciendo la probabilidad de transmisi\u00f3n del VIH.<\/p>\n\n\n\n<p>La prevenci\u00f3n, la detecci\u00f3n temprana y el apoyo a las personas con VIH\/SIDA son aspectos esenciales a promover a trav\u00e9s de la educaci\u00f3n y la conciencia p\u00fablica de esta enfermedad.<\/p>\n\n\n\n<p><\/p>\n","protected":false},"excerpt":{"rendered":"<p>El D\u00eda de la Lucha contra el SIDA se estableci\u00f3 en 1988 y se ha convertido en una fecha importante para sensibilizar a la poblaci\u00f3n sobre el VIH (Virus de Inmunodeficiencia Humana) y el SIDA (S\u00edndrome de Inmunodeficiencia Adquirida).&nbsp; Fue una iniciativa de la Asamblea Mundial de la Salud de la Organizaci\u00f3n Mundial de la [&hellip;]<\/p>\n","protected":false},"author":3,"featured_media":10651,"comment_status":"closed","ping_status":"closed","sticky":false,"template":"","format":"standard","meta":{"_jetpack_memberships_contains_paid_content":false,"footnotes":"","jetpack_publicize_message":"","jetpack_publicize_feature_enabled":true,"jetpack_social_post_already_shared":true,"jetpack_social_options":{"image_generator_settings":{"template":"highway","default_image_id":0,"enabled":false},"version":2}},"categories":[176],"tags":[60,2973,2974,744],"class_list":["post-10649","post","type-post","status-publish","format-standard","has-post-thumbnail","hentry","category-educacion","tag-60","tag-dia-lucha-contra-el-sida","tag-prevencion-sida","tag-sida"],"jetpack_publicize_connections":[],"jetpack_featured_media_url":"https:\/\/3260.com.ar\/web\/wp-content\/uploads\/2025\/12\/SIDA.jpg","jetpack_sharing_enabled":true,"_links":{"self":[{"href":"https:\/\/3260.com.ar\/web\/wp-json\/wp\/v2\/posts\/10649","targetHints":{"allow":["GET"]}}],"collection":[{"href":"https:\/\/3260.com.ar\/web\/wp-json\/wp\/v2\/posts"}],"about":[{"href":"https:\/\/3260.com.ar\/web\/wp-json\/wp\/v2\/types\/post"}],"author":[{"embeddable":true,"href":"https:\/\/3260.com.ar\/web\/wp-json\/wp\/v2\/users\/3"}],"replies":[{"embeddable":true,"href":"https:\/\/3260.com.ar\/web\/wp-json\/wp\/v2\/comments?post=10649"}],"version-history":[{"count":1,"href":"https:\/\/3260.com.ar\/web\/wp-json\/wp\/v2\/posts\/10649\/revisions"}],"predecessor-version":[{"id":10652,"href":"https:\/\/3260.com.ar\/web\/wp-json\/wp\/v2\/posts\/10649\/revisions\/10652"}],"wp:featuredmedia":[{"embeddable":true,"href":"https:\/\/3260.com.ar\/web\/wp-json\/wp\/v2\/media\/10651"}],"wp:attachment":[{"href":"https:\/\/3260.com.ar\/web\/wp-json\/wp\/v2\/media?parent=10649"}],"wp:term":[{"taxonomy":"category","embeddable":true,"href":"https:\/\/3260.com.ar\/web\/wp-json\/wp\/v2\/categories?post=10649"},{"taxonomy":"post_tag","embeddable":true,"href":"https:\/\/3260.com.ar\/web\/wp-json\/wp\/v2\/tags?post=10649"}],"curies":[{"name":"wp","href":"https:\/\/api.w.org\/{rel}","templated":true}]}}