{"id":10664,"date":"2025-12-03T19:05:08","date_gmt":"2025-12-03T22:05:08","guid":{"rendered":"https:\/\/3260.com.ar\/web\/?p=10664"},"modified":"2025-12-03T21:39:08","modified_gmt":"2025-12-04T00:39:08","slug":"laura-marianela-concepcion-marclay-juro-como-diputada-nacional","status":"publish","type":"post","link":"https:\/\/3260.com.ar\/web\/laura-marianela-concepcion-marclay-juro-como-diputada-nacional\/","title":{"rendered":"Laura Marianela Concepci\u00f3n Marclay jur\u00f3 como Diputada Nacional"},"content":{"rendered":"\n<p>La uruguayense jur\u00f3 en la tarde del 3 de diciembre de 2025 como Diputada Nacional electa en los \u00faltimos comicios de medio t\u00e9rmino, del pasado 26 de octubre.&nbsp;<\/p>\n\n\n\n<p>De esta manera la Capital Hist\u00f3rica de la Provincia de Entre R\u00edos, vuelve a tener representaci\u00f3n en la C\u00e1mara Baja del Congreso de la Naci\u00f3n Argentina.<\/p>\n\n\n\n<p>Habr\u00e1 que leer muchos p\u00e1ginas de libros de historia pol\u00edtica Argentina para no omitir nombrar a todos aquellos nacidos o radicados en Concepci\u00f3n del Uruguay que accedieron a la legislatura nacional.  <\/p>\n\n\n\n<p>Nombraremos algunas personas que llegaron a ser diputados nacionales en el per\u00edodo comprendido desde la recuperaci\u00f3n de la democracia a la fecha, a\u00fan a riesgo de omitir nombres: Sergio Montiel (nacido en Concepci\u00f3n del Uruguay), Carlos Mar\u00eda Scelzi, Jos\u00e9 Carlos Scelzi, Jorge Marc\u00f3, Jos\u00e9 Luis Rodriguez Artusi, Juan Carlos Lucio Godoy, Jos\u00e9 Eduardo Lauritto, Mar\u00eda Felicitas Rodriguez, Delma Bertolyotti y Marianela Marclay.<\/p>\n\n\n\n<p>Son los Diputados Nacionales los encargados de llevar la voz de los ciudadanos a la c\u00e1mara, adem\u00e1s de presentar aquellos proyectos de ley que favorezcan al pa\u00eds y a la defensa de los derechos ciudadanos.<\/p>\n\n\n\n<p>Con el arribo de Marianela Maclay a la banca, Concepci\u00f3n del Uruguay vuelve a tener una vocera en defensa de los derechos b\u00e1sicos de los ciudadanos m\u00e1s postergados en logros sociales.  En su f\u00f3rmula de juramento lo hizo por  Dios y la Patria.-<\/p>\n\n\n\n<figure class=\"wp-block-image size-full\"><a href=\"https:\/\/3260.com.ar\/web\/wp-content\/uploads\/2025\/12\/image-3.png\"><img loading=\"lazy\" decoding=\"async\" width=\"860\" height=\"556\" src=\"https:\/\/3260.com.ar\/web\/wp-content\/uploads\/2025\/12\/image-3.png\" alt=\"\" class=\"wp-image-10667\" srcset=\"https:\/\/3260.com.ar\/web\/wp-content\/uploads\/2025\/12\/image-3.png 860w, https:\/\/3260.com.ar\/web\/wp-content\/uploads\/2025\/12\/image-3-300x194.png 300w, https:\/\/3260.com.ar\/web\/wp-content\/uploads\/2025\/12\/image-3-768x497.png 768w\" sizes=\"auto, (max-width: 860px) 100vw, 860px\" \/><\/a><\/figure>\n\n\n\n<figure class=\"wp-block-image size-full is-resized\"><a href=\"https:\/\/3260.com.ar\/web\/wp-content\/uploads\/2025\/12\/image-2.png\"><img loading=\"lazy\" decoding=\"async\" width=\"599\" height=\"409\" src=\"https:\/\/3260.com.ar\/web\/wp-content\/uploads\/2025\/12\/image-2.png\" alt=\"\" class=\"wp-image-10665\" style=\"width:740px;height:auto\" srcset=\"https:\/\/3260.com.ar\/web\/wp-content\/uploads\/2025\/12\/image-2.png 599w, https:\/\/3260.com.ar\/web\/wp-content\/uploads\/2025\/12\/image-2-300x205.png 300w\" sizes=\"auto, (max-width: 599px) 100vw, 599px\" \/><\/a><\/figure>\n","protected":false},"excerpt":{"rendered":"<p>La uruguayense jur\u00f3 en la tarde del 3 de diciembre de 2025 como Diputada Nacional electa en los \u00faltimos comicios de medio t\u00e9rmino, del pasado 26 de octubre.&nbsp; De esta manera la Capital Hist\u00f3rica de la Provincia de Entre R\u00edos, vuelve a tener representaci\u00f3n en la C\u00e1mara Baja del Congreso de la Naci\u00f3n Argentina. Habr\u00e1 [&hellip;]<\/p>\n","protected":false},"author":3,"featured_media":10666,"comment_status":"closed","ping_status":"closed","sticky":false,"template":"","format":"standard","meta":{"_jetpack_memberships_contains_paid_content":false,"footnotes":"","jetpack_publicize_message":"","jetpack_publicize_feature_enabled":true,"jetpack_social_post_already_shared":true,"jetpack_social_options":{"image_generator_settings":{"template":"highway","default_image_id":0,"enabled":false},"version":2}},"categories":[174],"tags":[60,2980,2981,2885],"class_list":["post-10664","post","type-post","status-publish","format-standard","has-post-thumbnail","hentry","category-cultura","tag-60","tag-diputada-marclay","tag-juro-marianela-marclay","tag-marianela-marclay"],"jetpack_publicize_connections":[],"jetpack_featured_media_url":"https:\/\/3260.com.ar\/web\/wp-content\/uploads\/2025\/12\/Marclay-Jura-Diputada-Nacional.jpg","jetpack_sharing_enabled":true,"_links":{"self":[{"href":"https:\/\/3260.com.ar\/web\/wp-json\/wp\/v2\/posts\/10664","targetHints":{"allow":["GET"]}}],"collection":[{"href":"https:\/\/3260.com.ar\/web\/wp-json\/wp\/v2\/posts"}],"about":[{"href":"https:\/\/3260.com.ar\/web\/wp-json\/wp\/v2\/types\/post"}],"author":[{"embeddable":true,"href":"https:\/\/3260.com.ar\/web\/wp-json\/wp\/v2\/users\/3"}],"replies":[{"embeddable":true,"href":"https:\/\/3260.com.ar\/web\/wp-json\/wp\/v2\/comments?post=10664"}],"version-history":[{"count":3,"href":"https:\/\/3260.com.ar\/web\/wp-json\/wp\/v2\/posts\/10664\/revisions"}],"predecessor-version":[{"id":10670,"href":"https:\/\/3260.com.ar\/web\/wp-json\/wp\/v2\/posts\/10664\/revisions\/10670"}],"wp:featuredmedia":[{"embeddable":true,"href":"https:\/\/3260.com.ar\/web\/wp-json\/wp\/v2\/media\/10666"}],"wp:attachment":[{"href":"https:\/\/3260.com.ar\/web\/wp-json\/wp\/v2\/media?parent=10664"}],"wp:term":[{"taxonomy":"category","embeddable":true,"href":"https:\/\/3260.com.ar\/web\/wp-json\/wp\/v2\/categories?post=10664"},{"taxonomy":"post_tag","embeddable":true,"href":"https:\/\/3260.com.ar\/web\/wp-json\/wp\/v2\/tags?post=10664"}],"curies":[{"name":"wp","href":"https:\/\/api.w.org\/{rel}","templated":true}]}}