{"id":10679,"date":"2025-12-07T00:01:00","date_gmt":"2025-12-07T03:01:00","guid":{"rendered":"https:\/\/3260.com.ar\/web\/?p=10679"},"modified":"2025-12-05T13:49:15","modified_gmt":"2025-12-05T16:49:15","slug":"dia-de-la-inmaculada-concepcion-de-maria","status":"publish","type":"post","link":"https:\/\/3260.com.ar\/web\/dia-de-la-inmaculada-concepcion-de-maria\/","title":{"rendered":"DIA DE LA INMACULADA CONCEPCI\u00d3N DE MARIA"},"content":{"rendered":"\n<p>El&nbsp;<strong>8 de diciembre<\/strong>&nbsp;es el&nbsp;<strong>D\u00eda de la Inmaculada Concepci\u00f3n de Mar\u00eda<\/strong>. Es una festividad lit\u00fargica del catolicismo que celebra el&nbsp;<strong>dogma de la Virgen Mar\u00eda concebida sin pecado original<\/strong>. Su pureza desde el primer instante fue proclamada por el Papa P\u00edo IX el 8 de diciembre de 1854 en la Bas\u00edlica de San Pedro, Roma, ante cientos de obispos y miles de fieles.<\/p>\n\n\n\n<p>Esta doctrina fundamental busca resaltar valores de fe, empat\u00eda y caridad, representados en la figura de la\u00a0<strong>Virgen Mar\u00eda<\/strong>, adorada como la\u00a0<strong>madre de Jesucristo<\/strong>, nacido seg\u00fan la tradici\u00f3n por obra del\u00a0<strong>Esp\u00edritu Santo\u00a0<\/strong>a trav\u00e9s de la intercesi\u00f3n divina. Es importante no confundir esta celebraci\u00f3n con la concepci\u00f3n de Jes\u00fas.<\/p>\n\n\n\n<figure class=\"wp-block-image size-full\"><a href=\"https:\/\/3260.com.ar\/web\/wp-content\/uploads\/2025\/12\/image-7.png\"><img loading=\"lazy\" decoding=\"async\" width=\"565\" height=\"778\" src=\"https:\/\/3260.com.ar\/web\/wp-content\/uploads\/2025\/12\/image-7.png\" alt=\"\" class=\"wp-image-10685\" srcset=\"https:\/\/3260.com.ar\/web\/wp-content\/uploads\/2025\/12\/image-7.png 565w, https:\/\/3260.com.ar\/web\/wp-content\/uploads\/2025\/12\/image-7-218x300.png 218w\" sizes=\"auto, (max-width: 565px) 100vw, 565px\" \/><\/a><\/figure>\n\n\n\n<p>En nuestro pa\u00eds, esta celebraci\u00f3n es considerada un&nbsp;<strong>feriado nacional inamovible<\/strong>, o que quiere decir que no se puede trasladar el asueto a otra fecha. As\u00ed lo determina la ley 27.399, conocida como la \u201cLey de Establecimiento de feriados y fines de semana largos\u201d. Este a\u00f1o, la fecha cae un lunes, lo que da paso a un descanso extendido de tres d\u00edas:&nbsp;<strong>s\u00e1bado 6, domingo 7 y lunes 8 de diciembre<\/strong>. Este formato permite una pausa anticipada en el \u00faltimo mes del a\u00f1o, ideal tanto para actividades recreativas como para la preparaci\u00f3n de las&nbsp;<strong>Fiestas<\/strong>.<\/p>\n\n\n\n<p>En Argentina, el 8 de diciembre tambi\u00e9n es tradicional&nbsp;<a href=\"https:\/\/www.lanacion.com.ar\/sociedad\/por-que-se-arma-el-arbol-de-navidad-el-8-de-diciembre-nid01122025\/\"><strong>armar el \u00e1rbol de Navidad<\/strong><\/a>. Este acto marca el inicio oficial de la&nbsp;<strong>temporada navide\u00f1a<\/strong>, infundiendo un esp\u00edritu festivo y preparando el ambiente para las celebraciones venideras.<\/p>\n\n\n\n<p>Esta costumbre, de origen no religioso, se consolid\u00f3 con la festividad, marcando el inicio de la decoraci\u00f3n. Su origen se remonta a celebraciones celtas del solsticio de invierno y a San Bonifacio en el siglo VIII, quien adapt\u00f3 abetos decorados para el culto cristiano, evolucionando a la simbolog\u00eda actual.<\/p>\n\n\n\n<figure class=\"wp-block-image size-full\"><a href=\"https:\/\/3260.com.ar\/web\/wp-content\/uploads\/2025\/12\/image-5.png\"><img loading=\"lazy\" decoding=\"async\" width=\"863\" height=\"492\" src=\"https:\/\/3260.com.ar\/web\/wp-content\/uploads\/2025\/12\/image-5.png\" alt=\"\" class=\"wp-image-10680\" srcset=\"https:\/\/3260.com.ar\/web\/wp-content\/uploads\/2025\/12\/image-5.png 863w, https:\/\/3260.com.ar\/web\/wp-content\/uploads\/2025\/12\/image-5-300x171.png 300w, https:\/\/3260.com.ar\/web\/wp-content\/uploads\/2025\/12\/image-5-768x438.png 768w\" sizes=\"auto, (max-width: 863px) 100vw, 863px\" \/><\/a><\/figure>\n\n\n\n<p>FIESTA PATRONAL DE CONCEPCI\u00d3N DEL URUGUAY:<\/p>\n\n\n\n<p>Como es habitual siempre y cuando las condiciones clim\u00e1ticas lo permitan se desarrollar\u00e1 la procesi\u00f3n en homenaje a la Virgen Mar\u00eda. El inicio se prevee para la hora 19 con el recorrido habitual acompa\u00f1ada por varias decenas de miles de feligreses.<\/p>\n","protected":false},"excerpt":{"rendered":"<p>El&nbsp;8 de diciembre&nbsp;es el&nbsp;D\u00eda de la Inmaculada Concepci\u00f3n de Mar\u00eda. Es una festividad lit\u00fargica del catolicismo que celebra el&nbsp;dogma de la Virgen Mar\u00eda concebida sin pecado original. Su pureza desde el primer instante fue proclamada por el Papa P\u00edo IX el 8 de diciembre de 1854 en la Bas\u00edlica de San Pedro, Roma, ante cientos [&hellip;]<\/p>\n","protected":false},"author":3,"featured_media":10681,"comment_status":"closed","ping_status":"closed","sticky":false,"template":"","format":"standard","meta":{"_jetpack_memberships_contains_paid_content":false,"footnotes":"","jetpack_publicize_message":"","jetpack_publicize_feature_enabled":true,"jetpack_social_post_already_shared":true,"jetpack_social_options":{"image_generator_settings":{"template":"highway","default_image_id":0,"enabled":false},"version":2}},"categories":[174],"tags":[60,1947,1945],"class_list":["post-10679","post","type-post","status-publish","format-standard","has-post-thumbnail","hentry","category-cultura","tag-60","tag-dia-de-la-inmaculada-concepcion","tag-procesion-en-concepcion-del-uruguay"],"jetpack_publicize_connections":[],"jetpack_featured_media_url":"https:\/\/3260.com.ar\/web\/wp-content\/uploads\/2025\/12\/Basilica-Inmaculada.jpg","jetpack_sharing_enabled":true,"_links":{"self":[{"href":"https:\/\/3260.com.ar\/web\/wp-json\/wp\/v2\/posts\/10679","targetHints":{"allow":["GET"]}}],"collection":[{"href":"https:\/\/3260.com.ar\/web\/wp-json\/wp\/v2\/posts"}],"about":[{"href":"https:\/\/3260.com.ar\/web\/wp-json\/wp\/v2\/types\/post"}],"author":[{"embeddable":true,"href":"https:\/\/3260.com.ar\/web\/wp-json\/wp\/v2\/users\/3"}],"replies":[{"embeddable":true,"href":"https:\/\/3260.com.ar\/web\/wp-json\/wp\/v2\/comments?post=10679"}],"version-history":[{"count":2,"href":"https:\/\/3260.com.ar\/web\/wp-json\/wp\/v2\/posts\/10679\/revisions"}],"predecessor-version":[{"id":10686,"href":"https:\/\/3260.com.ar\/web\/wp-json\/wp\/v2\/posts\/10679\/revisions\/10686"}],"wp:featuredmedia":[{"embeddable":true,"href":"https:\/\/3260.com.ar\/web\/wp-json\/wp\/v2\/media\/10681"}],"wp:attachment":[{"href":"https:\/\/3260.com.ar\/web\/wp-json\/wp\/v2\/media?parent=10679"}],"wp:term":[{"taxonomy":"category","embeddable":true,"href":"https:\/\/3260.com.ar\/web\/wp-json\/wp\/v2\/categories?post=10679"},{"taxonomy":"post_tag","embeddable":true,"href":"https:\/\/3260.com.ar\/web\/wp-json\/wp\/v2\/tags?post=10679"}],"curies":[{"name":"wp","href":"https:\/\/api.w.org\/{rel}","templated":true}]}}