{"id":10705,"date":"2025-12-12T00:01:00","date_gmt":"2025-12-12T03:01:00","guid":{"rendered":"https:\/\/3260.com.ar\/web\/?p=10705"},"modified":"2025-12-11T22:31:32","modified_gmt":"2025-12-12T01:31:32","slug":"novena-sinfonia-de-beethoven-en-la-basilica-de-la-inmaculada-concepcion","status":"publish","type":"post","link":"https:\/\/3260.com.ar\/web\/novena-sinfonia-de-beethoven-en-la-basilica-de-la-inmaculada-concepcion\/","title":{"rendered":"NOVENA SINFONIA DE BEETHOVEN EN LA BAS\u00cdLICA DE LA INMACULADA CONCEPCI\u00d3N"},"content":{"rendered":"\n<p>Ser\u00e1 el s\u00e1bado 13 de diciembre a las 21 en la Bas\u00edlica de la Inmaculada Concepci\u00f3n, interpretada por la Orquesta Sinf\u00f3nica de Entre Rios.\u00a0En este concierto se interpretar\u00e1 la monumental 9\u00aa Sinfon\u00eda de L.V. Beethoven, una obra considerada patrimonio cultural universal. La direcci\u00f3n art\u00edstica estar\u00e1 a cargo del Mtro. Luis Gorelik y contar\u00e1 con la participaci\u00f3n especial de Jos\u00e9 Miguel Rodilla como director musical invitado.<\/p>\n\n\n\n<p>Para la ejecuci\u00f3n de esta sinfon\u00eda, actuar\u00e1n el Coro Estable Municipal de Concepci\u00f3n del Uruguay, bajo la preparaci\u00f3n coral de Juan Lacava, junto a las voces solistas de Laura Polverini (soprano), Betina Briasco (mezzosoprano), Andr\u00e9s Mernes (tenor) y Fernando Morello (bar\u00edtono).<\/p>\n\n\n\n<p><strong>Sobre la obra La Novena Sinfon\u00eda de Beethoven<\/strong><\/p>\n\n\n\n<p>Beethoven fue una figura que, en una \u00e9poca revolucionaria, trastoc\u00f3 las normas musicales y cre\u00f3 nuevos paradigmas, convirti\u00e9ndose en el s\u00edmbolo del genio individual y el artista rebelde. La Novena Sinfon\u00eda es una obra asombrosamente radical que celebra, parad\u00f3jicamente, la unidad de la humanidad con un vasto y abarcador abrazo. Su arco narrativo fundamental transita del caos y la lucha a la serenidad y el j\u00fabilo. El compositor se sinti\u00f3 profundamente conmovido por la visi\u00f3n ext\u00e1tica de la oda An die Freude (A la Alegr\u00eda) de Friedrich Schiller, publicada en 1785, y abord\u00f3 la idea de ponerle m\u00fasica durante d\u00e9cadas antes de dedicarse intensamente a la composici\u00f3n. Termin\u00f3 esta monumental sinfon\u00eda en marzo de 1824, estren\u00e1ndose en Viena el 7 de mayo de ese mismo a\u00f1o, en el recordado concierto donde el sordo compositor tuvo que ser girado para ver los tumultuosos aplausos que no pod\u00eda o\u00edr.<\/p>\n\n\n\n<p>La sinfon\u00eda comienza con una silenciosa expectaci\u00f3n en el primer movimiento, del cual surge violentamente un tema elemental que sugiere mitos de la creaci\u00f3n. El orden habitual es alterado con la colocaci\u00f3n de un oscuro y concentrado Scherzo en segundo lugar, cuya insistencia contrasta con un elegante himno. El tercer movimiento, un Adagio lento y apacible, ofrece un equilibrio sereno a las \u201cfurias\u201d precedentes, desarrollando dos temas a trav\u00e9s de sofisticadas variaciones. El caos retorna al inicio del cuarto movimiento antes de la introducci\u00f3n de las voces, la innovaci\u00f3n m\u00e1s evidente de Beethoven. Tras un bar\u00edtono que pide melod\u00edas m\u00e1s agradables, emerge la composici\u00f3n final de la \u201cOda a la alegr\u00eda\u201d de Schiller: un inmenso y triunfante conjunto de variaciones corales que expresan las m\u00e1s altas aspiraciones humanas con m\u00fasica de vital exaltaci\u00f3n.<\/p>\n\n\n\n<p><\/p>\n","protected":false},"excerpt":{"rendered":"<p>Ser\u00e1 el s\u00e1bado 13 de diciembre a las 21 en la Bas\u00edlica de la Inmaculada Concepci\u00f3n, interpretada por la Orquesta Sinf\u00f3nica de Entre Rios.\u00a0En este concierto se interpretar\u00e1 la monumental 9\u00aa Sinfon\u00eda de L.V. Beethoven, una obra considerada patrimonio cultural universal. La direcci\u00f3n art\u00edstica estar\u00e1 a cargo del Mtro. Luis Gorelik y contar\u00e1 con la [&hellip;]<\/p>\n","protected":false},"author":3,"featured_media":10706,"comment_status":"closed","ping_status":"closed","sticky":false,"template":"","format":"standard","meta":{"_jetpack_memberships_contains_paid_content":false,"footnotes":"","jetpack_publicize_message":"","jetpack_publicize_feature_enabled":true,"jetpack_social_post_already_shared":true,"jetpack_social_options":{"image_generator_settings":{"template":"highway","default_image_id":0,"enabled":false},"version":2}},"categories":[174],"tags":[60,1490,1264],"class_list":["post-10705","post","type-post","status-publish","format-standard","has-post-thumbnail","hentry","category-cultura","tag-60","tag-basilica-de-la-inmaculada-concepcion","tag-orquesta-sinfonica-de-entre-rios"],"jetpack_publicize_connections":[],"jetpack_featured_media_url":"https:\/\/3260.com.ar\/web\/wp-content\/uploads\/2025\/12\/Sinfonica-de-ER-en-Basilica.jpg","jetpack_sharing_enabled":true,"_links":{"self":[{"href":"https:\/\/3260.com.ar\/web\/wp-json\/wp\/v2\/posts\/10705","targetHints":{"allow":["GET"]}}],"collection":[{"href":"https:\/\/3260.com.ar\/web\/wp-json\/wp\/v2\/posts"}],"about":[{"href":"https:\/\/3260.com.ar\/web\/wp-json\/wp\/v2\/types\/post"}],"author":[{"embeddable":true,"href":"https:\/\/3260.com.ar\/web\/wp-json\/wp\/v2\/users\/3"}],"replies":[{"embeddable":true,"href":"https:\/\/3260.com.ar\/web\/wp-json\/wp\/v2\/comments?post=10705"}],"version-history":[{"count":1,"href":"https:\/\/3260.com.ar\/web\/wp-json\/wp\/v2\/posts\/10705\/revisions"}],"predecessor-version":[{"id":10707,"href":"https:\/\/3260.com.ar\/web\/wp-json\/wp\/v2\/posts\/10705\/revisions\/10707"}],"wp:featuredmedia":[{"embeddable":true,"href":"https:\/\/3260.com.ar\/web\/wp-json\/wp\/v2\/media\/10706"}],"wp:attachment":[{"href":"https:\/\/3260.com.ar\/web\/wp-json\/wp\/v2\/media?parent=10705"}],"wp:term":[{"taxonomy":"category","embeddable":true,"href":"https:\/\/3260.com.ar\/web\/wp-json\/wp\/v2\/categories?post=10705"},{"taxonomy":"post_tag","embeddable":true,"href":"https:\/\/3260.com.ar\/web\/wp-json\/wp\/v2\/tags?post=10705"}],"curies":[{"name":"wp","href":"https:\/\/api.w.org\/{rel}","templated":true}]}}