{"id":10861,"date":"2026-01-13T00:01:00","date_gmt":"2026-01-13T03:01:00","guid":{"rendered":"https:\/\/3260.com.ar\/web\/?p=10861"},"modified":"2026-01-12T23:31:12","modified_gmt":"2026-01-13T02:31:12","slug":"60-aniversario-del-parque-nacional-el-palmar","status":"publish","type":"post","link":"https:\/\/3260.com.ar\/web\/60-aniversario-del-parque-nacional-el-palmar\/","title":{"rendered":"60\u00b0 ANIVERSARIO DEL PARQUE NACIONAL \u00abEL PALMAR\u00bb"},"content":{"rendered":"\n<p>Entre el r\u00edo Uruguay y el verde ondulado de Entre R\u00edos, el Parque Nacional El Palmar sorprende con su paisaje de palmeras yatay, una fauna diversa y senderos ideales para disfrutar de la naturaleza.<\/p>\n\n\n\n<p>El parque fue creado en 1966 para conservar este ecosistema singular, donde las palmeras se mezclan con pastizales, selvas en galer\u00eda y el curso del\u00a0<strong>r\u00edo Uruguay<\/strong>.<br>Su superficie abarca m\u00e1s de\u00a0<strong>8.500 hect\u00e1reas<\/strong>, y es uno de los destinos m\u00e1s accesibles del pa\u00eds para quienes buscan contacto directo con la naturaleza.<\/p>\n\n\n\n<figure class=\"wp-block-image size-large\"><a href=\"https:\/\/3260.com.ar\/web\/wp-content\/uploads\/2026\/01\/image-26.png\"><img loading=\"lazy\" decoding=\"async\" width=\"1024\" height=\"683\" src=\"https:\/\/3260.com.ar\/web\/wp-content\/uploads\/2026\/01\/image-26-1024x683.png\" alt=\"\" class=\"wp-image-10865\" srcset=\"https:\/\/3260.com.ar\/web\/wp-content\/uploads\/2026\/01\/image-26-1024x683.png 1024w, https:\/\/3260.com.ar\/web\/wp-content\/uploads\/2026\/01\/image-26-300x200.png 300w, https:\/\/3260.com.ar\/web\/wp-content\/uploads\/2026\/01\/image-26-768x512.png 768w, https:\/\/3260.com.ar\/web\/wp-content\/uploads\/2026\/01\/image-26-1536x1024.png 1536w, https:\/\/3260.com.ar\/web\/wp-content\/uploads\/2026\/01\/image-26.png 2048w\" sizes=\"auto, (max-width: 1024px) 100vw, 1024px\" \/><\/a><\/figure>\n\n\n\n<h3 class=\"wp-block-heading\"><strong>Senderos y miradores<\/strong><\/h3>\n\n\n\n<p>El parque ofrece una&nbsp;<strong>red de senderos autoguiados<\/strong>&nbsp;que permiten recorrerlo&nbsp;<strong>a pie, en bicicleta o en veh\u00edculo<\/strong>. La mayor\u00eda son de&nbsp;<strong>baja dificultad<\/strong>&nbsp;y cuentan con \u00e1reas de descanso equipadas con mesas y bancos, ideales para hacer una pausa y disfrutar del entorno.<\/p>\n\n\n\n<p>Entre los m\u00e1s recomendados se destacan:<\/p>\n\n\n\n<h4 class=\"wp-block-heading\"><strong>La Portada<\/strong><\/h4>\n\n\n\n<p>Un&nbsp;<strong>breve recorrido<\/strong>&nbsp;interpretativo de&nbsp;<strong>600 metros<\/strong>&nbsp;que atraviesa palmares y pastizales antes de llegar a un mirador con vistas a una zona baja inundable.<\/p>\n\n\n\n<h4 class=\"wp-block-heading\"><strong>Yatay<\/strong><\/h4>\n\n\n\n<p>De&nbsp;<strong>500 metros<\/strong>, conduce al&nbsp;<strong>mirador La Glorieta<\/strong>&nbsp;a trav\u00e9s de un denso bosque de palmeras mezclado con especies propias del monte y la selva.<\/p>\n\n\n\n<h4 class=\"wp-block-heading\"><strong>La Glorieta<\/strong><\/h4>\n\n\n\n<p>Un sendero de&nbsp;<strong>900 metros<\/strong>&nbsp;que desciende desde el mirador hasta el&nbsp;<strong>arroyo El Palmar<\/strong>. En el trayecto, el visitante se adentra en la selva ribere\u00f1a y puede disfrutar de una&nbsp;<strong>peque\u00f1a cascada<\/strong>&nbsp;antes de continuar por la orilla entre pastizales y palmares.<\/p>\n\n\n\n<h4 class=\"wp-block-heading\"><strong>Tres Cruces<\/strong><\/h4>\n\n\n\n<p>Este sendero de&nbsp;<strong>500 metros<\/strong>&nbsp;parte del camino principal y combina historia y paisaje: su recorrido evoca los&nbsp;<strong>enfrentamientos entre unitarios y federales<\/strong>&nbsp;que tuvieron lugar en la regi\u00f3n.<\/p>\n\n\n\n<h4 class=\"wp-block-heading\"><strong>El Pastizal<\/strong><\/h4>\n\n\n\n<p>Con&nbsp;<strong>4,2 kil\u00f3metros<\/strong>&nbsp;de extensi\u00f3n, es uno de los m\u00e1s largos del parque. Nace en el&nbsp;<strong>mirador del arroyo El Palmar<\/strong>&nbsp;y recorre un amplio mosaico de pastizales y palmares&nbsp;<strong>hasta llegar a la costa<\/strong>. Es ideal para quienes disfrutan de caminar a paso tranquilo y observar aves.<\/p>\n\n\n\n<h4 class=\"wp-block-heading\"><strong>De la Selva<\/strong><\/h4>\n\n\n\n<p>De&nbsp;<strong>3,5 kil\u00f3metros<\/strong>, parte desde la playa y atraviesa la selva ribere\u00f1a con&nbsp;<strong>miradores naturales hacia el r\u00edo Uruguay<\/strong>. Para realizarlo&nbsp;<strong>es necesario registrarse en el Centro de Visitantes<\/strong>.<\/p>\n\n\n\n<h4 class=\"wp-block-heading\"><strong>Arroyo El Palmar<\/strong><\/h4>\n\n\n\n<p>Un trayecto corto, de&nbsp;<strong>350 metros<\/strong>, que baja desde el mirador hasta la costa del arroyo, con vistas abiertas y un paisaje que cambia con la luz del d\u00eda. El mirador ofrece&nbsp;<strong>una de las mejores vistas del parque<\/strong>, especialmente al atardecer.<\/p>\n\n\n\n<h4 class=\"wp-block-heading\"><strong>El Mollar<\/strong><\/h4>\n\n\n\n<p>Ubicado junto al camping, este sendero de&nbsp;<strong>1,4 kil\u00f3metros<\/strong>&nbsp;revela c\u00f3mo&nbsp;<strong>especies vegetales ex\u00f3ticas<\/strong>&nbsp;se expandieron en el \u00e1rea y muestra las tareas que se realizan para restaurar el ecosistema. Ideal para una caminata corta entre palmeras centenarias.<\/p>\n\n\n\n<h4 class=\"wp-block-heading\"><strong>Casco de Estancia<\/strong><\/h4>\n\n\n\n<p>De&nbsp;<strong>400 metros<\/strong>, comienza en el Centro de Visitantes y permite recorrer&nbsp;<strong>antiguos edificios y jardines que conservan la memoria de la antigua estancia<\/strong>&nbsp;que dio origen al lugar.<\/p>\n\n\n\n<h4 class=\"wp-block-heading\"><strong>La Calera del Palmar<\/strong><\/h4>\n\n\n\n<p>Este recorrido de&nbsp;<strong>1 kil\u00f3metro<\/strong>&nbsp;parte de la Intendencia y&nbsp;<strong>se interna en la selva<\/strong>&nbsp;en galer\u00eda&nbsp;<strong>hasta llegar a un sitio hist\u00f3rico y a una playa sobre el r\u00edo Uruguay<\/strong>, perfecta para descansar al final del paseo.<\/p>\n\n\n\n<p>Tambi\u00e9n hay&nbsp;<strong>zonas de picnic<\/strong>,&nbsp;<strong>\u00e1reas de acampe<\/strong>&nbsp;y&nbsp;<strong>servicios b\u00e1sicos<\/strong>&nbsp;dentro del predio, lo que permite pasar el d\u00eda o alojarse en contacto con la naturaleza.<\/p>\n\n\n\n<h3 class=\"wp-block-heading\"><strong>Fauna para observar<\/strong><\/h3>\n\n\n\n<p>El Palmar es refugio de una fauna muy diversa. En sus distintos ambientes \u2014selva, pastizales, ba\u00f1ados y palmares\u2014 conviven mam\u00edferos, reptiles, anfibios y m\u00e1s de\u00a0<strong>270 especies de aves<\/strong>, lo que convierte al parque en un verdadero para\u00edso para los observadores de fauna y amantes de la fotograf\u00eda de naturaleza.<\/p>\n\n\n\n<figure class=\"wp-block-image size-large\"><a href=\"https:\/\/3260.com.ar\/web\/wp-content\/uploads\/2026\/01\/image-29.png\"><img loading=\"lazy\" decoding=\"async\" width=\"1024\" height=\"1024\" src=\"https:\/\/3260.com.ar\/web\/wp-content\/uploads\/2026\/01\/image-29-1024x1024.png\" alt=\"\" class=\"wp-image-10868\" srcset=\"https:\/\/3260.com.ar\/web\/wp-content\/uploads\/2026\/01\/image-29-1024x1024.png 1024w, https:\/\/3260.com.ar\/web\/wp-content\/uploads\/2026\/01\/image-29-300x300.png 300w, https:\/\/3260.com.ar\/web\/wp-content\/uploads\/2026\/01\/image-29-150x150.png 150w, https:\/\/3260.com.ar\/web\/wp-content\/uploads\/2026\/01\/image-29-768x768.png 768w, https:\/\/3260.com.ar\/web\/wp-content\/uploads\/2026\/01\/image-29-80x80.png 80w, https:\/\/3260.com.ar\/web\/wp-content\/uploads\/2026\/01\/image-29.png 1082w\" sizes=\"auto, (max-width: 1024px) 100vw, 1024px\" \/><\/a><\/figure>\n\n\n\n<figure class=\"wp-block-image size-full\"><a href=\"https:\/\/3260.com.ar\/web\/wp-content\/uploads\/2026\/01\/image-28.png\"><img loading=\"lazy\" decoding=\"async\" width=\"960\" height=\"960\" src=\"https:\/\/3260.com.ar\/web\/wp-content\/uploads\/2026\/01\/image-28.png\" alt=\"\" class=\"wp-image-10867\" srcset=\"https:\/\/3260.com.ar\/web\/wp-content\/uploads\/2026\/01\/image-28.png 960w, https:\/\/3260.com.ar\/web\/wp-content\/uploads\/2026\/01\/image-28-300x300.png 300w, https:\/\/3260.com.ar\/web\/wp-content\/uploads\/2026\/01\/image-28-150x150.png 150w, https:\/\/3260.com.ar\/web\/wp-content\/uploads\/2026\/01\/image-28-768x768.png 768w, https:\/\/3260.com.ar\/web\/wp-content\/uploads\/2026\/01\/image-28-80x80.png 80w\" sizes=\"auto, (max-width: 960px) 100vw, 960px\" \/><\/a><\/figure>\n\n\n\n<p>Durante los paseos, es frecuente cruzarse con\u00a0<strong>familias de carpinchos<\/strong>\u00a0descansando entre los pastos o ver\u00a0<strong>loros, cotorras y carpinteros<\/strong>\u00a0movi\u00e9ndose entre las copas de las palmeras. En los pajonales habitan las\u00a0<strong>martinetas o i\u00f1amb\u00faes colorados<\/strong>, mientras que en las zonas h\u00famedas aparecen las\u00a0<strong>garzas<\/strong>\u00a0y los\u00a0<strong>coipos<\/strong>, tambi\u00e9n conocidos como falsas nutrias.<\/p>\n\n\n\n<figure class=\"wp-block-image size-large\"><a href=\"https:\/\/3260.com.ar\/web\/wp-content\/uploads\/2026\/01\/image-27.png\"><img loading=\"lazy\" decoding=\"async\" width=\"819\" height=\"1024\" src=\"https:\/\/3260.com.ar\/web\/wp-content\/uploads\/2026\/01\/image-27-819x1024.png\" alt=\"\" class=\"wp-image-10866\" srcset=\"https:\/\/3260.com.ar\/web\/wp-content\/uploads\/2026\/01\/image-27-819x1024.png 819w, https:\/\/3260.com.ar\/web\/wp-content\/uploads\/2026\/01\/image-27-240x300.png 240w, https:\/\/3260.com.ar\/web\/wp-content\/uploads\/2026\/01\/image-27-768x960.png 768w, https:\/\/3260.com.ar\/web\/wp-content\/uploads\/2026\/01\/image-27-1229x1536.png 1229w, https:\/\/3260.com.ar\/web\/wp-content\/uploads\/2026\/01\/image-27.png 1638w\" sizes=\"auto, (max-width: 819px) 100vw, 819px\" \/><\/a><\/figure>\n\n\n\n<p>Por las noches, especialmente cerca del camping, se pueden ver\u00a0<strong>vizcachas<\/strong>\u00a0que, acostumbradas a la presencia humana, a veces se acercan con curiosidad e incluso se animan a comer de la mano de los visitantes m\u00e1s pacientes. Compartiendo sus cuevas viven los\u00a0<strong>lagartos overos<\/strong>, que suelen asomarse en los d\u00edas c\u00e1lidos de primavera y verano.<\/p>\n\n\n\n<figure class=\"wp-block-image size-large\"><a href=\"https:\/\/3260.com.ar\/web\/wp-content\/uploads\/2026\/01\/image-24.png\"><img loading=\"lazy\" decoding=\"async\" width=\"1024\" height=\"1024\" src=\"https:\/\/3260.com.ar\/web\/wp-content\/uploads\/2026\/01\/image-24-1024x1024.png\" alt=\"\" class=\"wp-image-10863\" srcset=\"https:\/\/3260.com.ar\/web\/wp-content\/uploads\/2026\/01\/image-24-1024x1024.png 1024w, https:\/\/3260.com.ar\/web\/wp-content\/uploads\/2026\/01\/image-24-300x300.png 300w, https:\/\/3260.com.ar\/web\/wp-content\/uploads\/2026\/01\/image-24-150x150.png 150w, https:\/\/3260.com.ar\/web\/wp-content\/uploads\/2026\/01\/image-24-768x768.png 768w, https:\/\/3260.com.ar\/web\/wp-content\/uploads\/2026\/01\/image-24-80x80.png 80w, https:\/\/3260.com.ar\/web\/wp-content\/uploads\/2026\/01\/image-24.png 1440w\" sizes=\"auto, (max-width: 1024px) 100vw, 1024px\" \/><\/a><\/figure>\n\n\n\n<p>Tambi\u00e9n es posible avistar&nbsp;<strong>zorros de monte<\/strong>&nbsp;y&nbsp;<strong>\u00f1and\u00faes<\/strong>&nbsp;que recorren el parque en grupos, adem\u00e1s de algunas especies ex\u00f3ticas introducidas, como&nbsp;<strong>jabal\u00edes, ciervos axis<\/strong>&nbsp;y&nbsp;<strong>ant\u00edlopes negros<\/strong>, que hoy forman parte del paisaje del \u00e1rea protegida.<\/p>\n\n\n\n<p>Cada sendero del parque ofrece una nueva oportunidad para descubrir la\u00a0<strong>vida silvestre en su entorno natural<\/strong>, entre el rumor del r\u00edo y el sonido del viento que agita las palmeras.<\/p>\n\n\n\n<figure class=\"wp-block-image size-large\"><a href=\"https:\/\/3260.com.ar\/web\/wp-content\/uploads\/2026\/01\/image-25.png\"><img loading=\"lazy\" decoding=\"async\" width=\"1024\" height=\"1024\" src=\"https:\/\/3260.com.ar\/web\/wp-content\/uploads\/2026\/01\/image-25-1024x1024.png\" alt=\"\" class=\"wp-image-10864\" srcset=\"https:\/\/3260.com.ar\/web\/wp-content\/uploads\/2026\/01\/image-25-1024x1024.png 1024w, https:\/\/3260.com.ar\/web\/wp-content\/uploads\/2026\/01\/image-25-300x300.png 300w, https:\/\/3260.com.ar\/web\/wp-content\/uploads\/2026\/01\/image-25-150x150.png 150w, https:\/\/3260.com.ar\/web\/wp-content\/uploads\/2026\/01\/image-25-768x768.png 768w, https:\/\/3260.com.ar\/web\/wp-content\/uploads\/2026\/01\/image-25-80x80.png 80w, https:\/\/3260.com.ar\/web\/wp-content\/uploads\/2026\/01\/image-25.png 1365w\" sizes=\"auto, (max-width: 1024px) 100vw, 1024px\" \/><\/a><\/figure>\n","protected":false},"excerpt":{"rendered":"<p>Entre el r\u00edo Uruguay y el verde ondulado de Entre R\u00edos, el Parque Nacional El Palmar sorprende con su paisaje de palmeras yatay, una fauna diversa y senderos ideales para disfrutar de la naturaleza. El parque fue creado en 1966 para conservar este ecosistema singular, donde las palmeras se mezclan con pastizales, selvas en galer\u00eda [&hellip;]<\/p>\n","protected":false},"author":3,"featured_media":10862,"comment_status":"closed","ping_status":"closed","sticky":false,"template":"","format":"standard","meta":{"_jetpack_memberships_contains_paid_content":false,"footnotes":"","jetpack_publicize_message":"","jetpack_publicize_feature_enabled":true,"jetpack_social_post_already_shared":true,"jetpack_social_options":{"image_generator_settings":{"template":"highway","default_image_id":0,"enabled":false},"version":2}},"categories":[175],"tags":[60,3040,2830],"class_list":["post-10861","post","type-post","status-publish","format-standard","has-post-thumbnail","hentry","category-turismo","tag-60","tag-60-aniversario-de-el-palmar","tag-parque-nacional-el-palmar"],"jetpack_publicize_connections":[],"jetpack_featured_media_url":"https:\/\/3260.com.ar\/web\/wp-content\/uploads\/2026\/01\/El-Palmar-60-aniversario.jpg","jetpack_sharing_enabled":true,"_links":{"self":[{"href":"https:\/\/3260.com.ar\/web\/wp-json\/wp\/v2\/posts\/10861","targetHints":{"allow":["GET"]}}],"collection":[{"href":"https:\/\/3260.com.ar\/web\/wp-json\/wp\/v2\/posts"}],"about":[{"href":"https:\/\/3260.com.ar\/web\/wp-json\/wp\/v2\/types\/post"}],"author":[{"embeddable":true,"href":"https:\/\/3260.com.ar\/web\/wp-json\/wp\/v2\/users\/3"}],"replies":[{"embeddable":true,"href":"https:\/\/3260.com.ar\/web\/wp-json\/wp\/v2\/comments?post=10861"}],"version-history":[{"count":1,"href":"https:\/\/3260.com.ar\/web\/wp-json\/wp\/v2\/posts\/10861\/revisions"}],"predecessor-version":[{"id":10869,"href":"https:\/\/3260.com.ar\/web\/wp-json\/wp\/v2\/posts\/10861\/revisions\/10869"}],"wp:featuredmedia":[{"embeddable":true,"href":"https:\/\/3260.com.ar\/web\/wp-json\/wp\/v2\/media\/10862"}],"wp:attachment":[{"href":"https:\/\/3260.com.ar\/web\/wp-json\/wp\/v2\/media?parent=10861"}],"wp:term":[{"taxonomy":"category","embeddable":true,"href":"https:\/\/3260.com.ar\/web\/wp-json\/wp\/v2\/categories?post=10861"},{"taxonomy":"post_tag","embeddable":true,"href":"https:\/\/3260.com.ar\/web\/wp-json\/wp\/v2\/tags?post=10861"}],"curies":[{"name":"wp","href":"https:\/\/api.w.org\/{rel}","templated":true}]}}