{"id":10906,"date":"2026-01-21T00:05:00","date_gmt":"2026-01-21T03:05:00","guid":{"rendered":"https:\/\/3260.com.ar\/web\/?p=10906"},"modified":"2026-01-20T13:51:15","modified_gmt":"2026-01-20T16:51:15","slug":"fiestas-populares-en-basavilbaso","status":"publish","type":"post","link":"https:\/\/3260.com.ar\/web\/fiestas-populares-en-basavilbaso\/","title":{"rendered":"FIESTAS POPULARES EN BASAVILBASO"},"content":{"rendered":"\n<p>Basavilbaso se prepara para vivir un intenso calendario de fiestas populares, con propuestas culturales y recreativas que se extender\u00e1n durante los pr\u00f3ximos meses.<\/p>\n\n\n\n<p>La actividad dio inicio el \u00faltimo s\u00e1bado con la Basso Beer Fest, uno de los eventos que ya se gan\u00f3 un lugar destacado en la agenda de la ciudad. Durante los domingos de verano, y hasta febrero, se desarrollar\u00e1n las tradicionales Movidas Populares, con la participaci\u00f3n de artistas locales y de la regi\u00f3n animando las noches en el anfiteatro.<\/p>\n\n\n\n<p>En febrero tendr\u00e1 lugar el Primer Concurso de Baile de M\u00fasica Campera, una propuesta orientada a promover y revalorizar expresiones tradicionales como la cumbia campera, el chamam\u00e9 y el pasodoble. La iniciativa es organizada por el taller de danzas Entrerriano Tag\u00fc\u00e9.<\/p>\n\n\n\n<p>Los Carnavales, organizados por el Club Defensores del Oeste, se realizar\u00e1n los d\u00edas 7 y 15 de febrero, complement\u00e1ndose con la continuidad de las Movidas Populares.<\/p>\n\n\n\n<p>Ya en marzo, el s\u00e1bado 7 volver\u00e1 la Fiesta Criolla, que este a\u00f1o presentar\u00e1 importantes innovaciones, reflejo de su crecimiento sostenido. Finalmente, el s\u00e1bado 14 de marzo, se encuentra en programaci\u00f3n la Fiesta Provincial del Riel, uno de los eventos m\u00e1s representativos de la identidad local.<\/p>\n\n\n\n<figure class=\"wp-block-image size-large\"><a href=\"https:\/\/3260.com.ar\/web\/wp-content\/uploads\/2026\/01\/image-41.png\"><img loading=\"lazy\" decoding=\"async\" width=\"790\" height=\"1024\" src=\"https:\/\/3260.com.ar\/web\/wp-content\/uploads\/2026\/01\/image-41-790x1024.png\" alt=\"\" class=\"wp-image-10907\" srcset=\"https:\/\/3260.com.ar\/web\/wp-content\/uploads\/2026\/01\/image-41-790x1024.png 790w, https:\/\/3260.com.ar\/web\/wp-content\/uploads\/2026\/01\/image-41-231x300.png 231w, https:\/\/3260.com.ar\/web\/wp-content\/uploads\/2026\/01\/image-41-768x995.png 768w, https:\/\/3260.com.ar\/web\/wp-content\/uploads\/2026\/01\/image-41-1185x1536.png 1185w, https:\/\/3260.com.ar\/web\/wp-content\/uploads\/2026\/01\/image-41.png 1580w\" sizes=\"auto, (max-width: 790px) 100vw, 790px\" \/><\/a><\/figure>\n","protected":false},"excerpt":{"rendered":"<p>Basavilbaso se prepara para vivir un intenso calendario de fiestas populares, con propuestas culturales y recreativas que se extender\u00e1n durante los pr\u00f3ximos meses. La actividad dio inicio el \u00faltimo s\u00e1bado con la Basso Beer Fest, uno de los eventos que ya se gan\u00f3 un lugar destacado en la agenda de la ciudad. Durante los domingos [&hellip;]<\/p>\n","protected":false},"author":3,"featured_media":10908,"comment_status":"closed","ping_status":"closed","sticky":false,"template":"","format":"standard","meta":{"_jetpack_memberships_contains_paid_content":false,"footnotes":"","jetpack_publicize_message":"","jetpack_publicize_feature_enabled":true,"jetpack_social_post_already_shared":true,"jetpack_social_options":{"image_generator_settings":{"template":"highway","default_image_id":0,"enabled":false},"version":2}},"categories":[174],"tags":[60,3051,3050],"class_list":["post-10906","post","type-post","status-publish","format-standard","has-post-thumbnail","hentry","category-cultura","tag-60","tag-fiestas-criollas","tag-fiestas-populares-basavilbaso"],"jetpack_publicize_connections":[],"jetpack_featured_media_url":"https:\/\/3260.com.ar\/web\/wp-content\/uploads\/2026\/01\/Basavilbaso-Fiestas-populares-2026.jpg","jetpack_sharing_enabled":true,"_links":{"self":[{"href":"https:\/\/3260.com.ar\/web\/wp-json\/wp\/v2\/posts\/10906","targetHints":{"allow":["GET"]}}],"collection":[{"href":"https:\/\/3260.com.ar\/web\/wp-json\/wp\/v2\/posts"}],"about":[{"href":"https:\/\/3260.com.ar\/web\/wp-json\/wp\/v2\/types\/post"}],"author":[{"embeddable":true,"href":"https:\/\/3260.com.ar\/web\/wp-json\/wp\/v2\/users\/3"}],"replies":[{"embeddable":true,"href":"https:\/\/3260.com.ar\/web\/wp-json\/wp\/v2\/comments?post=10906"}],"version-history":[{"count":1,"href":"https:\/\/3260.com.ar\/web\/wp-json\/wp\/v2\/posts\/10906\/revisions"}],"predecessor-version":[{"id":10909,"href":"https:\/\/3260.com.ar\/web\/wp-json\/wp\/v2\/posts\/10906\/revisions\/10909"}],"wp:featuredmedia":[{"embeddable":true,"href":"https:\/\/3260.com.ar\/web\/wp-json\/wp\/v2\/media\/10908"}],"wp:attachment":[{"href":"https:\/\/3260.com.ar\/web\/wp-json\/wp\/v2\/media?parent=10906"}],"wp:term":[{"taxonomy":"category","embeddable":true,"href":"https:\/\/3260.com.ar\/web\/wp-json\/wp\/v2\/categories?post=10906"},{"taxonomy":"post_tag","embeddable":true,"href":"https:\/\/3260.com.ar\/web\/wp-json\/wp\/v2\/tags?post=10906"}],"curies":[{"name":"wp","href":"https:\/\/api.w.org\/{rel}","templated":true}]}}