{"id":10910,"date":"2026-01-21T15:01:53","date_gmt":"2026-01-21T18:01:53","guid":{"rendered":"https:\/\/3260.com.ar\/web\/?p=10910"},"modified":"2026-01-21T20:07:56","modified_gmt":"2026-01-21T23:07:56","slug":"apertura-de-la-escuela-educacion-tecnica-n-3-dr-miguel-angel-marsiglia","status":"publish","type":"post","link":"https:\/\/3260.com.ar\/web\/apertura-de-la-escuela-educacion-tecnica-n-3-dr-miguel-angel-marsiglia\/","title":{"rendered":"APERTURA DE LA ESCUELA EDUCACI\u00d3N T\u00c9CNICA N\u00b0 3 \u00abDR MIGUEL ANGEL MARSIGLIA\u00bb"},"content":{"rendered":"\n<p>El 22 de enero de 2026 ser\u00e1 una fecha hist\u00f3rica para la comunidad educativa de la EET N\u00b0 3.<\/p>\n\n\n\n<p>Es que a primera hora de la ma\u00f1ana comenzar\u00e1 el trabajo de ubicaci\u00f3n de mobiliario en cada aula, y sectores espec\u00edficos del nuevo edificio escolar, seg\u00fan pudimos recabar de fuentes confiables.<\/p>\n\n\n\n<p>Con este avance se abriga la posibilidad de ver el tr\u00e1nsito de la comunidad escolar en los pr\u00f2ximos d\u00ecas, lo que configurar\u00e1 una nueva din\u00e1mica al tr\u00e0nsito habitual del barrio conocido como originalmente se lo llam\u00f3 \u00ab150 viviendas\u00bb.  Al momento de la presente publicaci\u00f2n se desconocen voces oficiales confirmando acto formal de apertura as\u00ec como la presencia de autoridades provinciales en tal circunstancia.  Est\u00e0 claro que en la Provincia no existe una obra en el \u00e0mbito educativo de las caracter\u00ecsticas de la que estamos hablando.<\/p>\n\n\n\n<p>Recordemos que en el terreno de enfrente est\u00e1n las instalaciones del Club Libertad y la nueva cancha de hockey sint\u00e9tico de la ciudad.<\/p>\n\n\n\n<p>El calendario escolar 2026 de Entre R\u00edos estipula que el venidero 11 de febrero se presentan los equipos directivos, en tanto el resto del personal se debe presentar al d\u00eda  siguiente.<\/p>\n\n\n\n<p>En redes sociales se conoci\u00f3 un video que muestra la vista a\u00e9rea de las flamantes instalaciones de la instituci\u00f3n. Se puede ver ingresando al v\u00ednculo <a href=\"https:\/\/www.facebook.com\/100063566083006\/videos\/pcb.1456678626460993\/1192058219561137\" data-type=\"link\" data-id=\"https:\/\/www.facebook.com\/100063566083006\/videos\/pcb.1456678626460993\/1192058219561137\">https:\/\/www.facebook.com\/100063566083006\/videos\/pcb.1456678626460993\/1192058219561137<\/a><\/p>\n\n\n\n<p>Otra vista m\u00e1s amplia para poder magnificar la presencia de la Escuela en el barrio tambien se puede ver en el link: <a href=\"https:\/\/www.facebook.com\/100063566083006\/videos\/pcb.1456678626460993\/1534551164434552\" data-type=\"link\" data-id=\"https:\/\/www.facebook.com\/100063566083006\/videos\/pcb.1456678626460993\/1534551164434552\">https:\/\/www.facebook.com\/100063566083006\/videos\/pcb.1456678626460993\/1534551164434552<\/a><\/p>\n\n\n\n<p><\/p>\n","protected":false},"excerpt":{"rendered":"<p>El 22 de enero de 2026 ser\u00e1 una fecha hist\u00f3rica para la comunidad educativa de la EET N\u00b0 3. Es que a primera hora de la ma\u00f1ana comenzar\u00e1 el trabajo de ubicaci\u00f3n de mobiliario en cada aula, y sectores espec\u00edficos del nuevo edificio escolar, seg\u00fan pudimos recabar de fuentes confiables. Con este avance se abriga [&hellip;]<\/p>\n","protected":false},"author":3,"featured_media":10911,"comment_status":"closed","ping_status":"closed","sticky":false,"template":"","format":"standard","meta":{"_jetpack_memberships_contains_paid_content":false,"footnotes":"","jetpack_publicize_message":"","jetpack_publicize_feature_enabled":true,"jetpack_social_post_already_shared":true,"jetpack_social_options":{"image_generator_settings":{"template":"highway","default_image_id":0,"enabled":false},"version":2}},"categories":[176],"tags":[60,2321,2562],"class_list":["post-10910","post","type-post","status-publish","format-standard","has-post-thumbnail","hentry","category-educacion","tag-60","tag-eet-3-marsiglia","tag-escuela-educacion-tecnica-n-3-dr-miguel-angel-marsiglia"],"jetpack_publicize_connections":[],"jetpack_featured_media_url":"https:\/\/3260.com.ar\/web\/wp-content\/uploads\/2026\/01\/EET-3-frente-ene26.jpg","jetpack_sharing_enabled":true,"_links":{"self":[{"href":"https:\/\/3260.com.ar\/web\/wp-json\/wp\/v2\/posts\/10910","targetHints":{"allow":["GET"]}}],"collection":[{"href":"https:\/\/3260.com.ar\/web\/wp-json\/wp\/v2\/posts"}],"about":[{"href":"https:\/\/3260.com.ar\/web\/wp-json\/wp\/v2\/types\/post"}],"author":[{"embeddable":true,"href":"https:\/\/3260.com.ar\/web\/wp-json\/wp\/v2\/users\/3"}],"replies":[{"embeddable":true,"href":"https:\/\/3260.com.ar\/web\/wp-json\/wp\/v2\/comments?post=10910"}],"version-history":[{"count":3,"href":"https:\/\/3260.com.ar\/web\/wp-json\/wp\/v2\/posts\/10910\/revisions"}],"predecessor-version":[{"id":10922,"href":"https:\/\/3260.com.ar\/web\/wp-json\/wp\/v2\/posts\/10910\/revisions\/10922"}],"wp:featuredmedia":[{"embeddable":true,"href":"https:\/\/3260.com.ar\/web\/wp-json\/wp\/v2\/media\/10911"}],"wp:attachment":[{"href":"https:\/\/3260.com.ar\/web\/wp-json\/wp\/v2\/media?parent=10910"}],"wp:term":[{"taxonomy":"category","embeddable":true,"href":"https:\/\/3260.com.ar\/web\/wp-json\/wp\/v2\/categories?post=10910"},{"taxonomy":"post_tag","embeddable":true,"href":"https:\/\/3260.com.ar\/web\/wp-json\/wp\/v2\/tags?post=10910"}],"curies":[{"name":"wp","href":"https:\/\/api.w.org\/{rel}","templated":true}]}}