{"id":10936,"date":"2026-01-23T14:19:25","date_gmt":"2026-01-23T17:19:25","guid":{"rendered":"https:\/\/3260.com.ar\/web\/?p=10936"},"modified":"2026-01-23T14:19:28","modified_gmt":"2026-01-23T17:19:28","slug":"alerta-meteorologica-por-altas-temperaturas","status":"publish","type":"post","link":"https:\/\/3260.com.ar\/web\/alerta-meteorologica-por-altas-temperaturas\/","title":{"rendered":"ALERTA METEOROL\u00d3GICA POR ALTAS TEMPERATURAS"},"content":{"rendered":"\n<p>Desde el \u00e1rea de Defensa Civil de la provincia se comunic\u00f3 que el Servicio Meteorol\u00f3gico Nacional emiti\u00f3 una alerta amarilla para este fin de semana, por altas temperaturas, abarcando a todo el territorio de Entre R\u00edos. Dicha situaci\u00f3n, \u201cpuede ser peligrosa para los grupos de riesgo con efectos leves a moderado en la salud, sobre todo para ni\u00f1os, personas mayores de 65 a\u00f1os o con enfermedades cr\u00f3nicas\u201d.<\/p>\n\n\n\n<figure class=\"wp-block-image size-full\"><a href=\"https:\/\/3260.com.ar\/web\/wp-content\/uploads\/2026\/01\/image-57.png\"><img loading=\"lazy\" decoding=\"async\" width=\"649\" height=\"178\" src=\"https:\/\/3260.com.ar\/web\/wp-content\/uploads\/2026\/01\/image-57.png\" alt=\"\" class=\"wp-image-10942\" srcset=\"https:\/\/3260.com.ar\/web\/wp-content\/uploads\/2026\/01\/image-57.png 649w, https:\/\/3260.com.ar\/web\/wp-content\/uploads\/2026\/01\/image-57-300x82.png 300w\" sizes=\"auto, (max-width: 649px) 100vw, 649px\" \/><\/a><\/figure>\n\n\n\n<p>Ante esta situaci\u00f3n, las recomendaciones son las indicadas por el Ministerio de Salud, a saber:<\/p>\n\n\n\n<p>&#8211; Aumentar el consumo de agua (sin esperar a tener sed) para mantener una hidrataci\u00f3n adecuada.<\/p>\n\n\n\n<p>&#8211; No exponerse al sol en exceso, ni en horas centrales del d\u00eda (entre las 10 y las 16).<\/p>\n\n\n\n<p>&#8211; Usar protector solar de amplio espectro (UVA y UVB), con FPS 30 o superior, incluso en d\u00edas nublados, y renovarlo cada dos horas.<\/p>\n\n\n\n<p>&#8211; Prestar atenci\u00f3n a los beb\u00e9s, ni\u00f1os y ni\u00f1as y a las personas mayores.<\/p>\n\n\n\n<p>&#8211; Evitar consumir bebidas con cafe\u00edna, con alcohol o muy azucaradas.<\/p>\n\n\n\n<p>&#8211; Evitar comidas muy abundantes.<\/p>\n\n\n\n<p>&#8211; Ingerir verduras y frutas.<\/p>\n\n\n\n<p>&#8211; Reducir la actividad f\u00edsica.<\/p>\n\n\n\n<p>&#8211; Usar ropa ligera, holgada y de colores claros, sombrero y anteojos oscuros.<\/p>\n\n\n\n<p>&#8211; Permanecer en espacios ventilados o acondicionados.<\/p>\n\n\n\n<p>&#8211; Recordar que no existe un tratamiento farmacol\u00f3gico contra el golpe de calor y s\u00f3lo los m\u00e9todos cl\u00e1sicos, citados arriba, pueden prevenirlo y contrarrestarlo.<\/p>\n\n\n\n<p><strong>S\u00edntomas de cuidado<\/strong><\/p>\n\n\n\n<p>Ante sed intensa y sequedad en la boca, temperatura mayor a 39\u00ba C, sudoraci\u00f3n excesiva, sensaci\u00f3n de calor sofocante, piel seca, agotamiento, mareos o desmayo, dolores de est\u00f3mago, falta de apetito, n\u00e1useas o v\u00f3mitos, dolores de cabeza, entre otros, se deber\u00e1 actuar de la siguiente manera:<\/p>\n\n\n\n<p>&#8211; Solicitar de inmediato asistencia m\u00e9dica.<\/p>\n\n\n\n<p>&#8211; Trasladar a la persona afectada a la sombra, a un lugar fresco y tranquilo.<\/p>\n\n\n\n<p>&#8211; Intentar refrescarla, mojarle la ropa y darle de beber agua fresca.<\/p>\n\n\n\n<figure class=\"wp-block-image size-full is-resized\"><a href=\"https:\/\/3260.com.ar\/web\/wp-content\/uploads\/2026\/01\/image-54.png\"><img loading=\"lazy\" decoding=\"async\" width=\"720\" height=\"436\" src=\"https:\/\/3260.com.ar\/web\/wp-content\/uploads\/2026\/01\/image-54.png\" alt=\"\" class=\"wp-image-10938\" style=\"width:631px;height:auto\" srcset=\"https:\/\/3260.com.ar\/web\/wp-content\/uploads\/2026\/01\/image-54.png 720w, https:\/\/3260.com.ar\/web\/wp-content\/uploads\/2026\/01\/image-54-300x182.png 300w\" sizes=\"auto, (max-width: 720px) 100vw, 720px\" \/><\/a><\/figure>\n\n\n\n<p><\/p>\n\n\n\n<figure class=\"wp-block-image size-full is-resized\"><a href=\"https:\/\/3260.com.ar\/web\/wp-content\/uploads\/2026\/01\/image-56.png\"><img loading=\"lazy\" decoding=\"async\" width=\"843\" height=\"510\" src=\"https:\/\/3260.com.ar\/web\/wp-content\/uploads\/2026\/01\/image-56.png\" alt=\"\" class=\"wp-image-10940\" style=\"width:638px;height:auto\" srcset=\"https:\/\/3260.com.ar\/web\/wp-content\/uploads\/2026\/01\/image-56.png 843w, https:\/\/3260.com.ar\/web\/wp-content\/uploads\/2026\/01\/image-56-300x181.png 300w, https:\/\/3260.com.ar\/web\/wp-content\/uploads\/2026\/01\/image-56-768x465.png 768w\" sizes=\"auto, (max-width: 843px) 100vw, 843px\" \/><\/a><\/figure>\n\n\n\n<p><\/p>\n","protected":false},"excerpt":{"rendered":"<p>Desde el \u00e1rea de Defensa Civil de la provincia se comunic\u00f3 que el Servicio Meteorol\u00f3gico Nacional emiti\u00f3 una alerta amarilla para este fin de semana, por altas temperaturas, abarcando a todo el territorio de Entre R\u00edos. Dicha situaci\u00f3n, \u201cpuede ser peligrosa para los grupos de riesgo con efectos leves a moderado en la salud, sobre [&hellip;]<\/p>\n","protected":false},"author":3,"featured_media":10937,"comment_status":"closed","ping_status":"closed","sticky":false,"template":"","format":"standard","meta":{"_jetpack_memberships_contains_paid_content":false,"footnotes":"","jetpack_publicize_message":"","jetpack_publicize_feature_enabled":true,"jetpack_social_post_already_shared":true,"jetpack_social_options":{"image_generator_settings":{"template":"highway","default_image_id":0,"enabled":false},"version":2}},"categories":[176],"tags":[60,3058],"class_list":["post-10936","post","type-post","status-publish","format-standard","has-post-thumbnail","hentry","category-educacion","tag-60","tag-alerta-meteorologica-altas-temperaturas"],"jetpack_publicize_connections":[],"jetpack_featured_media_url":"https:\/\/3260.com.ar\/web\/wp-content\/uploads\/2026\/01\/Calor.jpg","jetpack_sharing_enabled":true,"_links":{"self":[{"href":"https:\/\/3260.com.ar\/web\/wp-json\/wp\/v2\/posts\/10936","targetHints":{"allow":["GET"]}}],"collection":[{"href":"https:\/\/3260.com.ar\/web\/wp-json\/wp\/v2\/posts"}],"about":[{"href":"https:\/\/3260.com.ar\/web\/wp-json\/wp\/v2\/types\/post"}],"author":[{"embeddable":true,"href":"https:\/\/3260.com.ar\/web\/wp-json\/wp\/v2\/users\/3"}],"replies":[{"embeddable":true,"href":"https:\/\/3260.com.ar\/web\/wp-json\/wp\/v2\/comments?post=10936"}],"version-history":[{"count":2,"href":"https:\/\/3260.com.ar\/web\/wp-json\/wp\/v2\/posts\/10936\/revisions"}],"predecessor-version":[{"id":10943,"href":"https:\/\/3260.com.ar\/web\/wp-json\/wp\/v2\/posts\/10936\/revisions\/10943"}],"wp:featuredmedia":[{"embeddable":true,"href":"https:\/\/3260.com.ar\/web\/wp-json\/wp\/v2\/media\/10937"}],"wp:attachment":[{"href":"https:\/\/3260.com.ar\/web\/wp-json\/wp\/v2\/media?parent=10936"}],"wp:term":[{"taxonomy":"category","embeddable":true,"href":"https:\/\/3260.com.ar\/web\/wp-json\/wp\/v2\/categories?post=10936"},{"taxonomy":"post_tag","embeddable":true,"href":"https:\/\/3260.com.ar\/web\/wp-json\/wp\/v2\/tags?post=10936"}],"curies":[{"name":"wp","href":"https:\/\/api.w.org\/{rel}","templated":true}]}}