{"id":10953,"date":"2026-01-27T00:01:00","date_gmt":"2026-01-27T03:01:00","guid":{"rendered":"https:\/\/3260.com.ar\/web\/?p=10953"},"modified":"2026-01-26T22:25:49","modified_gmt":"2026-01-27T01:25:49","slug":"colon-se-manifesto-contra-la-instalacion-de-la-refineria-en-paysandu-sobre-el-rio-uruguay","status":"publish","type":"post","link":"https:\/\/3260.com.ar\/web\/colon-se-manifesto-contra-la-instalacion-de-la-refineria-en-paysandu-sobre-el-rio-uruguay\/","title":{"rendered":"COL\u00d3N SE MANIFEST\u00d3 CONTRA LA INSTALACI\u00d3N DE LA REFINER\u00cdA EN PAYSAND\u00da SOBRE EL RIO URUGUAY"},"content":{"rendered":"\n<p>El domingo 25 de enero de 2026 en horas de la tarde la ciudadan\u00eda en su conjunto se manifest\u00f3 rechazando la instalaci\u00f3n a la vera del Rio Uruguay en la ciudad de Paysand\u00fa, frente a Col\u00f3n (E.R).<\/p>\n\n\n\n<p>La acci\u00f3n fue convocada por la\u00a0<strong>Municipalidad de Col\u00f3n<\/strong>. Cont\u00f3 con la participaci\u00f3n de embarcaciones, vecinos que se sumaron desde la costa y el acompa\u00f1amiento del Aero Club Col\u00f3n por Aire. Estuvieron presentes tambi\u00e9n prestadores, instituciones deportivas y organizaciones que se sumaron a la propuesta desde distintos puntos de la ciudad.<\/p>\n\n\n\n<figure class=\"wp-block-image size-large\"><a href=\"https:\/\/3260.com.ar\/web\/wp-content\/uploads\/2026\/01\/image-60.png\"><img loading=\"lazy\" decoding=\"async\" width=\"1024\" height=\"632\" src=\"https:\/\/3260.com.ar\/web\/wp-content\/uploads\/2026\/01\/image-60-1024x632.png\" alt=\"\" class=\"wp-image-10955\" srcset=\"https:\/\/3260.com.ar\/web\/wp-content\/uploads\/2026\/01\/image-60-1024x632.png 1024w, https:\/\/3260.com.ar\/web\/wp-content\/uploads\/2026\/01\/image-60-300x185.png 300w, https:\/\/3260.com.ar\/web\/wp-content\/uploads\/2026\/01\/image-60-768x474.png 768w, https:\/\/3260.com.ar\/web\/wp-content\/uploads\/2026\/01\/image-60.png 1251w\" sizes=\"auto, (max-width: 1024px) 100vw, 1024px\" \/><\/a><\/figure>\n\n\n\n<h2 class=\"wp-block-heading\"><strong><em>Mensaje del Intendente Jos\u00e9 Luis Walser<\/em><\/strong><\/h2>\n\n\n\n<p>En el lugar, el Intendente agradeci\u00f3 a quienes participaron y remarc\u00f3 que la comunidad sostiene una postura firme en defensa del r\u00edo Uruguay. En ese marco, reiter\u00f3 el pedido a\u00a0<strong>Yamand\u00fa Orsi<\/strong>,\u00a0<strong>m\u00e1xima autoridad de la Rep\u00fablica Oriental del Uruguay<\/strong>\u00a0para que se cumpla lo oportunamente manifestado respecto a la localizaci\u00f3n del proyecto, y solicit\u00f3 que se escuche el planteo de la comunidad de Col\u00f3n y de toda la microrregi\u00f3n.<\/p>\n\n\n\n<p>Asimismo, pidi\u00f3 al Presidente de la Naci\u00f3n, Javier Milei, que tome conocimiento del conflicto y que el Gobierno argentino asuma una posici\u00f3n activa, remarcando la necesidad de resguardar un entorno natural que sostiene actividad econ\u00f3mica, empleo y desarrollo local vinculados al turismo.<\/p>\n\n\n\n<p>\u201cEsta Caravana N\u00e1utica es una muestra m\u00e1s del compromiso de la comunidad de Col\u00f3n para decir no a la instalaci\u00f3n de HIF Global sobre el r\u00edo Uruguay. Defendemos nuestro r\u00edo, nuestra salud, nuestro ambiente y nuestra forma de vivir\u201d, coment\u00f3 el Presidente Municipal y agreg\u00f3: \u201cAqu\u00ed, frente a nuestras playas, se pretende instalar una refiner\u00eda de combustibles. Por eso estamos unidos, porque el r\u00edo no se vende, el r\u00edo se defiende\u201d.<\/p>\n\n\n\n<figure class=\"wp-block-image size-large\"><a href=\"https:\/\/3260.com.ar\/web\/wp-content\/uploads\/2026\/01\/image-59.png\"><img loading=\"lazy\" decoding=\"async\" width=\"1024\" height=\"596\" src=\"https:\/\/3260.com.ar\/web\/wp-content\/uploads\/2026\/01\/image-59-1024x596.png\" alt=\"\" class=\"wp-image-10954\" srcset=\"https:\/\/3260.com.ar\/web\/wp-content\/uploads\/2026\/01\/image-59-1024x596.png 1024w, https:\/\/3260.com.ar\/web\/wp-content\/uploads\/2026\/01\/image-59-300x175.png 300w, https:\/\/3260.com.ar\/web\/wp-content\/uploads\/2026\/01\/image-59-768x447.png 768w, https:\/\/3260.com.ar\/web\/wp-content\/uploads\/2026\/01\/image-59.png 1235w\" sizes=\"auto, (max-width: 1024px) 100vw, 1024px\" \/><\/a><\/figure>\n\n\n\n<h2 class=\"wp-block-heading\"><em><strong>Acceso p\u00fablico a la informaci\u00f3n y documentaci\u00f3n<\/strong><\/em><\/h2>\n\n\n\n<p>En el marco de esta agenda de acciones, la Municipalidad de Col\u00f3n contin\u00faa poniendo a disposici\u00f3n de la comunidad la informaci\u00f3n vinculada a las gestiones realizadas y la documentaci\u00f3n recopilada, para garantizar transparencia y acceso p\u00fablico a los materiales. Se recuerda a la comunidad que se puede acceder a la informaci\u00f3n a trav\u00e9s del siguiente enlace:&nbsp;<a href=\"https:\/\/bit.ly\/AccionesNOAHIFMunicipalidadDeCol%C3%B3n\">https:\/\/bit.ly\/AccionesNOAHIFMunicipalidadDeCol\u00f3n<\/a><\/p>\n\n\n\n<p><\/p>\n","protected":false},"excerpt":{"rendered":"<p>El domingo 25 de enero de 2026 en horas de la tarde la ciudadan\u00eda en su conjunto se manifest\u00f3 rechazando la instalaci\u00f3n a la vera del Rio Uruguay en la ciudad de Paysand\u00fa, frente a Col\u00f3n (E.R). La acci\u00f3n fue convocada por la\u00a0Municipalidad de Col\u00f3n. Cont\u00f3 con la participaci\u00f3n de embarcaciones, vecinos que se sumaron [&hellip;]<\/p>\n","protected":false},"author":3,"featured_media":10956,"comment_status":"closed","ping_status":"closed","sticky":false,"template":"","format":"standard","meta":{"_jetpack_memberships_contains_paid_content":false,"footnotes":"","jetpack_publicize_message":"","jetpack_publicize_feature_enabled":true,"jetpack_social_post_already_shared":true,"jetpack_social_options":{"image_generator_settings":{"template":"highway","default_image_id":0,"enabled":false},"version":2}},"categories":[174,176,175],"tags":[60,3060,3061],"class_list":["post-10953","post","type-post","status-publish","format-standard","has-post-thumbnail","hentry","category-cultura","category-educacion","category-turismo","tag-60","tag-caravana-nautica-en-colon","tag-rechazo-a-hif-global"],"jetpack_publicize_connections":[],"jetpack_featured_media_url":"https:\/\/3260.com.ar\/web\/wp-content\/uploads\/2026\/01\/CARAVANA-HIF-GLOBAL-25-1-2026-3-1024x634-1.jpeg","jetpack_sharing_enabled":true,"_links":{"self":[{"href":"https:\/\/3260.com.ar\/web\/wp-json\/wp\/v2\/posts\/10953","targetHints":{"allow":["GET"]}}],"collection":[{"href":"https:\/\/3260.com.ar\/web\/wp-json\/wp\/v2\/posts"}],"about":[{"href":"https:\/\/3260.com.ar\/web\/wp-json\/wp\/v2\/types\/post"}],"author":[{"embeddable":true,"href":"https:\/\/3260.com.ar\/web\/wp-json\/wp\/v2\/users\/3"}],"replies":[{"embeddable":true,"href":"https:\/\/3260.com.ar\/web\/wp-json\/wp\/v2\/comments?post=10953"}],"version-history":[{"count":2,"href":"https:\/\/3260.com.ar\/web\/wp-json\/wp\/v2\/posts\/10953\/revisions"}],"predecessor-version":[{"id":10958,"href":"https:\/\/3260.com.ar\/web\/wp-json\/wp\/v2\/posts\/10953\/revisions\/10958"}],"wp:featuredmedia":[{"embeddable":true,"href":"https:\/\/3260.com.ar\/web\/wp-json\/wp\/v2\/media\/10956"}],"wp:attachment":[{"href":"https:\/\/3260.com.ar\/web\/wp-json\/wp\/v2\/media?parent=10953"}],"wp:term":[{"taxonomy":"category","embeddable":true,"href":"https:\/\/3260.com.ar\/web\/wp-json\/wp\/v2\/categories?post=10953"},{"taxonomy":"post_tag","embeddable":true,"href":"https:\/\/3260.com.ar\/web\/wp-json\/wp\/v2\/tags?post=10953"}],"curies":[{"name":"wp","href":"https:\/\/api.w.org\/{rel}","templated":true}]}}