{"id":11230,"date":"2026-03-11T22:23:29","date_gmt":"2026-03-12T01:23:29","guid":{"rendered":"https:\/\/3260.com.ar\/web\/?p=11230"},"modified":"2026-03-11T22:23:31","modified_gmt":"2026-03-12T01:23:31","slug":"capacitacion-en-liderazgo-y-conduccion-de-instituciones-de-practica-deportiva","status":"publish","type":"post","link":"https:\/\/3260.com.ar\/web\/capacitacion-en-liderazgo-y-conduccion-de-instituciones-de-practica-deportiva\/","title":{"rendered":"Capacitaci\u00f3n en Liderazgo y Conducci\u00f3n de Instituciones de Pr\u00e1ctica Deportiva"},"content":{"rendered":"\n<p>\u00a0Ser\u00e1 los d\u00edas 13 y 14 de marzo de 2026, en el Auditorio \u201cArturo Illia\u201d (subsuelo Municipalidad de Concepci\u00f3n del Uruguay), la\u00a0propuesta es libre y gratuita y se enmarca en el eje \u201cHerramientas para la gesti\u00f3n de instituciones deportivas\u201d, con especial enfoque en el rol de las mujeres en los espacios de direcci\u00f3n y representaci\u00f3n de clubes.<\/p>\n\n\n\n<p>La capacitaci\u00f3n contar\u00e1 con la participaci\u00f3n de Mabel Roca, integrante de la Mesa Directiva del Comit\u00e9 Ol\u00edmpico Argentino, consejera por netball desde 2009 y vicepresidenta de la Comisi\u00f3n de Mujer en el Deporte. Su disertaci\u00f3n abordar\u00e1 el tema \u201cEl desaf\u00edo de estar, ser y permanecer\u201d, centrado en el liderazgo y la participaci\u00f3n de las mujeres en la dirigencia deportiva.<\/p>\n\n\n\n<p>El cronograma comenzar\u00e1 el viernes 13 de marzo con la acreditaci\u00f3n a las 18 horas, seguida a las 18:30 de la apertura junto a mujeres referentes del deporte uruguayense. A las 19 horas se desarrollar\u00e1 la capacitaci\u00f3n en liderazgo y conducci\u00f3n de instituciones deportivas, a cargo del Comit\u00e9 Ol\u00edmpico Argentino.<\/p>\n\n\n\n<p>La segunda jornada se realizar\u00e1 el s\u00e1bado 14 de marzo, iniciando a las 9:30 con la acreditaci\u00f3n. A las 10 horas tendr\u00e1 lugar el panel \u201cEntre la pr\u00e1ctica deportiva y la dirigencia: un trabajo en equipo\u201d, del que participar\u00e1n deportistas y dirigentes de clubes entrerrianos. Finalmente, a las 11 horas se desarrollar\u00e1 el espacio \u201cCambio de paradigma en la dirigencia deportiva\u201d, con la participaci\u00f3n de presidentas y vicepresidentas de clubes de la provincia.<\/p>\n\n\n\n<p>Las personas interesadas en inscribirse pueden hacerlo al:&nbsp;<a href=\"https:\/\/docs.google.com\/forms\/d\/e\/1FAIpQLSd2B7dhQu3Eu5eIQaZ6R2Dg8QMTjKDbPzUckBJYskOkoMrgLw\/viewform\" target=\"_blank\" rel=\"noreferrer noopener\">https:\/\/docs.google.com\/forms\/d\/e\/1FAIpQLSd2B7dhQu3Eu5eIQaZ6R2Dg8QMTjKDbPzUckBJYskOkoMrgLw\/viewform<\/a>&nbsp; o recibir m\u00e1s informaci\u00f3n pueden comunicarse al 3442-403156.<\/p>\n\n\n\n<p>Mediante el acompa\u00f1amiento del Comit\u00e9 Ol\u00edmpico Argentino, esta Jornada tiene como principal objetivo brindar herramientas para la gesti\u00f3n de instituciones deportivas, atendiendo fundamentalmente el lugar de las mujeres en espacios de direcci\u00f3n y representaci\u00f3n de clubes.<\/p>\n\n\n\n<p>La actividad se desarrollar\u00e1 seg\u00fan el siguiente programa:<\/p>\n\n\n\n<p>Viernes 13 &#8211; Auditorio Illia<br><br>18:00 hs. &#8211; &nbsp;Acreditaci\u00f3n<br><br>18: 30 hs. &#8211; Apertura con mujeres referentes del deporte:<br>Lali Gonz\u00e1lez (Basquet &#8211; Rocamora)<br>Magui Garro (Remo &#8211; Regatas)<br><br>19:00 hs. &#8211; Capacitaci\u00f3n en liderazgo y conducci\u00f3n de instituciones deportivas<br>Actividad a cargo de Mabel Roca (Vicepresidenta de la Comisi\u00f3n Mujer en el Deporte del Comit\u00e9 Ol\u00edmpico Argentino).<br>Este espacio tiene por objetivo ofrecer herramientas para la gesti\u00f3n de instituciones deportivas, atendiendo, principalmente, el liderazgo y conducci\u00f3n de las mismas. Considerando para ello, la cultura organizacional y el manejo de conflictos en las instituciones deportivas. Asimismo, propone analizar la equidad de g\u00e9nero y posicionamiento de las mujeres en el deporte.<br>Est\u00e1 destinado a dirigentes, deportistas, profesoras\/res de educaci\u00f3n f\u00edsica, entrenadoras\/res, \u00e1rbitras\/os, periodistas, personal de Federaciones, Asociaciones y Clubes.<br><br>S\u00e1bado 14 &#8211; Auditorio Illia<br><br>9:30 hs. &#8211; Acreditaci\u00f3n y bienvenida<br><br>10:00 hs. &#8211; Entre la pr\u00e1ctica deportiva y la dirigencia: un trabajo en equipo. Panel con:<br>* Anabella Albornoz, Suma de voluntades.<br>* Eliana Zanini, Club Social y Deportivo San Jos\u00e9, San Jos\u00e9.<br>* Maria Jes\u00fas Leiva &#8211; Club Atl\u00e9tico Maci\u00e1, Maci\u00e1.<br>* Natalia Carvajal &#8211; Club Presb\u00edtero Zaninetti, C. del U.<br>* Lucrecia Palacio &#8211; Club Atl\u00e9tico Uruguay, C. del U.<br>* Cinthia Baridon, Club Atl\u00e9tico Rosario del Tala, Rosario del Tala.<br><br>11:00 hs. &#8211; Cambio de paradigma en la dirigencia deportiva: presidentas y vicepresidentas. Panel con:<br>* Carina Ramos &#8211; Club Talleres, Paran\u00e1.<br>* Mariela Schab &#8211; &nbsp;Club Gimnasia y Esgrima, C. del U.<br>* Marta Paula Vera &#8211; Club Atl\u00e9tico Maci\u00e1, Maci\u00e1.<br>* Paola Rochas &#8211; Susana Follonier &#8211; Club Libertad, C. del U. &nbsp;<br>* Carina Batalla &#8211; Federaci\u00f3n Entrerriana de de F\u00fatbol<\/p>\n\n\n\n<figure class=\"wp-block-image size-full is-resized\"><a href=\"https:\/\/3260.com.ar\/web\/wp-content\/uploads\/2026\/03\/image-8.png\"><img loading=\"lazy\" decoding=\"async\" width=\"583\" height=\"567\" src=\"https:\/\/3260.com.ar\/web\/wp-content\/uploads\/2026\/03\/image-8.png\" alt=\"\" class=\"wp-image-11231\" style=\"width:587px;height:auto\" srcset=\"https:\/\/3260.com.ar\/web\/wp-content\/uploads\/2026\/03\/image-8.png 583w, https:\/\/3260.com.ar\/web\/wp-content\/uploads\/2026\/03\/image-8-300x292.png 300w\" sizes=\"auto, (max-width: 583px) 100vw, 583px\" \/><\/a><\/figure>\n\n\n\n<figure class=\"wp-block-image size-full is-resized\"><a href=\"https:\/\/3260.com.ar\/web\/wp-content\/uploads\/2026\/03\/image-9.png\"><img loading=\"lazy\" decoding=\"async\" width=\"861\" height=\"840\" src=\"https:\/\/3260.com.ar\/web\/wp-content\/uploads\/2026\/03\/image-9.png\" alt=\"\" class=\"wp-image-11232\" style=\"width:588px;height:auto\" srcset=\"https:\/\/3260.com.ar\/web\/wp-content\/uploads\/2026\/03\/image-9.png 861w, https:\/\/3260.com.ar\/web\/wp-content\/uploads\/2026\/03\/image-9-300x293.png 300w, https:\/\/3260.com.ar\/web\/wp-content\/uploads\/2026\/03\/image-9-768x749.png 768w\" sizes=\"auto, (max-width: 861px) 100vw, 861px\" \/><\/a><\/figure>\n\n\n\n<p>Susana Follonier y Paola Roch\u00e1s, dos de los pilares hist\u00f3ricos donde se soporta el crecimiento constante del Club Social y Deportivo Libertad. Claro que son muchas las personas que colaboran desde distintos lugares, sin embargo restringimos el art\u00edculo a Susana y Paola que acompa\u00f1an el proyecto desde mucho tiempo antes que el Club existiese.<\/p>\n\n\n\n<p><\/p>\n","protected":false},"excerpt":{"rendered":"<p>\u00a0Ser\u00e1 los d\u00edas 13 y 14 de marzo de 2026, en el Auditorio \u201cArturo Illia\u201d (subsuelo Municipalidad de Concepci\u00f3n del Uruguay), la\u00a0propuesta es libre y gratuita y se enmarca en el eje \u201cHerramientas para la gesti\u00f3n de instituciones deportivas\u201d, con especial enfoque en el rol de las mujeres en los espacios de direcci\u00f3n y representaci\u00f3n [&hellip;]<\/p>\n","protected":false},"author":3,"featured_media":11233,"comment_status":"closed","ping_status":"closed","sticky":false,"template":"","format":"standard","meta":{"_jetpack_memberships_contains_paid_content":false,"footnotes":"","jetpack_publicize_message":"","jetpack_publicize_feature_enabled":true,"jetpack_social_post_already_shared":true,"jetpack_social_options":{"image_generator_settings":{"template":"highway","default_image_id":0,"enabled":false},"version":2}},"categories":[173],"tags":[60,3120,3121],"class_list":["post-11230","post","type-post","status-publish","format-standard","has-post-thumbnail","hentry","category-deportes","tag-60","tag-capacitacion-dirigentes-deportivos","tag-comite-olimpico-argentino"],"jetpack_publicize_connections":[],"jetpack_featured_media_url":"https:\/\/3260.com.ar\/web\/wp-content\/uploads\/2026\/03\/Capacitacion-deportiva-mujeres-26.jpg","jetpack_sharing_enabled":true,"_links":{"self":[{"href":"https:\/\/3260.com.ar\/web\/wp-json\/wp\/v2\/posts\/11230","targetHints":{"allow":["GET"]}}],"collection":[{"href":"https:\/\/3260.com.ar\/web\/wp-json\/wp\/v2\/posts"}],"about":[{"href":"https:\/\/3260.com.ar\/web\/wp-json\/wp\/v2\/types\/post"}],"author":[{"embeddable":true,"href":"https:\/\/3260.com.ar\/web\/wp-json\/wp\/v2\/users\/3"}],"replies":[{"embeddable":true,"href":"https:\/\/3260.com.ar\/web\/wp-json\/wp\/v2\/comments?post=11230"}],"version-history":[{"count":1,"href":"https:\/\/3260.com.ar\/web\/wp-json\/wp\/v2\/posts\/11230\/revisions"}],"predecessor-version":[{"id":11234,"href":"https:\/\/3260.com.ar\/web\/wp-json\/wp\/v2\/posts\/11230\/revisions\/11234"}],"wp:featuredmedia":[{"embeddable":true,"href":"https:\/\/3260.com.ar\/web\/wp-json\/wp\/v2\/media\/11233"}],"wp:attachment":[{"href":"https:\/\/3260.com.ar\/web\/wp-json\/wp\/v2\/media?parent=11230"}],"wp:term":[{"taxonomy":"category","embeddable":true,"href":"https:\/\/3260.com.ar\/web\/wp-json\/wp\/v2\/categories?post=11230"},{"taxonomy":"post_tag","embeddable":true,"href":"https:\/\/3260.com.ar\/web\/wp-json\/wp\/v2\/tags?post=11230"}],"curies":[{"name":"wp","href":"https:\/\/api.w.org\/{rel}","templated":true}]}}