{"id":11235,"date":"2026-03-13T00:01:00","date_gmt":"2026-03-13T03:01:00","guid":{"rendered":"https:\/\/3260.com.ar\/web\/?p=11235"},"modified":"2026-03-11T22:36:17","modified_gmt":"2026-03-12T01:36:17","slug":"fiesta-provincial-del-riel","status":"publish","type":"post","link":"https:\/\/3260.com.ar\/web\/fiesta-provincial-del-riel\/","title":{"rendered":"FIESTA PROVINCIAL DEL RIEL"},"content":{"rendered":"\n<p>El pr\u00f3ximo 14 de marzo de 2026 desde las 20 horas la ciudad del riel, tendr\u00e1 su fiesta provincial.<\/p>\n\n\n\n<p>Esta celebraci\u00f3n representa uno de los acontecimientos culturales m\u00e1s importantes del calendario local, convocando a vecinos y visitantes para compartir una jornada de m\u00fasica, cultura y encuentro popular que pone en valor las ra\u00edces ferroviarias que dieron origen y crecimiento a Basavilbaso.<\/p>\n\n\n\n<p>La Fiesta Provincial del Riel es sin dudas una oportunidad para el reencuentro, celebrar la historia del pago chivo y proyectar hacia el futuro la identidad ferroviaria que distingue a Basavilbaso.<\/p>\n\n\n\n<figure class=\"wp-block-image size-full\"><a href=\"https:\/\/3260.com.ar\/web\/wp-content\/uploads\/2026\/03\/image-10.png\"><img loading=\"lazy\" decoding=\"async\" width=\"647\" height=\"747\" src=\"https:\/\/3260.com.ar\/web\/wp-content\/uploads\/2026\/03\/image-10.png\" alt=\"\" class=\"wp-image-11236\" srcset=\"https:\/\/3260.com.ar\/web\/wp-content\/uploads\/2026\/03\/image-10.png 647w, https:\/\/3260.com.ar\/web\/wp-content\/uploads\/2026\/03\/image-10-260x300.png 260w\" sizes=\"auto, (max-width: 647px) 100vw, 647px\" \/><\/a><\/figure>\n","protected":false},"excerpt":{"rendered":"<p>El pr\u00f3ximo 14 de marzo de 2026 desde las 20 horas la ciudad del riel, tendr\u00e1 su fiesta provincial. Esta celebraci\u00f3n representa uno de los acontecimientos culturales m\u00e1s importantes del calendario local, convocando a vecinos y visitantes para compartir una jornada de m\u00fasica, cultura y encuentro popular que pone en valor las ra\u00edces ferroviarias que [&hellip;]<\/p>\n","protected":false},"author":3,"featured_media":11237,"comment_status":"closed","ping_status":"closed","sticky":false,"template":"","format":"standard","meta":{"_jetpack_memberships_contains_paid_content":false,"footnotes":"","jetpack_publicize_message":"","jetpack_publicize_feature_enabled":true,"jetpack_social_post_already_shared":true,"jetpack_social_options":{"image_generator_settings":{"template":"highway","default_image_id":0,"enabled":false},"version":2}},"categories":[175],"tags":[60,3123,3122],"class_list":["post-11235","post","type-post","status-publish","format-standard","has-post-thumbnail","hentry","category-turismo","tag-60","tag-basavilbaso-fiesta-del-riel","tag-fiesta-provincial-del-riel"],"jetpack_publicize_connections":[],"jetpack_featured_media_url":"https:\/\/3260.com.ar\/web\/wp-content\/uploads\/2026\/03\/Fiesta-Provincial-del-riel-26.jpg","jetpack_sharing_enabled":true,"_links":{"self":[{"href":"https:\/\/3260.com.ar\/web\/wp-json\/wp\/v2\/posts\/11235","targetHints":{"allow":["GET"]}}],"collection":[{"href":"https:\/\/3260.com.ar\/web\/wp-json\/wp\/v2\/posts"}],"about":[{"href":"https:\/\/3260.com.ar\/web\/wp-json\/wp\/v2\/types\/post"}],"author":[{"embeddable":true,"href":"https:\/\/3260.com.ar\/web\/wp-json\/wp\/v2\/users\/3"}],"replies":[{"embeddable":true,"href":"https:\/\/3260.com.ar\/web\/wp-json\/wp\/v2\/comments?post=11235"}],"version-history":[{"count":1,"href":"https:\/\/3260.com.ar\/web\/wp-json\/wp\/v2\/posts\/11235\/revisions"}],"predecessor-version":[{"id":11238,"href":"https:\/\/3260.com.ar\/web\/wp-json\/wp\/v2\/posts\/11235\/revisions\/11238"}],"wp:featuredmedia":[{"embeddable":true,"href":"https:\/\/3260.com.ar\/web\/wp-json\/wp\/v2\/media\/11237"}],"wp:attachment":[{"href":"https:\/\/3260.com.ar\/web\/wp-json\/wp\/v2\/media?parent=11235"}],"wp:term":[{"taxonomy":"category","embeddable":true,"href":"https:\/\/3260.com.ar\/web\/wp-json\/wp\/v2\/categories?post=11235"},{"taxonomy":"post_tag","embeddable":true,"href":"https:\/\/3260.com.ar\/web\/wp-json\/wp\/v2\/tags?post=11235"}],"curies":[{"name":"wp","href":"https:\/\/api.w.org\/{rel}","templated":true}]}}