{"id":11239,"date":"2026-03-12T08:56:24","date_gmt":"2026-03-12T11:56:24","guid":{"rendered":"https:\/\/3260.com.ar\/web\/?p=11239"},"modified":"2026-03-12T09:23:34","modified_gmt":"2026-03-12T12:23:34","slug":"dia-del-escudo-nacional-argentino","status":"publish","type":"post","link":"https:\/\/3260.com.ar\/web\/dia-del-escudo-nacional-argentino\/","title":{"rendered":"DIA DEL ESCUDO NACIONAL ARGENTINO"},"content":{"rendered":"\n<p>El Escudo Nacional es uno de los cuatro s\u00edmbolos identificatorios de la Naci\u00f3n Argentina. Los otros tres son Bandera Nacional, Himno Nacional y Escarapela.<\/p>\n\n\n\n<p>Actualmente, el escudo pertenece al sistema de s\u00edmbolos patrios asociados a la construcci\u00f3n del Estado moderno y de la identidad nacional. Si bien circulan muchas versiones, en la oficial, su forma es oval, cortada al medio: la mitad superior de color azul celeste, que representa la justicia, la verdad, la lealtad y la fraternidad; y la mitad inferior, de color plata (blanco), s\u00edmbolo de pureza, fe, hidalgu\u00eda, integridad, firmeza y obediencia. En la mitad inferior se estrechan dos manos diestras que sostienen un asta, que en la mitad azul celeste ostenta un gorro frigio, s\u00edmbolo de libertad. Las manos entrelazadas representan la uni\u00f3n fraternal de los hombres y de los pueblos. El asta o pica simboliza la autoridad, el mando, la dignidad y la soberan\u00eda.<\/p>\n\n\n\n<p>En la punta se ubica un sol naciente (figurado, de oro) con veinti\u00fan rayos visibles rectos y flam\u00edgeros alternados, que representa la verdad, la majestad y la prosperidad. Dos ramas de laureles (s\u00edmbolo de victoria y de gloria) forman una corona sobre la cara del sol y se cruzan en la base, unidos por un mo\u00f1o con los colores de la bandera nacional.<\/p>\n\n\n\n<p>En 1944, el Poder Ejecutivo Nacional oficializ\u00f3 la adopci\u00f3n del sello de la Asamblea como representaci\u00f3n del escudo argentino, otorg\u00e1ndole uniformidad. Desde entonces el Escudo Nacional que est\u00e1 vigente legalmente se rige por el\u00a0<a href=\"https:\/\/www.argentina.gob.ar\/normativa\/nacional\/decreto-10302-1944-59311\/actualizacion\" target=\"_blank\" rel=\"noreferrer noopener\">Decreto de S\u00edmbolos Nacionales N\u00ba10302<\/a>\u00a0del 24 de abril de 1944, firmado por el presidente de facto Edelmiro Farrell.<\/p>\n\n\n\n<figure class=\"wp-block-image size-full is-resized\"><a href=\"https:\/\/3260.com.ar\/web\/wp-content\/uploads\/2026\/03\/image-11.png\"><img loading=\"lazy\" decoding=\"async\" width=\"321\" height=\"142\" src=\"https:\/\/3260.com.ar\/web\/wp-content\/uploads\/2026\/03\/image-11.png\" alt=\"\" class=\"wp-image-11243\" style=\"width:396px;height:auto\" srcset=\"https:\/\/3260.com.ar\/web\/wp-content\/uploads\/2026\/03\/image-11.png 321w, https:\/\/3260.com.ar\/web\/wp-content\/uploads\/2026\/03\/image-11-300x133.png 300w\" sizes=\"auto, (max-width: 321px) 100vw, 321px\" \/><\/a><\/figure>\n","protected":false},"excerpt":{"rendered":"<p>El Escudo Nacional es uno de los cuatro s\u00edmbolos identificatorios de la Naci\u00f3n Argentina. Los otros tres son Bandera Nacional, Himno Nacional y Escarapela. Actualmente, el escudo pertenece al sistema de s\u00edmbolos patrios asociados a la construcci\u00f3n del Estado moderno y de la identidad nacional. Si bien circulan muchas versiones, en la oficial, su forma [&hellip;]<\/p>\n","protected":false},"author":3,"featured_media":11240,"comment_status":"closed","ping_status":"closed","sticky":false,"template":"","format":"standard","meta":{"_jetpack_memberships_contains_paid_content":false,"footnotes":"","jetpack_publicize_message":"","jetpack_publicize_feature_enabled":true,"jetpack_social_post_already_shared":true,"jetpack_social_options":{"image_generator_settings":{"template":"highway","default_image_id":0,"enabled":false},"version":2}},"categories":[176],"tags":[60,3124,3125],"class_list":["post-11239","post","type-post","status-publish","format-standard","has-post-thumbnail","hentry","category-educacion","tag-60","tag-dia-escudo-nacional","tag-escudo-nacional-simbologia"],"jetpack_publicize_connections":[],"jetpack_featured_media_url":"https:\/\/3260.com.ar\/web\/wp-content\/uploads\/2026\/03\/Escudo-Nacional-simbologia.jpg","jetpack_sharing_enabled":true,"_links":{"self":[{"href":"https:\/\/3260.com.ar\/web\/wp-json\/wp\/v2\/posts\/11239","targetHints":{"allow":["GET"]}}],"collection":[{"href":"https:\/\/3260.com.ar\/web\/wp-json\/wp\/v2\/posts"}],"about":[{"href":"https:\/\/3260.com.ar\/web\/wp-json\/wp\/v2\/types\/post"}],"author":[{"embeddable":true,"href":"https:\/\/3260.com.ar\/web\/wp-json\/wp\/v2\/users\/3"}],"replies":[{"embeddable":true,"href":"https:\/\/3260.com.ar\/web\/wp-json\/wp\/v2\/comments?post=11239"}],"version-history":[{"count":2,"href":"https:\/\/3260.com.ar\/web\/wp-json\/wp\/v2\/posts\/11239\/revisions"}],"predecessor-version":[{"id":11244,"href":"https:\/\/3260.com.ar\/web\/wp-json\/wp\/v2\/posts\/11239\/revisions\/11244"}],"wp:featuredmedia":[{"embeddable":true,"href":"https:\/\/3260.com.ar\/web\/wp-json\/wp\/v2\/media\/11240"}],"wp:attachment":[{"href":"https:\/\/3260.com.ar\/web\/wp-json\/wp\/v2\/media?parent=11239"}],"wp:term":[{"taxonomy":"category","embeddable":true,"href":"https:\/\/3260.com.ar\/web\/wp-json\/wp\/v2\/categories?post=11239"},{"taxonomy":"post_tag","embeddable":true,"href":"https:\/\/3260.com.ar\/web\/wp-json\/wp\/v2\/tags?post=11239"}],"curies":[{"name":"wp","href":"https:\/\/api.w.org\/{rel}","templated":true}]}}