{"id":11245,"date":"2026-03-13T09:48:09","date_gmt":"2026-03-13T12:48:09","guid":{"rendered":"https:\/\/3260.com.ar\/web\/?p=11245"},"modified":"2026-03-13T09:48:11","modified_gmt":"2026-03-13T12:48:11","slug":"240-aniversario-del-nacimiento-del-supremo-entrerriano-pancho-ramirez","status":"publish","type":"post","link":"https:\/\/3260.com.ar\/web\/240-aniversario-del-nacimiento-del-supremo-entrerriano-pancho-ramirez\/","title":{"rendered":"240 ANIVERSARIO DEL NACIMIENTO DEL SUPREMO ENTRERRIANO \u00abPANCHO RAMIREZ\u00bb"},"content":{"rendered":"\n<p>En relaci\u00f3n a la figura p\u00fablica de Francisco Ramirez desde esta redacci\u00f3n hemos realizado distintas publicaciones que pueden leerse en el v\u00ednculo <a href=\"https:\/\/3260.com.ar\/web\/francisco-ramirez-el-supremo-entrerriano\/\" data-type=\"link\" data-id=\"https:\/\/3260.com.ar\/web\/francisco-ramirez-el-supremo-entrerriano\/\">https:\/\/3260.com.ar\/web\/francisco-ramirez-el-supremo-entrerriano\/<\/a><\/p>\n\n\n\n<p>Con motivo de conmemorarse el 240\u00ba aniversario del nacimiento del caudillo entrerriano Francisco Ram\u00edrez, la Municipalidad de Concepci\u00f3n del Uruguay realizar\u00e1 este viernes un acto homenaje abierto a la comunidad.<\/p>\n\n\n\n<p>La ceremonia se llevar\u00e1 a cabo el viernes 13 de marzo a las 19 horas, al pie de la pir\u00e1mide ubicada en la Plaza Francisco Ram\u00edrez, espacio que lleva el nombre del \u201cSupremo Entrerriano\u201d.<\/p>\n\n\n\n<p>Seg\u00fan el programa previsto, el acto comenzar\u00e1 con la interpretaci\u00f3n del Himno Nacional Argentino y de la Marcha de Entre R\u00edos. Posteriormente se realizar\u00e1 la colocaci\u00f3n de ofrendas florales, palabras alusivas a la fecha,\u00a0y\u00a0como actividad destacada, se realizar\u00e1\u00a0el pasaje de los establecimientos educativos municipales, que participar\u00e1n de la ceremonia\u00a0con un peque\u00f1o desfile.<\/p>\n\n\n\n<figure class=\"wp-block-image size-full\"><a href=\"https:\/\/3260.com.ar\/web\/wp-content\/uploads\/2026\/03\/image-12.png\"><img loading=\"lazy\" decoding=\"async\" width=\"463\" height=\"728\" src=\"https:\/\/3260.com.ar\/web\/wp-content\/uploads\/2026\/03\/image-12.png\" alt=\"\" class=\"wp-image-11246\" srcset=\"https:\/\/3260.com.ar\/web\/wp-content\/uploads\/2026\/03\/image-12.png 463w, https:\/\/3260.com.ar\/web\/wp-content\/uploads\/2026\/03\/image-12-191x300.png 191w\" sizes=\"auto, (max-width: 463px) 100vw, 463px\" \/><\/a><\/figure>\n","protected":false},"excerpt":{"rendered":"<p>En relaci\u00f3n a la figura p\u00fablica de Francisco Ramirez desde esta redacci\u00f3n hemos realizado distintas publicaciones que pueden leerse en el v\u00ednculo https:\/\/3260.com.ar\/web\/francisco-ramirez-el-supremo-entrerriano\/ Con motivo de conmemorarse el 240\u00ba aniversario del nacimiento del caudillo entrerriano Francisco Ram\u00edrez, la Municipalidad de Concepci\u00f3n del Uruguay realizar\u00e1 este viernes un acto homenaje abierto a la comunidad. La ceremonia [&hellip;]<\/p>\n","protected":false},"author":3,"featured_media":11247,"comment_status":"closed","ping_status":"closed","sticky":false,"template":"","format":"standard","meta":{"_jetpack_memberships_contains_paid_content":false,"footnotes":"","jetpack_publicize_message":"","jetpack_publicize_feature_enabled":true,"jetpack_social_post_already_shared":true,"jetpack_social_options":{"image_generator_settings":{"template":"highway","default_image_id":0,"enabled":false},"version":2}},"categories":[176],"tags":[3126,60,1284,1044],"class_list":["post-11245","post","type-post","status-publish","format-standard","has-post-thumbnail","hentry","category-educacion","tag-240-aniversario-nacimiento-de-ramirez","tag-60","tag-pancho-ramirez","tag-supremo-entrerriano"],"jetpack_publicize_connections":[],"jetpack_featured_media_url":"https:\/\/3260.com.ar\/web\/wp-content\/uploads\/2026\/03\/mural-ramirez-delfina.gif","jetpack_sharing_enabled":true,"_links":{"self":[{"href":"https:\/\/3260.com.ar\/web\/wp-json\/wp\/v2\/posts\/11245","targetHints":{"allow":["GET"]}}],"collection":[{"href":"https:\/\/3260.com.ar\/web\/wp-json\/wp\/v2\/posts"}],"about":[{"href":"https:\/\/3260.com.ar\/web\/wp-json\/wp\/v2\/types\/post"}],"author":[{"embeddable":true,"href":"https:\/\/3260.com.ar\/web\/wp-json\/wp\/v2\/users\/3"}],"replies":[{"embeddable":true,"href":"https:\/\/3260.com.ar\/web\/wp-json\/wp\/v2\/comments?post=11245"}],"version-history":[{"count":1,"href":"https:\/\/3260.com.ar\/web\/wp-json\/wp\/v2\/posts\/11245\/revisions"}],"predecessor-version":[{"id":11248,"href":"https:\/\/3260.com.ar\/web\/wp-json\/wp\/v2\/posts\/11245\/revisions\/11248"}],"wp:featuredmedia":[{"embeddable":true,"href":"https:\/\/3260.com.ar\/web\/wp-json\/wp\/v2\/media\/11247"}],"wp:attachment":[{"href":"https:\/\/3260.com.ar\/web\/wp-json\/wp\/v2\/media?parent=11245"}],"wp:term":[{"taxonomy":"category","embeddable":true,"href":"https:\/\/3260.com.ar\/web\/wp-json\/wp\/v2\/categories?post=11245"},{"taxonomy":"post_tag","embeddable":true,"href":"https:\/\/3260.com.ar\/web\/wp-json\/wp\/v2\/tags?post=11245"}],"curies":[{"name":"wp","href":"https:\/\/api.w.org\/{rel}","templated":true}]}}