{"id":11250,"date":"2026-03-16T00:02:00","date_gmt":"2026-03-16T03:02:00","guid":{"rendered":"https:\/\/3260.com.ar\/web\/?p=11250"},"modified":"2026-03-13T21:58:49","modified_gmt":"2026-03-14T00:58:49","slug":"convocatoria-para-autores-entrerrianos-interesados-en-participar-de-la-feria-internacional-del-libro","status":"publish","type":"post","link":"https:\/\/3260.com.ar\/web\/convocatoria-para-autores-entrerrianos-interesados-en-participar-de-la-feria-internacional-del-libro\/","title":{"rendered":"CONVOCATORIA PARA AUTORES ENTRERRIANOS INTERESADOS EN PARTICIPAR DE LA FERIA INTERNACIONAL DEL LIBRO"},"content":{"rendered":"\n<p>L<strong>a Editorial de Entre R\u00edos (EDER) abri\u00f3 una convocatoria dirigida a autores entrerrianos interesados en exhibir sus obras en el stand institucional de Entre R\u00edos durante la 50\u00aa edici\u00f3n de la Feria Internacional del Libro de Buenos Aires.<\/strong>&nbsp;Este evento se llevar\u00e1 a cabo entre el 23 de abril y el 11 de mayo en el predio de La Rural.<\/p>\n\n\n\n<p>La editorial organizar\u00e1 una&nbsp;<strong>programaci\u00f3n de presentaciones y actividades<\/strong>&nbsp;en su espacio dentro de la feria, con el objetivo de&nbsp;<strong>promover la producci\u00f3n literaria entrerriana<\/strong>, fortalecer las industrias culturales locales y generar espacios de intercambio entre&nbsp;<strong>autores, editores, lectores e instituciones<\/strong>. Estas actividades buscan visibilizar el trabajo de los escritores de la provincia y fomentar la circulaci\u00f3n de sus obras.<\/p>\n\n\n\n<p>Los autores interesados en participar con la presentaci\u00f3n de sus libros deber\u00e1n&nbsp;<strong>completar un formulario de inscripci\u00f3n online<\/strong>, disponible en el siguiente enlace:&nbsp;<a href=\"https:\/\/forms.gle\/8L7NCMh7k1mKCPv1A\">https:\/\/forms.gle\/8L7NCMh7k1mKCPv1A<\/a>. La convocatoria est\u00e1 abierta hasta el 27 de marzo inclusive.<\/p>\n\n\n\n<p>Para consultas o para coordinar el cronograma de actividades, la organizaci\u00f3n puso a disposici\u00f3n el&nbsp;<strong>tel\u00e9fono 343 4807080<\/strong>, con atenci\u00f3n de lunes a viernes en los horarios de 8 a 13 y de 16 a 20.<\/p>\n\n\n\n<p>En el marco de la feria, el&nbsp;<strong>6 de mayo<\/strong>&nbsp;se celebrar\u00e1 el&nbsp;<strong>D\u00eda de Entre R\u00edos<\/strong>, una jornada especial en la que se entregar\u00e1 el&nbsp;<strong>Premio Fray Mocho<\/strong>&nbsp;en la categor\u00eda novela, reconociendo a la obra&nbsp;<em>Horizonte de sucesos<\/em>, de Mariana Bolz\u00e1n. Adem\u00e1s, se realizar\u00e1n otras actividades relacionadas con la producci\u00f3n editorial y art\u00edstica de la provincia, consolidando el espacio de Entre R\u00edos dentro del evento cultural m\u00e1s importante del pa\u00eds.<\/p>\n\n\n\n<figure class=\"wp-block-image size-full\"><a href=\"https:\/\/3260.com.ar\/web\/wp-content\/uploads\/2026\/03\/image-13.png\"><img loading=\"lazy\" decoding=\"async\" width=\"416\" height=\"508\" src=\"https:\/\/3260.com.ar\/web\/wp-content\/uploads\/2026\/03\/image-13.png\" alt=\"\" class=\"wp-image-11252\" srcset=\"https:\/\/3260.com.ar\/web\/wp-content\/uploads\/2026\/03\/image-13.png 416w, https:\/\/3260.com.ar\/web\/wp-content\/uploads\/2026\/03\/image-13-246x300.png 246w\" sizes=\"auto, (max-width: 416px) 100vw, 416px\" \/><\/a><\/figure>\n","protected":false},"excerpt":{"rendered":"<p>La Editorial de Entre R\u00edos (EDER) abri\u00f3 una convocatoria dirigida a autores entrerrianos interesados en exhibir sus obras en el stand institucional de Entre R\u00edos durante la 50\u00aa edici\u00f3n de la Feria Internacional del Libro de Buenos Aires.&nbsp;Este evento se llevar\u00e1 a cabo entre el 23 de abril y el 11 de mayo en el [&hellip;]<\/p>\n","protected":false},"author":3,"featured_media":11253,"comment_status":"closed","ping_status":"closed","sticky":false,"template":"","format":"standard","meta":{"_jetpack_memberships_contains_paid_content":false,"footnotes":"","jetpack_publicize_message":"","jetpack_publicize_feature_enabled":true,"jetpack_social_post_already_shared":true,"jetpack_social_options":{"image_generator_settings":{"template":"highway","default_image_id":0,"enabled":false},"version":2}},"categories":[174],"tags":[60,3127,3128],"class_list":["post-11250","post","type-post","status-publish","format-standard","has-post-thumbnail","hentry","category-cultura","tag-60","tag-editorial-entre-rios","tag-feria-internacional-libro-2026"],"jetpack_publicize_connections":[],"jetpack_featured_media_url":"https:\/\/3260.com.ar\/web\/wp-content\/uploads\/2026\/03\/editorial_entre_rios-JPG.jpg","jetpack_sharing_enabled":true,"_links":{"self":[{"href":"https:\/\/3260.com.ar\/web\/wp-json\/wp\/v2\/posts\/11250","targetHints":{"allow":["GET"]}}],"collection":[{"href":"https:\/\/3260.com.ar\/web\/wp-json\/wp\/v2\/posts"}],"about":[{"href":"https:\/\/3260.com.ar\/web\/wp-json\/wp\/v2\/types\/post"}],"author":[{"embeddable":true,"href":"https:\/\/3260.com.ar\/web\/wp-json\/wp\/v2\/users\/3"}],"replies":[{"embeddable":true,"href":"https:\/\/3260.com.ar\/web\/wp-json\/wp\/v2\/comments?post=11250"}],"version-history":[{"count":1,"href":"https:\/\/3260.com.ar\/web\/wp-json\/wp\/v2\/posts\/11250\/revisions"}],"predecessor-version":[{"id":11254,"href":"https:\/\/3260.com.ar\/web\/wp-json\/wp\/v2\/posts\/11250\/revisions\/11254"}],"wp:featuredmedia":[{"embeddable":true,"href":"https:\/\/3260.com.ar\/web\/wp-json\/wp\/v2\/media\/11253"}],"wp:attachment":[{"href":"https:\/\/3260.com.ar\/web\/wp-json\/wp\/v2\/media?parent=11250"}],"wp:term":[{"taxonomy":"category","embeddable":true,"href":"https:\/\/3260.com.ar\/web\/wp-json\/wp\/v2\/categories?post=11250"},{"taxonomy":"post_tag","embeddable":true,"href":"https:\/\/3260.com.ar\/web\/wp-json\/wp\/v2\/tags?post=11250"}],"curies":[{"name":"wp","href":"https:\/\/api.w.org\/{rel}","templated":true}]}}