{"id":11256,"date":"2026-03-14T00:01:00","date_gmt":"2026-03-14T03:01:00","guid":{"rendered":"https:\/\/3260.com.ar\/web\/?p=11256"},"modified":"2026-03-14T11:08:42","modified_gmt":"2026-03-14T14:08:42","slug":"la-ultima-escuela-de-frontera-del-departamento-uruguay","status":"publish","type":"post","link":"https:\/\/3260.com.ar\/web\/la-ultima-escuela-de-frontera-del-departamento-uruguay\/","title":{"rendered":"LA \u00daLTIMA ESCUELA DE FRONTERA DEL DEPARTAMENTO URUGUAY"},"content":{"rendered":"\n<p>Las Escuelas de Frontera son quiz\u00e1s el m\u00e1s claro ejemplo del sacrificio, la apertura y respeto por la diversidad cultural que una Comunidad educativa debe tener para que no quede nadie afuera. Una Escuela de frontera es la presencia del ESTADO marcando territorio y transmitiendo los valores que le son transversales a los intereses de la PATRIA.<\/p>\n\n\n\n<p>El 14 de marzo de 1972 se promulg\u00f3 la&nbsp;<a href=\"https:\/\/www.mendoza.edu.ar\/ley-nacional-19524-regimen-de-escuelas-de-zonas-y-areas-de-frontera-1972\/\" target=\"_blank\" rel=\"noreferrer noopener\">Ley 19.524<\/a>, la cual tiene como objetivo proteger, organizar y brindar los materiales y condiciones necesarios para el desarrollo y \u00f3ptimo funcionamiento de escuelas ubicadas en zonas y \u00e1reas de frontera.<\/p>\n\n\n\n<p>El Departamento Uruguay en la otrora Escuela N\u00b0 84 \u00abRep\u00fablica Argentina\u00bb tuvo a la \u00faltima Escuela de frontera.  Por diversos motivos que no viene al caso analizar en este art\u00edculo, hace algunos a\u00f1os que fue cerrada.<\/p>\n\n\n\n<p>En la Escuela de la Isla Juanic\u00f3, seg\u00fan relatan sus ex docentes los alumnos reun\u00edan algunas particularidades a saber: habilidad de peces para manejarse en el agua; bi nacionalidad (Argentina\/Uruguay) seg\u00fan conveniencia de cada momento; h\u00e1biles pescadores y tripulantes de embarcaciones; expertos en tareas de supervivencia, etc<\/p>\n\n\n\n<p>UN POCO DE HISTORIA: En el pa\u00eds hubo una \u00e9poca donde el Estado dec\u00eda presente sin mensurar los t\u00e9rminos econ\u00f3micos como en este 2026, donde primero la econom\u00eda y \u00faltimo la educaci\u00f3n.<\/p>\n\n\n\n<p>El 29 de marzo de 1936&nbsp;<strong>se inauguraba la Escuela flotante de la isla Juanic\u00f3, la escuela Flotante Republica Argentina<\/strong>, la que se fonde\u00f3 en la<strong>&nbsp;Isla \u201cEl Volat\u00edn\u201d.<\/strong>&nbsp;La escuela fue remolcada desde el astillero del MOP de&nbsp;<strong>Concepcion del Uruguay,<\/strong>&nbsp;donde fue construida hasta el lugar de su emplazamiento. <\/p>\n\n\n\n<p>El Gobernador de la provincia de Entre Rios, el Dr. Eduardo Tibiletti, presidi\u00f3 los actos de inauguraci\u00f3n traslad\u00e1ndose al lugar de los actos en un vapor del MOP. La escuela fue instalada por iniciativa del&nbsp;<strong>Dr. Pedro Guridi.&nbsp;<\/strong>Las clases comenzaron a dictarse en abril de 1936. Posteriormente la escuela fue trasladada a la&nbsp;<strong>Isla Juanic\u00f3.&nbsp;<\/strong>El aire en la isla Juanic\u00f3 es fresco, vital. Una peque\u00f1a brisa hace mover las hojas de los \u00e1rboles que suenan como campanitas vegetales. Un p\u00e1jaro surca el cielo, y una canoa pescadora tambi\u00e9n aletea sus remos, montado en el lomo de un r\u00edo que es como un cord\u00f3n umbilical, que va alimentando pueblos y ciudades y que alimenta tambi\u00e9n esta esperanza.<\/p>\n\n\n\n<p><strong>La nueva escuela<\/strong><\/p>\n\n\n\n<p>Si algo ense\u00f1an los pobladores isle\u00f1os es a tener esperanzas. Luego de la creciente de 1959, las familias isle\u00f1as logran con esfuerzo y sacrificio recuperar sus actividades productivas en la zona y vuelven a insistir con la necesidad de contar con una escuela.<\/p>\n\n\n\n<p>Por Resoluci\u00f3n N\u00b0 848 de 1977, el Consejo General de Educaci\u00f3n de Entre R\u00edos crea la Escuela N\u00b0 84 \u201cRep\u00fablica Argentina\u201d con asiento definitivo en la Isla Juanic\u00f3, a la altura del kil\u00f3metro 30 del r\u00edo Uruguay.<\/p>\n\n\n\n<p>La nueva escuela funciona en un edificio ubicado en un terreno donado por Am\u00e9rico Guridi, propietario de la isla Juanic\u00f3, y los pobladores \u2013con apoyo de Prefectura- logran reparar e incluso ampliar sus instalaciones.&nbsp;<\/p>\n\n\n\n<p>El 1\u00ba de octubre de 1977 es nombrado maestro y director el docente uruguayense Juan Carlos Bernasconi, y las clases comenzar\u00edan oficialmente junto con el ciclo lectivo de 1978. Paralelamente, las autoridades de la Cooperadora realizan gestiones para contar con una embarcaci\u00f3n adecuada que permita el traslado de los alumnos, movilidad de vital necesidad para cumplir con el objetivo del establecimiento escolar.<\/p>\n\n\n\n<p>Este esfuerzo de los isle\u00f1os m\u00e1s otros aportes oficiales, permiten adquirir a los hermanos Jorge y Jos\u00e9 Buronov, la lancha \u201cIlusi\u00f3n Isle\u00f1a\u00bb.<\/p>\n\n\n\n<p>Tal como estaba previsto, las clases comienzan en marzo de 1978.<\/p>\n\n\n\n<p>Nuevamente la creciente de octubre de 1979 obliga a cerrar la escuela. El a\u00f1o lectivo de 1980 se inicia normalmente, despu\u00e9s que los pobladores repararon los destrozos, y se incorpora como docente el maestro Pedro Ra\u00fal Pulido.<\/p>\n\n\n\n<figure class=\"wp-block-image size-large\"><a href=\"https:\/\/3260.com.ar\/web\/wp-content\/uploads\/2026\/03\/image-15.png\"><img loading=\"lazy\" decoding=\"async\" width=\"766\" height=\"1024\" src=\"https:\/\/3260.com.ar\/web\/wp-content\/uploads\/2026\/03\/image-15-766x1024.png\" alt=\"\" class=\"wp-image-11263\" srcset=\"https:\/\/3260.com.ar\/web\/wp-content\/uploads\/2026\/03\/image-15-766x1024.png 766w, https:\/\/3260.com.ar\/web\/wp-content\/uploads\/2026\/03\/image-15-224x300.png 224w, https:\/\/3260.com.ar\/web\/wp-content\/uploads\/2026\/03\/image-15-768x1027.png 768w, https:\/\/3260.com.ar\/web\/wp-content\/uploads\/2026\/03\/image-15-1149x1536.png 1149w, https:\/\/3260.com.ar\/web\/wp-content\/uploads\/2026\/03\/image-15.png 1163w\" sizes=\"auto, (max-width: 766px) 100vw, 766px\" \/><\/a><\/figure>\n\n\n\n<p class=\"has-small-font-size\">Fotograf\u00eda del a\u00f1o 1986. El logo de la Escuela N\u00b0 84 \u00abRep\u00fablica Argentina\u00bb, el joven Profesor Benitez y el Director Pedro Pulido.<\/p>\n\n\n\n<p>Otra vez la creciente de julio de 1983 (la tercera en importancia en la historia) afecta la escuela, la que debe ser evacuada y en forma provisoria se dispone su continuidad en el Puerto Campichuelo, funcionando en la Escuela \u201cAlmirante Brown\u201d hasta el 2 de septiembre de ese a\u00f1o.<\/p>\n\n\n\n<p>Nuevamente los isle\u00f1os reparan la escuela y en 1984 se construye un sal\u00f3n de usos m\u00faltiples y comedor. Ese mismo a\u00f1o la matr\u00edcula creciente oblig\u00f3 a la Provincia a crear un segundo cargo docente en este caso la designaci\u00f3n recay\u00f3 sobre el nobel Profesor Ceferino Benitez que proven\u00eda con su reciente t\u00edtulo obtenido en la Escuela Alberdi de Oro Verde.<\/p>\n\n\n\n<p>&nbsp;En el&nbsp;2007, el maestro de la Escuela N\u00b0 84 \u201cRep\u00fablica Argentina\u201d , Hugo Luis Mart\u00ednez,&nbsp; fue elegido como Maestro Ilustre, recibiendo la medalla de manos del ex presidente N\u00e9stor Kirchner.<\/p>\n\n\n\n<p>En la creciente de 2009 la escuela vuelve a cerrarse. Y durante todo el 2010 los ni\u00f1os isle\u00f1os no volvieron a tener clases.<\/p>\n\n\n\n<p>Actualmente la Escuela est\u00e1 cerrada.<\/p>\n","protected":false},"excerpt":{"rendered":"<p>Las Escuelas de Frontera son quiz\u00e1s el m\u00e1s claro ejemplo del sacrificio, la apertura y respeto por la diversidad cultural que una Comunidad educativa debe tener para que no quede nadie afuera. Una Escuela de frontera es la presencia del ESTADO marcando territorio y transmitiendo los valores que le son transversales a los intereses de [&hellip;]<\/p>\n","protected":false},"author":3,"featured_media":11257,"comment_status":"closed","ping_status":"closed","sticky":false,"template":"","format":"standard","meta":{"_jetpack_memberships_contains_paid_content":false,"footnotes":"","jetpack_publicize_message":"","jetpack_publicize_feature_enabled":true,"jetpack_social_post_already_shared":true,"jetpack_social_options":{"image_generator_settings":{"template":"highway","default_image_id":0,"enabled":false},"version":2}},"categories":[176],"tags":[60,3129,3130,3131],"class_list":["post-11256","post","type-post","status-publish","format-standard","has-post-thumbnail","hentry","category-educacion","tag-60","tag-escuela-84-republica-argentina","tag-escuela-isla-juanico","tag-escuelas-de-frontera"],"jetpack_publicize_connections":[],"jetpack_featured_media_url":"https:\/\/3260.com.ar\/web\/wp-content\/uploads\/2026\/03\/Escuela-flotante-Isla-Juanico.jpg","jetpack_sharing_enabled":true,"_links":{"self":[{"href":"https:\/\/3260.com.ar\/web\/wp-json\/wp\/v2\/posts\/11256","targetHints":{"allow":["GET"]}}],"collection":[{"href":"https:\/\/3260.com.ar\/web\/wp-json\/wp\/v2\/posts"}],"about":[{"href":"https:\/\/3260.com.ar\/web\/wp-json\/wp\/v2\/types\/post"}],"author":[{"embeddable":true,"href":"https:\/\/3260.com.ar\/web\/wp-json\/wp\/v2\/users\/3"}],"replies":[{"embeddable":true,"href":"https:\/\/3260.com.ar\/web\/wp-json\/wp\/v2\/comments?post=11256"}],"version-history":[{"count":3,"href":"https:\/\/3260.com.ar\/web\/wp-json\/wp\/v2\/posts\/11256\/revisions"}],"predecessor-version":[{"id":11267,"href":"https:\/\/3260.com.ar\/web\/wp-json\/wp\/v2\/posts\/11256\/revisions\/11267"}],"wp:featuredmedia":[{"embeddable":true,"href":"https:\/\/3260.com.ar\/web\/wp-json\/wp\/v2\/media\/11257"}],"wp:attachment":[{"href":"https:\/\/3260.com.ar\/web\/wp-json\/wp\/v2\/media?parent=11256"}],"wp:term":[{"taxonomy":"category","embeddable":true,"href":"https:\/\/3260.com.ar\/web\/wp-json\/wp\/v2\/categories?post=11256"},{"taxonomy":"post_tag","embeddable":true,"href":"https:\/\/3260.com.ar\/web\/wp-json\/wp\/v2\/tags?post=11256"}],"curies":[{"name":"wp","href":"https:\/\/api.w.org\/{rel}","templated":true}]}}