{"id":11259,"date":"2026-03-15T00:03:00","date_gmt":"2026-03-15T03:03:00","guid":{"rendered":"https:\/\/3260.com.ar\/web\/?p=11259"},"modified":"2026-03-13T22:48:41","modified_gmt":"2026-03-14T01:48:41","slug":"15-de-marzo-dia-nacional-de-la-accesibilidad","status":"publish","type":"post","link":"https:\/\/3260.com.ar\/web\/15-de-marzo-dia-nacional-de-la-accesibilidad\/","title":{"rendered":"15 DE MARZO DIA NACIONAL DE LA ACCESIBILIDAD"},"content":{"rendered":"\n<p>El 15 de marzo de 1994 se sanciona la Ley Nacional N\u00b024.314 con el fin de facilitar el desarrollo de las actividades de todas las personas mejorando la autonom\u00eda personal y la calidad de vida en un entorno inclusivo. A partir de all\u00ed, ese d\u00eda se declara como D\u00eda de la Accesibilidad para concientizar sobre la importancia de garantizar estrategias que permitan una verdadera inclusi\u00f3n.<\/p>\n\n\n\n<p>La accesibilidad es un derecho y una herramienta para ejercer derechos. Cuando hay accesibilidad, todas las personas pueden participar en igualdad de condiciones.<\/p>\n\n\n\n<p>En Argentina, la accesibilidad est\u00e1 establecida en la Convenci\u00f3n Internacional sobre los Derechos de las Personas con Discapacidad, documento de las Naciones Unidas con rango constitucional (Ley 27.044).<\/p>\n\n\n\n<p>La accesibilidad propone transformar los entornos para garantizar la participaci\u00f3n sin barreras de todas las personas en la vida social, cultural, econ\u00f3mica y educativa del pa\u00eds. Para que la accesibilidad sea efectiva, es necesario abordar las barreras presentes en los espacios f\u00edsicos, el transporte, los medios de comunicaci\u00f3n, las p\u00e1ginas web, entre otras. Tambi\u00e9n es necesario desarmar los prejuicios y falsas creencias acerca de la discapacidad.<\/p>\n\n\n\n<figure class=\"wp-block-image size-full\"><a href=\"https:\/\/3260.com.ar\/web\/wp-content\/uploads\/2026\/03\/image-14.png\"><img loading=\"lazy\" decoding=\"async\" width=\"940\" height=\"348\" src=\"https:\/\/3260.com.ar\/web\/wp-content\/uploads\/2026\/03\/image-14.png\" alt=\"\" class=\"wp-image-11260\" srcset=\"https:\/\/3260.com.ar\/web\/wp-content\/uploads\/2026\/03\/image-14.png 940w, https:\/\/3260.com.ar\/web\/wp-content\/uploads\/2026\/03\/image-14-300x111.png 300w, https:\/\/3260.com.ar\/web\/wp-content\/uploads\/2026\/03\/image-14-768x284.png 768w\" sizes=\"auto, (max-width: 940px) 100vw, 940px\" \/><\/a><\/figure>\n","protected":false},"excerpt":{"rendered":"<p>El 15 de marzo de 1994 se sanciona la Ley Nacional N\u00b024.314 con el fin de facilitar el desarrollo de las actividades de todas las personas mejorando la autonom\u00eda personal y la calidad de vida en un entorno inclusivo. A partir de all\u00ed, ese d\u00eda se declara como D\u00eda de la Accesibilidad para concientizar sobre [&hellip;]<\/p>\n","protected":false},"author":3,"featured_media":11261,"comment_status":"closed","ping_status":"closed","sticky":false,"template":"","format":"standard","meta":{"_jetpack_memberships_contains_paid_content":false,"footnotes":"","jetpack_publicize_message":"","jetpack_publicize_feature_enabled":true,"jetpack_social_post_already_shared":true,"jetpack_social_options":{"image_generator_settings":{"template":"highway","default_image_id":0,"enabled":false},"version":2}},"categories":[176],"tags":[60,3132,3133],"class_list":["post-11259","post","type-post","status-publish","format-standard","has-post-thumbnail","hentry","category-educacion","tag-60","tag-dia-nacional-de-accesibilidad","tag-direccion-inclusion-cdu"],"jetpack_publicize_connections":[],"jetpack_featured_media_url":"https:\/\/3260.com.ar\/web\/wp-content\/uploads\/2026\/03\/Simbolo-de-Accesibilidad-Universal.jpg","jetpack_sharing_enabled":true,"_links":{"self":[{"href":"https:\/\/3260.com.ar\/web\/wp-json\/wp\/v2\/posts\/11259","targetHints":{"allow":["GET"]}}],"collection":[{"href":"https:\/\/3260.com.ar\/web\/wp-json\/wp\/v2\/posts"}],"about":[{"href":"https:\/\/3260.com.ar\/web\/wp-json\/wp\/v2\/types\/post"}],"author":[{"embeddable":true,"href":"https:\/\/3260.com.ar\/web\/wp-json\/wp\/v2\/users\/3"}],"replies":[{"embeddable":true,"href":"https:\/\/3260.com.ar\/web\/wp-json\/wp\/v2\/comments?post=11259"}],"version-history":[{"count":1,"href":"https:\/\/3260.com.ar\/web\/wp-json\/wp\/v2\/posts\/11259\/revisions"}],"predecessor-version":[{"id":11262,"href":"https:\/\/3260.com.ar\/web\/wp-json\/wp\/v2\/posts\/11259\/revisions\/11262"}],"wp:featuredmedia":[{"embeddable":true,"href":"https:\/\/3260.com.ar\/web\/wp-json\/wp\/v2\/media\/11261"}],"wp:attachment":[{"href":"https:\/\/3260.com.ar\/web\/wp-json\/wp\/v2\/media?parent=11259"}],"wp:term":[{"taxonomy":"category","embeddable":true,"href":"https:\/\/3260.com.ar\/web\/wp-json\/wp\/v2\/categories?post=11259"},{"taxonomy":"post_tag","embeddable":true,"href":"https:\/\/3260.com.ar\/web\/wp-json\/wp\/v2\/tags?post=11259"}],"curies":[{"name":"wp","href":"https:\/\/api.w.org\/{rel}","templated":true}]}}