{"id":11268,"date":"2026-03-17T00:01:00","date_gmt":"2026-03-17T03:01:00","guid":{"rendered":"https:\/\/3260.com.ar\/web\/?p=11268"},"modified":"2026-03-16T22:16:41","modified_gmt":"2026-03-17T01:16:41","slug":"nosotras-tambien-estuvimos-participacion-femenina-en-malvinas-1982","status":"publish","type":"post","link":"https:\/\/3260.com.ar\/web\/nosotras-tambien-estuvimos-participacion-femenina-en-malvinas-1982\/","title":{"rendered":"NOSOTRAS TAMBIEN ESTUVIMOS, PARTICIPACI\u00d3N FEMENINA EN MALVINAS 1982"},"content":{"rendered":"\n<p>\u201cNosotras tambi\u00e9n estuvimos\u201d, un documental imprescindible sobre la participaci\u00f3n femenina en Malvinas.<\/p>\n\n\n\n<p>Alicia Reynoso, Stella Morales y Ana Masitto. Est\u00e1n las tres juntas en la foto que reconstruyen: \u201cSeguimos juntas, luchamos para que no nos olviden\u201d.<\/p>\n\n\n\n<p>Durante la guerra de Malvinas 649 soldados argentinos murieron y m\u00e1s de mil resultaron heridos. Muchos de ellos fueron atendidos por 14 enfermeras de la Fuerza A\u00e9rea en un hospital m\u00f3vil ubicado en Comodoro Rivadavia. <\/p>\n\n\n\n<p>Tres de ellas volvieron con Federico Strifezzo a documentar sus historias. Voces de las mujeres nos interpelan y nos inquietan ante tantos a\u00f1os de invisibilidad:  \u201cSer veterano de guerra implica haber participado en un conflicto. Somos veteranas por nuestro rol de enfermeras. Tanto que hablamos de inclusi\u00f3n, hagamos. El nombre de mujeres veteranas de Malvinas no est\u00e1 en ning\u00fan lado.\u201d \u00a0<\/p>\n\n\n\n<figure class=\"wp-block-image size-large\"><a href=\"https:\/\/3260.com.ar\/web\/wp-content\/uploads\/2026\/03\/image-16.png\"><img loading=\"lazy\" decoding=\"async\" width=\"1024\" height=\"576\" src=\"https:\/\/3260.com.ar\/web\/wp-content\/uploads\/2026\/03\/image-16-1024x576.png\" alt=\"\" class=\"wp-image-11269\" srcset=\"https:\/\/3260.com.ar\/web\/wp-content\/uploads\/2026\/03\/image-16-1024x576.png 1024w, https:\/\/3260.com.ar\/web\/wp-content\/uploads\/2026\/03\/image-16-300x169.png 300w, https:\/\/3260.com.ar\/web\/wp-content\/uploads\/2026\/03\/image-16-768x432.png 768w, https:\/\/3260.com.ar\/web\/wp-content\/uploads\/2026\/03\/image-16.png 1440w\" sizes=\"auto, (max-width: 1024px) 100vw, 1024px\" \/><\/a><\/figure>\n\n\n\n<figure class=\"wp-block-image size-large\"><a href=\"https:\/\/3260.com.ar\/web\/wp-content\/uploads\/2026\/03\/image-17.png\"><img loading=\"lazy\" decoding=\"async\" width=\"1024\" height=\"462\" src=\"https:\/\/3260.com.ar\/web\/wp-content\/uploads\/2026\/03\/image-17-1024x462.png\" alt=\"\" class=\"wp-image-11270\" srcset=\"https:\/\/3260.com.ar\/web\/wp-content\/uploads\/2026\/03\/image-17-1024x462.png 1024w, https:\/\/3260.com.ar\/web\/wp-content\/uploads\/2026\/03\/image-17-300x135.png 300w, https:\/\/3260.com.ar\/web\/wp-content\/uploads\/2026\/03\/image-17-768x346.png 768w, https:\/\/3260.com.ar\/web\/wp-content\/uploads\/2026\/03\/image-17.png 1440w\" sizes=\"auto, (max-width: 1024px) 100vw, 1024px\" \/><\/a><\/figure>\n\n\n\n<h3 class=\"wp-block-heading\">Participar de una Guerra<\/h3>\n\n\n\n<p>\u00abEn el 82 nos sorprende la guerra como a todos y nos ordenaron marchar con el hospital reubicable\u00bb, cont\u00f3 Reynoso. Tanto Alicia como Stella recuerdan el momento del viaje en avi\u00f3n: eran muchos soldados, sentados en el suelo, que se sorprendieron al ver que junto a ellos viajaban mujeres, vestidas tambi\u00e9n de verde. Los insultos abundaron y el piloto les sugiri\u00f3 un lugar apartado para que puedan viajar tranquilas.<\/p>\n\n\n\n<p>\u00abCuando nosotras ingresamos, la&nbsp;Fuerza A\u00e9rea no estaba preparada para recibir a mujeres.&nbsp;Por ejemplo, la ropa de fajina, que es la ropa verde, eran uniformes relativamente grandes, s\u00f3lo para hombres. Yo tengo la cabeza chica y los cascos no estaban hechos&nbsp;para m\u00ed. Entonces siempre&nbsp;me quedaba grande y me tapaba hasta los ojos\u00bb, record\u00f3 Morales con una sonrisa tierna en su rostro.<\/p>\n\n\n\n<p>Si bien cada una recibi\u00f3 una formaci\u00f3n profesional, no estaban preparadas emocionalmente para lo que vivieron. &nbsp;\u00abNosotras nunca tuvimos una contenci\u00f3n, a pesar del estr\u00e9s y de todo lo que vivimos al ser tambi\u00e9n j\u00f3venes\u00bb, explic\u00f3 Morales.&nbsp;\u00abNos encontramos con algo que nunca nos hubi\u00e9ramos imaginado porque nosotras, aparte de curar las heridas del cuerpo, tuvimos que curar las heridas del alma, que muchas veces dol\u00edan&nbsp;m\u00e1s. Eran muy j\u00f3venes los soldados que ven\u00edan\u00bb, agreg\u00f3&nbsp;Alicia y mientras contaba esto, record\u00f3 una an\u00e9cdota, que tambi\u00e9n narra en su libro&nbsp;<em>Cr\u00f3nicas de un olvido: mujeres enfermeras en la Guerra de Malvinas&nbsp;<\/em>(2017):<\/p>\n\n\n\n<p>\u00abEllos llegaban a la madrugada, con un mont\u00f3n de fr\u00edo, mal alimentados.&nbsp;Entonces yo le digo al hombre que estaba a cargo nuestro: \u00abSe\u00f1or, \u00bfpor qu\u00e9,&nbsp;en vez de darles una leche, un matecocido, no les damos algo m\u00e1s copioso, una sopa bien suculenta? Y hab\u00edan unos rollos de cintas de Argentina as\u00ed&nbsp;que le dije al Cabo Principal de hacer un mo\u00f1ito en cada cuchara. Ese detalle tan tonto le cambi\u00f3&nbsp;la cara a los soldados cuando recibieron la sopa. Era una forma de decir gracias;&nbsp;ven\u00edan de defender la patria. Ten\u00edan 18 a\u00f1os y era el servicio militar obligatorio\u00bb.<\/p>\n\n\n\n<p>Algo en com\u00fan con los soldados era la camarader\u00eda. Sobre esto, Stella narr\u00f3: \u00abExtra\u00f1aba mucho, extra\u00f1aba a mi mam\u00e1, quer\u00eda verla, as\u00ed como quer\u00edan todos los que fueron. Pero al mismo tiempo me quer\u00eda quedar y no quer\u00eda dejar a mis compa\u00f1eras. Lo mismo le suced\u00eda a los soldados\u00bb.<\/p>\n\n\n\n<p>NOSOTRAS TAMBIEN ESTUVIMOS ES UN DOCUMENTAL, con la siguiente <strong>Ficha t\u00e9cnica<\/strong>:<\/p>\n\n\n\n<p><\/p>\n\n\n\n<p><em>Nosotras<\/em><strong><em>\u00a0<\/em><\/strong><em>tambi\u00e9n<\/em><strong><em>\u00a0<\/em><\/strong><em>estuvimos<\/em>\u00a0(Argentina, 2020) \u00a070 min. Documental<br>Calificaci\u00f3n ATP c\/leyenda\/ Distribuci\u00f3n\u00a0Independiente<br>Escrita y dirigida por\u00a0Federico Strifezzo\u00a0\/ Compa\u00f1\u00eda productora\u00a0En el camino producciones\u00a0\/ Con el apoyo de\u00a0INCAA\u00a0\/\u00a0Producci\u00f3n\u00a0Federico Strifezzo, Alejandra Perdomo, Jos\u00e9 Velazquez\/ Direcci\u00f3n de Fotograf\u00eda\u00a0Erick Joshadeck Benavides\/ Director de sonido<strong>\u00a0<\/strong>Andr\u00e9s Perugini\u00a0<strong>\/<\/strong>\u00a0Montaje\u00a0Pablo Mazzolo (SAE)<strong>\u00a0<\/strong>Colorista\u00a0Alejandro Egu\u00eda<strong>\u00a0\/\u00a0<\/strong>FX\u00a0Guido Farji\u00a0<strong>\/<\/strong>\u00a0M\u00fasica\u00a0Biomas\u00a0<strong>\/<\/strong>\u00a0\u00a0Elenco\u00a0Alicia Reynoso<strong>,<\/strong>\u00a0Ana Masitto y<strong>\u00a0<\/strong>Stella Morales.<\/p>\n\n\n\n<p><a href=\"https:\/\/youtu.be\/T079RYH-9jM?si=utc2wmyUsV6qZyZN\" data-type=\"link\" data-id=\"https:\/\/youtu.be\/T079RYH-9jM?si=utc2wmyUsV6qZyZN\">https:\/\/youtu.be\/T079RYH-9jM?si=utc2wmyUsV6qZyZN<\/a><\/p>\n","protected":false},"excerpt":{"rendered":"<p>\u201cNosotras tambi\u00e9n estuvimos\u201d, un documental imprescindible sobre la participaci\u00f3n femenina en Malvinas. Alicia Reynoso, Stella Morales y Ana Masitto. Est\u00e1n las tres juntas en la foto que reconstruyen: \u201cSeguimos juntas, luchamos para que no nos olviden\u201d. Durante la guerra de Malvinas 649 soldados argentinos murieron y m\u00e1s de mil resultaron heridos. Muchos de ellos fueron [&hellip;]<\/p>\n","protected":false},"author":3,"featured_media":11272,"comment_status":"closed","ping_status":"closed","sticky":false,"template":"","format":"standard","meta":{"_jetpack_memberships_contains_paid_content":false,"footnotes":"","jetpack_publicize_message":"","jetpack_publicize_feature_enabled":true,"jetpack_social_post_already_shared":true,"jetpack_social_options":{"image_generator_settings":{"template":"highway","default_image_id":0,"enabled":false},"version":2}},"categories":[176],"tags":[60,3136,3135,3134],"class_list":["post-11268","post","type-post","status-publish","format-standard","has-post-thumbnail","hentry","category-educacion","tag-60","tag-malvinas-argentinas","tag-mujeres-en-guerra-malvinas","tag-nosotras-tambien-estuvimos"],"jetpack_publicize_connections":[],"jetpack_featured_media_url":"https:\/\/3260.com.ar\/web\/wp-content\/uploads\/2026\/03\/Nosotras-tambien-estuvimos.jpg","jetpack_sharing_enabled":true,"_links":{"self":[{"href":"https:\/\/3260.com.ar\/web\/wp-json\/wp\/v2\/posts\/11268","targetHints":{"allow":["GET"]}}],"collection":[{"href":"https:\/\/3260.com.ar\/web\/wp-json\/wp\/v2\/posts"}],"about":[{"href":"https:\/\/3260.com.ar\/web\/wp-json\/wp\/v2\/types\/post"}],"author":[{"embeddable":true,"href":"https:\/\/3260.com.ar\/web\/wp-json\/wp\/v2\/users\/3"}],"replies":[{"embeddable":true,"href":"https:\/\/3260.com.ar\/web\/wp-json\/wp\/v2\/comments?post=11268"}],"version-history":[{"count":1,"href":"https:\/\/3260.com.ar\/web\/wp-json\/wp\/v2\/posts\/11268\/revisions"}],"predecessor-version":[{"id":11273,"href":"https:\/\/3260.com.ar\/web\/wp-json\/wp\/v2\/posts\/11268\/revisions\/11273"}],"wp:featuredmedia":[{"embeddable":true,"href":"https:\/\/3260.com.ar\/web\/wp-json\/wp\/v2\/media\/11272"}],"wp:attachment":[{"href":"https:\/\/3260.com.ar\/web\/wp-json\/wp\/v2\/media?parent=11268"}],"wp:term":[{"taxonomy":"category","embeddable":true,"href":"https:\/\/3260.com.ar\/web\/wp-json\/wp\/v2\/categories?post=11268"},{"taxonomy":"post_tag","embeddable":true,"href":"https:\/\/3260.com.ar\/web\/wp-json\/wp\/v2\/tags?post=11268"}],"curies":[{"name":"wp","href":"https:\/\/api.w.org\/{rel}","templated":true}]}}