{"id":11274,"date":"2026-03-18T00:03:00","date_gmt":"2026-03-18T03:03:00","guid":{"rendered":"https:\/\/3260.com.ar\/web\/?p=11274"},"modified":"2026-03-17T19:48:31","modified_gmt":"2026-03-17T22:48:31","slug":"doctorado-en-educacion-con-mencion-en-didacticas-especificas-2","status":"publish","type":"post","link":"https:\/\/3260.com.ar\/web\/doctorado-en-educacion-con-mencion-en-didacticas-especificas-2\/","title":{"rendered":"DOCTORADO  EN EDUCACI\u00d3N CON MENCI\u00d3N EN DID\u00c1CTICAS ESPEC\u00cdFICAS"},"content":{"rendered":"\n<p>La Universidad Aut\u00f3noma de Entre R\u00edos (UADER) informa la apertura de inscripciones para una nueva cohorte del Doctorado en Educaci\u00f3n con Menci\u00f3n en Did\u00e1cticas Espec\u00edficas.<\/p>\n\n\n\n<p>Esta propuesta de posgrado, presentada en 2023 como la primera en la casa de estudios con el m\u00e1ximo nivel de titulaci\u00f3n, se orienta a la formaci\u00f3n de investigadores e investigadoras de alto nivel en el campo de la educaci\u00f3n.<\/p>\n\n\n\n<p>El programa tiene como prop\u00f3sito profundizar la producci\u00f3n de conocimiento en torno a las did\u00e1cticas espec\u00edficas de las distintas \u00e1reas disciplinares, promoviendo el an\u00e1lisis cr\u00edtico, la innovaci\u00f3n pedag\u00f3gica y el fortalecimiento de pr\u00e1cticas educativas s\u00f3lidamente fundamentadas desde perspectivas te\u00f3ricas y metodol\u00f3gicas actuales.<\/p>\n\n\n\n<p>El Doctorado est\u00e1 dirigido a docentes, investigadores\/as y profesionales con t\u00edtulo de grado o formaci\u00f3n equivalente, interesados en desarrollar proyectos de investigaci\u00f3n originales que contribuyan al campo educativo desde enfoques interdisciplinarios y contextualizados.<\/p>\n\n\n\n<p>Durante 2026, la propuesta contempla el dictado de los siguientes espacios curriculares:<\/p>\n\n\n\n<ul class=\"wp-block-list\">\n<li>M\u00e9todos Cualitativos en la Investigaci\u00f3n Educativa<\/li>\n\n\n\n<li>Cuestiones de Psicolog\u00eda en Educaci\u00f3n<\/li>\n\n\n\n<li>Pedagog\u00edas Contempor\u00e1neas<\/li>\n\n\n\n<li>M\u00e9todos Cuantitativos en la Investigaci\u00f3n Educativa<\/li>\n\n\n\n<li>Dise\u00f1o de Tesis<\/li>\n<\/ul>\n\n\n\n<p>Asimismo, se encuentra previsto un encuentro acad\u00e9mico entre doctorandos de distintas universidades, destinado al intercambio de experiencias y a la construcci\u00f3n de redes de investigaci\u00f3n.<\/p>\n\n\n\n<p>Se invita a quienes deseen profundizar su trayectoria acad\u00e9mica y contribuir al fortalecimiento de las did\u00e1cticas espec\u00edficas a formar parte de esta nueva cohorte.<\/p>\n\n\n\n<p><a href=\"https:\/\/drive.google.com\/file\/d\/1BICacFFhB7Guy2Nw_NxV5eHAYt-vRVZi\/view\" target=\"_blank\" rel=\"noreferrer noopener\">VER DOCUMENTO CON M\u00c1S DETALLES<\/a><\/p>\n\n\n\n<p><strong>Informes e inscripci\u00f3n:<\/strong>\u00a0<a href=\"mailto:secretaria_doc.educacion@uader.edu.ar\">secretaria_doc.educacion@uader.edu.ar<\/a>\u00a0\u00a0<br>\u00a0<\/p>\n\n\n\n<figure class=\"wp-block-image size-full\"><a href=\"https:\/\/3260.com.ar\/web\/wp-content\/uploads\/2026\/03\/image-18.png\"><img loading=\"lazy\" decoding=\"async\" width=\"795\" height=\"714\" src=\"https:\/\/3260.com.ar\/web\/wp-content\/uploads\/2026\/03\/image-18.png\" alt=\"\" class=\"wp-image-11275\" srcset=\"https:\/\/3260.com.ar\/web\/wp-content\/uploads\/2026\/03\/image-18.png 795w, https:\/\/3260.com.ar\/web\/wp-content\/uploads\/2026\/03\/image-18-300x269.png 300w, https:\/\/3260.com.ar\/web\/wp-content\/uploads\/2026\/03\/image-18-768x690.png 768w\" sizes=\"auto, (max-width: 795px) 100vw, 795px\" \/><\/a><\/figure>\n\n\n\n<p><a href=\"https:\/\/www.facebook.com\/sharer\/sharer.php?u=https:\/\/noticias.uader.edu.ar\/novedades\/posgrado\/apertura-de-inscripciones-para-una-nueva-cohorte-del-doctorado-en-educacion-con&amp;title=Apertura%20de%20inscripciones%20para%20una%20nueva%20cohorte%20del%20Doctorado%20en%20Educaci%C3%B3n%20con%20Menci%C3%B3n%20en%20Did%C3%A1cticas%20Espec%C3%ADficas\" target=\"_blank\" rel=\"noreferrer noopener\"><\/a><a href=\"https:\/\/twitter.com\/intent\/tweet?text=Apertura%20de%20inscripciones%20para%20una%20nueva%20cohorte%20del%20Doctorado%20en%20Educaci%C3%B3n%20con%20Menci%C3%B3n%20en%20Did%C3%A1cticas%20Espec%C3%ADficas+https:\/\/noticias.uader.edu.ar\/novedades\/posgrado\/apertura-de-inscripciones-para-una-nueva-cohorte-del-doctorado-en-educacion-con\" target=\"_blank\" rel=\"noreferrer noopener\"><\/a><a href=\"https:\/\/wa.me\/?text=https:\/\/noticias.uader.edu.ar\/novedades\/posgrado\/apertura-de-inscripciones-para-una-nueva-cohorte-del-doctorado-en-educacion-con\" target=\"_blank\" rel=\"noreferrer noopener\"><\/a><a href=\"mailto:?subject=Apertura%20de%20inscripciones%20para%20una%20nueva%20cohorte%20del%20Doctorado%20en%20Educaci%C3%B3n%20con%20Menci%C3%B3n%20en%20Did%C3%A1cticas%20Espec%C3%ADficas&amp;body=https:\/\/noticias.uader.edu.ar\/novedades\/posgrado\/apertura-de-inscripciones-para-una-nueva-cohorte-del-doctorado-en-educacion-con\" target=\"_blank\" rel=\"noreferrer noopener\"><\/a><a><\/a><\/p>\n\n\n\n<p><\/p>\n","protected":false},"excerpt":{"rendered":"<p>La Universidad Aut\u00f3noma de Entre R\u00edos (UADER) informa la apertura de inscripciones para una nueva cohorte del Doctorado en Educaci\u00f3n con Menci\u00f3n en Did\u00e1cticas Espec\u00edficas. Esta propuesta de posgrado, presentada en 2023 como la primera en la casa de estudios con el m\u00e1ximo nivel de titulaci\u00f3n, se orienta a la formaci\u00f3n de investigadores e investigadoras [&hellip;]<\/p>\n","protected":false},"author":3,"featured_media":11276,"comment_status":"closed","ping_status":"closed","sticky":false,"template":"","format":"standard","meta":{"_jetpack_memberships_contains_paid_content":false,"footnotes":"","jetpack_publicize_message":"","jetpack_publicize_feature_enabled":true,"jetpack_social_post_already_shared":true,"jetpack_social_options":{"image_generator_settings":{"template":"highway","default_image_id":0,"enabled":false},"version":2}},"categories":[176],"tags":[60,3137,494],"class_list":["post-11274","post","type-post","status-publish","format-standard","has-post-thumbnail","hentry","category-educacion","tag-60","tag-doctorado-en-educacion","tag-uader"],"jetpack_publicize_connections":[],"jetpack_featured_media_url":"https:\/\/3260.com.ar\/web\/wp-content\/uploads\/2026\/03\/Doctorado-en-educacion-online.jpg","jetpack_sharing_enabled":true,"_links":{"self":[{"href":"https:\/\/3260.com.ar\/web\/wp-json\/wp\/v2\/posts\/11274","targetHints":{"allow":["GET"]}}],"collection":[{"href":"https:\/\/3260.com.ar\/web\/wp-json\/wp\/v2\/posts"}],"about":[{"href":"https:\/\/3260.com.ar\/web\/wp-json\/wp\/v2\/types\/post"}],"author":[{"embeddable":true,"href":"https:\/\/3260.com.ar\/web\/wp-json\/wp\/v2\/users\/3"}],"replies":[{"embeddable":true,"href":"https:\/\/3260.com.ar\/web\/wp-json\/wp\/v2\/comments?post=11274"}],"version-history":[{"count":1,"href":"https:\/\/3260.com.ar\/web\/wp-json\/wp\/v2\/posts\/11274\/revisions"}],"predecessor-version":[{"id":11277,"href":"https:\/\/3260.com.ar\/web\/wp-json\/wp\/v2\/posts\/11274\/revisions\/11277"}],"wp:featuredmedia":[{"embeddable":true,"href":"https:\/\/3260.com.ar\/web\/wp-json\/wp\/v2\/media\/11276"}],"wp:attachment":[{"href":"https:\/\/3260.com.ar\/web\/wp-json\/wp\/v2\/media?parent=11274"}],"wp:term":[{"taxonomy":"category","embeddable":true,"href":"https:\/\/3260.com.ar\/web\/wp-json\/wp\/v2\/categories?post=11274"},{"taxonomy":"post_tag","embeddable":true,"href":"https:\/\/3260.com.ar\/web\/wp-json\/wp\/v2\/tags?post=11274"}],"curies":[{"name":"wp","href":"https:\/\/api.w.org\/{rel}","templated":true}]}}