{"id":11479,"date":"2026-04-25T01:13:35","date_gmt":"2026-04-25T04:13:35","guid":{"rendered":"https:\/\/3260.com.ar\/web\/?p=11479"},"modified":"2026-04-25T01:13:36","modified_gmt":"2026-04-25T04:13:36","slug":"mateada-penera","status":"publish","type":"post","link":"https:\/\/3260.com.ar\/web\/mateada-penera\/","title":{"rendered":"MATEADA PE\u00d1ERA"},"content":{"rendered":"\n<p>La Escuela de Danzas Folkl\u00f3ricas \u00abMITA\u00cd\u00bb a cargo de la profesora Agustina Diaz, presentar\u00e1 el domingo 26 de abril de 2026 desde  las 17hs en el sal\u00f3n contiguo a la Capilla Mar\u00eda Auxiliadora de Concepci\u00f3n del Uruguay. <\/p>\n\n\n\n<p>Ser\u00e1 un momento propicio para compartir una tarde de m\u00fasica y baile entre amigos de las danzas tradicionales argentinas.<\/p>\n\n\n\n<p>Mita\u00ed trabaja semanalmente ofreciendo espacios de aprendizajes para alumnos de todas las edades.<\/p>\n\n\n\n<figure class=\"wp-block-image size-large\"><a href=\"https:\/\/3260.com.ar\/web\/wp-content\/uploads\/2026\/04\/image-49.png\"><img loading=\"lazy\" decoding=\"async\" width=\"819\" height=\"1024\" src=\"https:\/\/3260.com.ar\/web\/wp-content\/uploads\/2026\/04\/image-49-819x1024.png\" alt=\"\" class=\"wp-image-11480\" srcset=\"https:\/\/3260.com.ar\/web\/wp-content\/uploads\/2026\/04\/image-49-819x1024.png 819w, https:\/\/3260.com.ar\/web\/wp-content\/uploads\/2026\/04\/image-49-240x300.png 240w, https:\/\/3260.com.ar\/web\/wp-content\/uploads\/2026\/04\/image-49-768x960.png 768w, https:\/\/3260.com.ar\/web\/wp-content\/uploads\/2026\/04\/image-49-1228x1536.png 1228w, https:\/\/3260.com.ar\/web\/wp-content\/uploads\/2026\/04\/image-49.png 1350w\" sizes=\"auto, (max-width: 819px) 100vw, 819px\" \/><\/a><\/figure>\n\n\n\n<figure class=\"wp-block-image size-large\"><a href=\"https:\/\/3260.com.ar\/web\/wp-content\/uploads\/2026\/04\/image-50.png\"><img loading=\"lazy\" decoding=\"async\" width=\"1024\" height=\"768\" src=\"https:\/\/3260.com.ar\/web\/wp-content\/uploads\/2026\/04\/image-50-1024x768.png\" alt=\"\" class=\"wp-image-11481\" srcset=\"https:\/\/3260.com.ar\/web\/wp-content\/uploads\/2026\/04\/image-50-1024x768.png 1024w, https:\/\/3260.com.ar\/web\/wp-content\/uploads\/2026\/04\/image-50-300x225.png 300w, https:\/\/3260.com.ar\/web\/wp-content\/uploads\/2026\/04\/image-50-768x576.png 768w, https:\/\/3260.com.ar\/web\/wp-content\/uploads\/2026\/04\/image-50.png 1440w\" sizes=\"auto, (max-width: 1024px) 100vw, 1024px\" \/><\/a><\/figure>\n\n\n\n<p><br>La actividad de Mita\u00ed, este a\u00f1o en febrero ofreci\u00f3 capacitaciones puntuales de algunas danzas espec\u00edficas<\/p>\n\n\n\n<figure class=\"wp-block-image size-large\"><a href=\"https:\/\/3260.com.ar\/web\/wp-content\/uploads\/2026\/04\/image-51.png\"><img loading=\"lazy\" decoding=\"async\" width=\"768\" height=\"1024\" src=\"https:\/\/3260.com.ar\/web\/wp-content\/uploads\/2026\/04\/image-51-768x1024.png\" alt=\"\" class=\"wp-image-11482\" srcset=\"https:\/\/3260.com.ar\/web\/wp-content\/uploads\/2026\/04\/image-51-768x1024.png 768w, https:\/\/3260.com.ar\/web\/wp-content\/uploads\/2026\/04\/image-51-225x300.png 225w, https:\/\/3260.com.ar\/web\/wp-content\/uploads\/2026\/04\/image-51-1152x1536.png 1152w, https:\/\/3260.com.ar\/web\/wp-content\/uploads\/2026\/04\/image-51.png 1365w\" sizes=\"auto, (max-width: 768px) 100vw, 768px\" \/><\/a><\/figure>\n\n\n\n<p><\/p>\n\n\n\n<p><\/p>\n","protected":false},"excerpt":{"rendered":"<p>La Escuela de Danzas Folkl\u00f3ricas \u00abMITA\u00cd\u00bb a cargo de la profesora Agustina Diaz, presentar\u00e1 el domingo 26 de abril de 2026 desde las 17hs en el sal\u00f3n contiguo a la Capilla Mar\u00eda Auxiliadora de Concepci\u00f3n del Uruguay. Ser\u00e1 un momento propicio para compartir una tarde de m\u00fasica y baile entre amigos de las danzas tradicionales [&hellip;]<\/p>\n","protected":false},"author":3,"featured_media":11483,"comment_status":"closed","ping_status":"closed","sticky":false,"template":"","format":"standard","meta":{"_jetpack_memberships_contains_paid_content":false,"footnotes":"","jetpack_publicize_message":"","jetpack_publicize_feature_enabled":true,"jetpack_social_post_already_shared":true,"jetpack_social_options":{"image_generator_settings":{"template":"highway","default_image_id":0,"enabled":false},"version":2}},"categories":[174],"tags":[60,3207,3206],"class_list":["post-11479","post","type-post","status-publish","format-standard","has-post-thumbnail","hentry","category-cultura","tag-60","tag-danzas-folkloricas-mitai","tag-mateada-penera"],"jetpack_publicize_connections":[],"jetpack_featured_media_url":"https:\/\/3260.com.ar\/web\/wp-content\/uploads\/2026\/04\/Mateada-Penera.jpg","jetpack_sharing_enabled":true,"_links":{"self":[{"href":"https:\/\/3260.com.ar\/web\/wp-json\/wp\/v2\/posts\/11479","targetHints":{"allow":["GET"]}}],"collection":[{"href":"https:\/\/3260.com.ar\/web\/wp-json\/wp\/v2\/posts"}],"about":[{"href":"https:\/\/3260.com.ar\/web\/wp-json\/wp\/v2\/types\/post"}],"author":[{"embeddable":true,"href":"https:\/\/3260.com.ar\/web\/wp-json\/wp\/v2\/users\/3"}],"replies":[{"embeddable":true,"href":"https:\/\/3260.com.ar\/web\/wp-json\/wp\/v2\/comments?post=11479"}],"version-history":[{"count":1,"href":"https:\/\/3260.com.ar\/web\/wp-json\/wp\/v2\/posts\/11479\/revisions"}],"predecessor-version":[{"id":11484,"href":"https:\/\/3260.com.ar\/web\/wp-json\/wp\/v2\/posts\/11479\/revisions\/11484"}],"wp:featuredmedia":[{"embeddable":true,"href":"https:\/\/3260.com.ar\/web\/wp-json\/wp\/v2\/media\/11483"}],"wp:attachment":[{"href":"https:\/\/3260.com.ar\/web\/wp-json\/wp\/v2\/media?parent=11479"}],"wp:term":[{"taxonomy":"category","embeddable":true,"href":"https:\/\/3260.com.ar\/web\/wp-json\/wp\/v2\/categories?post=11479"},{"taxonomy":"post_tag","embeddable":true,"href":"https:\/\/3260.com.ar\/web\/wp-json\/wp\/v2\/tags?post=11479"}],"curies":[{"name":"wp","href":"https:\/\/api.w.org\/{rel}","templated":true}]}}