{"id":11485,"date":"2026-04-27T00:01:00","date_gmt":"2026-04-27T03:01:00","guid":{"rendered":"https:\/\/3260.com.ar\/web\/?p=11485"},"modified":"2026-04-25T14:05:46","modified_gmt":"2026-04-25T17:05:46","slug":"facultad-ciencias-de-la-salud-de-uner-asumieron-autoridades","status":"publish","type":"post","link":"https:\/\/3260.com.ar\/web\/facultad-ciencias-de-la-salud-de-uner-asumieron-autoridades\/","title":{"rendered":"FACULTAD CIENCIAS DE LA SALUD DE UNER ASUMIERON AUTORIDADES"},"content":{"rendered":"\n<p>El pasado jueves 23 de abril de 2026l, en el Aula Magna de la sede en Concepci\u00f3n del Uruguay, se vivi\u00f3 una jornada de gran trascendencia institucional.&nbsp;<\/p>\n\n\n\n<p>El Magister Gregorio Etcheverry y el Magister. Ricardo Azario iniciaron formalmente su segundo mandato consecutivo como Decano y Vicedecano, renovando su compromiso en la conducci\u00f3n de nuestra Facultad para el cuatrienio 2026-2030.<\/p>\n\n\n\n<p>La ceremonia fue presidida por las autoridades reelectas y cont\u00f3 con el acompa\u00f1amiento del Rector de la UNER, Cr. Andr\u00e9s Sabella, y los decanos de todas las facultades de la Universidad . Participaron tambi\u00e9n representantes de las universidades UNL, UTN, UCU y UADER, junto a referentes municipales y de instituciones de la salud de la regi\u00f3n.<\/p>\n\n\n\n<p>Fue un acto compartido con el personal docente, administrativo y de servicios, y estudiantes, quienes respaldaron con su presencia el inicio de esta nueva etapa.<\/p>\n\n\n\n<p>En su discurso inaugural, el Decano aludi\u00f3 a nuestra identidad institucional: \u00abCada encuentro constituye una reafirmaci\u00f3n de lo que somos y de lo que elegimos ser: una universidad p\u00fablica, comprometida, presente y profundamente vinculada con su comunidad\u00bb.<\/p>\n\n\n\n<p>Seguiremos profundizando el camino construido sobre estas bases s\u00f3lidas:<\/p>\n\n\n\n<p>* Transformaci\u00f3n acad\u00e9mica: Basados en la reforma integral de planes de estudio y acreditaciones ante CONEAU, seguiremos garantizando la excelencia formativa.<\/p>\n\n\n\n<p>* Innovaci\u00f3n y Salud: Potenciaremos nuestro rol de referencia nacional en simulaci\u00f3n cl\u00ednica y el desarrollo de simuladores propios.<\/p>\n\n\n\n<p>* Inclusi\u00f3n y Alcance: Sostendremos el crecimiento de la educaci\u00f3n a distancia para llegar con calidad a todo el pa\u00eds.<\/p>\n\n\n\n<p>* Territorio y Ciencia: Profundizaremos la investigaci\u00f3n y el trabajo articulado con hospitales y municipios de la regi\u00f3n.<\/p>\n\n\n\n<p>\u00abEstamos convencidos que la eduaci\u00f3n superior p\u00fablica NO SE NEGOCIA: se defiende, se construye y se sostiene todos los d\u00edas\u00bb, manifest\u00f3 el Decano Etcheverry.<\/p>\n\n\n\n<figure class=\"wp-block-image size-large\"><a href=\"https:\/\/3260.com.ar\/web\/wp-content\/uploads\/2026\/04\/image-54.png\"><img loading=\"lazy\" decoding=\"async\" width=\"1024\" height=\"769\" src=\"https:\/\/3260.com.ar\/web\/wp-content\/uploads\/2026\/04\/image-54-1024x769.png\" alt=\"\" class=\"wp-image-11489\" srcset=\"https:\/\/3260.com.ar\/web\/wp-content\/uploads\/2026\/04\/image-54-1024x769.png 1024w, https:\/\/3260.com.ar\/web\/wp-content\/uploads\/2026\/04\/image-54-300x225.png 300w, https:\/\/3260.com.ar\/web\/wp-content\/uploads\/2026\/04\/image-54-768x576.png 768w, https:\/\/3260.com.ar\/web\/wp-content\/uploads\/2026\/04\/image-54.png 1439w\" sizes=\"auto, (max-width: 1024px) 100vw, 1024px\" \/><\/a><\/figure>\n\n\n\n<p><\/p>\n\n\n\n<figure class=\"wp-block-image size-large\"><a href=\"https:\/\/3260.com.ar\/web\/wp-content\/uploads\/2026\/04\/image-53.png\"><img loading=\"lazy\" decoding=\"async\" width=\"1024\" height=\"769\" src=\"https:\/\/3260.com.ar\/web\/wp-content\/uploads\/2026\/04\/image-53-1024x769.png\" alt=\"\" class=\"wp-image-11488\" srcset=\"https:\/\/3260.com.ar\/web\/wp-content\/uploads\/2026\/04\/image-53-1024x769.png 1024w, https:\/\/3260.com.ar\/web\/wp-content\/uploads\/2026\/04\/image-53-300x225.png 300w, https:\/\/3260.com.ar\/web\/wp-content\/uploads\/2026\/04\/image-53-768x576.png 768w, https:\/\/3260.com.ar\/web\/wp-content\/uploads\/2026\/04\/image-53.png 1439w\" sizes=\"auto, (max-width: 1024px) 100vw, 1024px\" \/><\/a><\/figure>\n","protected":false},"excerpt":{"rendered":"<p>El pasado jueves 23 de abril de 2026l, en el Aula Magna de la sede en Concepci\u00f3n del Uruguay, se vivi\u00f3 una jornada de gran trascendencia institucional.&nbsp; El Magister Gregorio Etcheverry y el Magister. Ricardo Azario iniciaron formalmente su segundo mandato consecutivo como Decano y Vicedecano, renovando su compromiso en la conducci\u00f3n de nuestra Facultad [&hellip;]<\/p>\n","protected":false},"author":3,"featured_media":11486,"comment_status":"closed","ping_status":"closed","sticky":false,"template":"","format":"standard","meta":{"_jetpack_memberships_contains_paid_content":false,"footnotes":"","jetpack_publicize_message":"","jetpack_publicize_feature_enabled":true,"jetpack_social_post_already_shared":true,"jetpack_social_options":{"image_generator_settings":{"template":"highway","default_image_id":0,"enabled":false},"version":2}},"categories":[176],"tags":[60,2012,2759],"class_list":["post-11485","post","type-post","status-publish","format-standard","has-post-thumbnail","hentry","category-educacion","tag-60","tag-facultad-ciencias-de-la-salud-uner","tag-gregorio-etcheverry"],"jetpack_publicize_connections":[],"jetpack_featured_media_url":"https:\/\/3260.com.ar\/web\/wp-content\/uploads\/2026\/04\/Fcs-Uner-Garro-discurso.jpg","jetpack_sharing_enabled":true,"_links":{"self":[{"href":"https:\/\/3260.com.ar\/web\/wp-json\/wp\/v2\/posts\/11485","targetHints":{"allow":["GET"]}}],"collection":[{"href":"https:\/\/3260.com.ar\/web\/wp-json\/wp\/v2\/posts"}],"about":[{"href":"https:\/\/3260.com.ar\/web\/wp-json\/wp\/v2\/types\/post"}],"author":[{"embeddable":true,"href":"https:\/\/3260.com.ar\/web\/wp-json\/wp\/v2\/users\/3"}],"replies":[{"embeddable":true,"href":"https:\/\/3260.com.ar\/web\/wp-json\/wp\/v2\/comments?post=11485"}],"version-history":[{"count":1,"href":"https:\/\/3260.com.ar\/web\/wp-json\/wp\/v2\/posts\/11485\/revisions"}],"predecessor-version":[{"id":11490,"href":"https:\/\/3260.com.ar\/web\/wp-json\/wp\/v2\/posts\/11485\/revisions\/11490"}],"wp:featuredmedia":[{"embeddable":true,"href":"https:\/\/3260.com.ar\/web\/wp-json\/wp\/v2\/media\/11486"}],"wp:attachment":[{"href":"https:\/\/3260.com.ar\/web\/wp-json\/wp\/v2\/media?parent=11485"}],"wp:term":[{"taxonomy":"category","embeddable":true,"href":"https:\/\/3260.com.ar\/web\/wp-json\/wp\/v2\/categories?post=11485"},{"taxonomy":"post_tag","embeddable":true,"href":"https:\/\/3260.com.ar\/web\/wp-json\/wp\/v2\/tags?post=11485"}],"curies":[{"name":"wp","href":"https:\/\/api.w.org\/{rel}","templated":true}]}}