{"id":11491,"date":"2026-04-28T00:01:00","date_gmt":"2026-04-28T03:01:00","guid":{"rendered":"https:\/\/3260.com.ar\/web\/?p=11491"},"modified":"2026-04-27T18:50:40","modified_gmt":"2026-04-27T21:50:40","slug":"29-de-abril-dia-del-animal","status":"publish","type":"post","link":"https:\/\/3260.com.ar\/web\/29-de-abril-dia-del-animal\/","title":{"rendered":"29 DE ABRIL \u00abDIA  DEL ANIMAL\u00bb"},"content":{"rendered":"\n<p>Este lunes\u00a0<strong>29 de abril<\/strong>\u00a0se celebra el\u00a0<strong><a href=\"https:\/\/www.pagina12.com.ar\/372433-dia-mundial-de-los-animales-las-mascotas-sufren-el-desapego-\">D\u00eda del Animal<\/a><\/strong>\u00a0en Argentina. La fecha conmemora la muerte del\u00a0<strong>abogado Ignacio Lucas Albarrac\u00edn<\/strong>, pionero en el pa\u00eds en la lucha por los\u00a0<strong>derechos de los animales<\/strong>.\u00a0<\/p>\n\n\n\n<p>D\u00eda del Animal: \u00bfQui\u00e9n era Ignacio Lucas Albarrac\u00edn?<\/p>\n\n\n\n<p>Albarrac\u00edn naci\u00f3 en la ciudad de C\u00f3rdoba el 31 de julio de 1850, se recibi\u00f3 de abogado en&nbsp;1873, y desde entonces,<strong>&nbsp;dedic\u00f3 gran parte de su vida a la defensa de los animales<\/strong>.<\/p>\n\n\n\n<figure class=\"wp-block-image size-full\"><a href=\"https:\/\/3260.com.ar\/web\/wp-content\/uploads\/2026\/04\/image-55.png\"><img loading=\"lazy\" decoding=\"async\" width=\"647\" height=\"264\" src=\"https:\/\/3260.com.ar\/web\/wp-content\/uploads\/2026\/04\/image-55.png\" alt=\"\" class=\"wp-image-11492\" srcset=\"https:\/\/3260.com.ar\/web\/wp-content\/uploads\/2026\/04\/image-55.png 647w, https:\/\/3260.com.ar\/web\/wp-content\/uploads\/2026\/04\/image-55-300x122.png 300w\" sizes=\"auto, (max-width: 647px) 100vw, 647px\" \/><\/a><\/figure>\n\n\n\n<p>Las&nbsp;<strong>ri\u00f1as de gallos<\/strong>, la&nbsp;<strong>doma de potros<\/strong>, las&nbsp;<strong>corridas de toro<\/strong>&nbsp;y el&nbsp;<strong>tiro a la paloma<\/strong>&nbsp;eran algunas de las actividades violentas a las que el letrado se opon\u00eda, y tras obtener su t\u00edtulo profesional,&nbsp;<strong>se convirti\u00f3 en uno de los precursores de la Ley Nacional de Protecci\u00f3n de Animales N\u00b0 2.786<\/strong>, m\u00e1s conocida como la Ley Sarmiento, que se promulg\u00f3 el 25 de julio de 1891.&nbsp;Esta ley fue luego incorporada en 1977 por la Liga Internacional de los Derechos del Animal y la Organizaci\u00f3n de las Naciones Unidas (ONU).<\/p>\n\n\n\n<p>Desde el inicio de la&nbsp;<strong>Sociedad Argentina Protectora de los Animales<\/strong>&nbsp;en 1879, fue secretario. Sucedi\u00f3 adem\u00e1s a&nbsp;<strong>Domingo Faustino Sarmiento<\/strong>&nbsp;en su presidencia en 1885.<\/p>\n\n\n\n<p>Ignacio Lucas Albarrac\u00edn muri\u00f3 el&nbsp;<strong>29 de abril de 1926<\/strong>, y por iniciativa de la Sociedad Protectora de Animales,&nbsp;<strong>se conmemora en la jornada de su fallecimiento el D\u00eda del Animal<\/strong>.<\/p>\n","protected":false},"excerpt":{"rendered":"<p>Este lunes\u00a029 de abril\u00a0se celebra el\u00a0D\u00eda del Animal\u00a0en Argentina. La fecha conmemora la muerte del\u00a0abogado Ignacio Lucas Albarrac\u00edn, pionero en el pa\u00eds en la lucha por los\u00a0derechos de los animales.\u00a0 D\u00eda del Animal: \u00bfQui\u00e9n era Ignacio Lucas Albarrac\u00edn? Albarrac\u00edn naci\u00f3 en la ciudad de C\u00f3rdoba el 31 de julio de 1850, se recibi\u00f3 de abogado [&hellip;]<\/p>\n","protected":false},"author":3,"featured_media":11493,"comment_status":"closed","ping_status":"closed","sticky":false,"template":"","format":"standard","meta":{"_jetpack_memberships_contains_paid_content":false,"footnotes":"","jetpack_publicize_message":"","jetpack_publicize_feature_enabled":true,"jetpack_social_post_already_shared":true,"jetpack_social_options":{"image_generator_settings":{"template":"highway","default_image_id":0,"enabled":false},"version":2}},"categories":[174],"tags":[60,3208],"class_list":["post-11491","post","type-post","status-publish","format-standard","has-post-thumbnail","hentry","category-cultura","tag-60","tag-dia-animal"],"jetpack_publicize_connections":[],"jetpack_featured_media_url":"https:\/\/3260.com.ar\/web\/wp-content\/uploads\/2026\/04\/Mascotas-domesticas-DIA-ANINAL.jpg","jetpack_sharing_enabled":true,"_links":{"self":[{"href":"https:\/\/3260.com.ar\/web\/wp-json\/wp\/v2\/posts\/11491","targetHints":{"allow":["GET"]}}],"collection":[{"href":"https:\/\/3260.com.ar\/web\/wp-json\/wp\/v2\/posts"}],"about":[{"href":"https:\/\/3260.com.ar\/web\/wp-json\/wp\/v2\/types\/post"}],"author":[{"embeddable":true,"href":"https:\/\/3260.com.ar\/web\/wp-json\/wp\/v2\/users\/3"}],"replies":[{"embeddable":true,"href":"https:\/\/3260.com.ar\/web\/wp-json\/wp\/v2\/comments?post=11491"}],"version-history":[{"count":1,"href":"https:\/\/3260.com.ar\/web\/wp-json\/wp\/v2\/posts\/11491\/revisions"}],"predecessor-version":[{"id":11494,"href":"https:\/\/3260.com.ar\/web\/wp-json\/wp\/v2\/posts\/11491\/revisions\/11494"}],"wp:featuredmedia":[{"embeddable":true,"href":"https:\/\/3260.com.ar\/web\/wp-json\/wp\/v2\/media\/11493"}],"wp:attachment":[{"href":"https:\/\/3260.com.ar\/web\/wp-json\/wp\/v2\/media?parent=11491"}],"wp:term":[{"taxonomy":"category","embeddable":true,"href":"https:\/\/3260.com.ar\/web\/wp-json\/wp\/v2\/categories?post=11491"},{"taxonomy":"post_tag","embeddable":true,"href":"https:\/\/3260.com.ar\/web\/wp-json\/wp\/v2\/tags?post=11491"}],"curies":[{"name":"wp","href":"https:\/\/api.w.org\/{rel}","templated":true}]}}