{"id":11500,"date":"2026-04-27T19:48:33","date_gmt":"2026-04-27T22:48:33","guid":{"rendered":"https:\/\/3260.com.ar\/web\/?p=11500"},"modified":"2026-04-27T19:51:11","modified_gmt":"2026-04-27T22:51:11","slug":"museo-de-hospital-de-clinicas-presenta-libro-sobre-teresa-ratto","status":"publish","type":"post","link":"https:\/\/3260.com.ar\/web\/museo-de-hospital-de-clinicas-presenta-libro-sobre-teresa-ratto\/","title":{"rendered":"MUSEO DE HOSPITAL DE CL\u00cdNICAS PRESENTA LIBRO SOBRE TERESA RATTO"},"content":{"rendered":"\n<p>El Museo presentar\u00e1 el Martes 28 de abril de 2026 desde las 15 hs en la Biblioteca Central \u201cProf. Dr. Clemente Morel\u201d situada en Avenida C\u00f3rdoba 2351 \u2013 1\u00b0 piso.<\/p>\n\n\n\n<figure class=\"wp-block-image size-full is-resized\"><a href=\"https:\/\/3260.com.ar\/web\/wp-content\/uploads\/2026\/04\/image-58.png\"><img loading=\"lazy\" decoding=\"async\" width=\"512\" height=\"379\" src=\"https:\/\/3260.com.ar\/web\/wp-content\/uploads\/2026\/04\/image-58.png\" alt=\"\" class=\"wp-image-11505\" style=\"width:715px;height:auto\" srcset=\"https:\/\/3260.com.ar\/web\/wp-content\/uploads\/2026\/04\/image-58.png 512w, https:\/\/3260.com.ar\/web\/wp-content\/uploads\/2026\/04\/image-58-300x222.png 300w\" sizes=\"auto, (max-width: 512px) 100vw, 512px\" \/><\/a><\/figure>\n\n\n\n<p>Una invitaci\u00f3n a redescubrir, desde m\u00faltiples lenguajes, la figura de una protagonista clave en la historia de la medicina argentina.<\/p>\n\n\n\n<p>Teresa Ratto, es una figura pionera. Fue la primera m\u00e9dica de la provincia de Entre R\u00edos, destac\u00e1ndose por su compromiso profesional en un contexto en el que el ejercicio de la medicina estaba restringido a los varones. Su trayectoria constituye un valioso antecedente en la historia de la salud y en la incorporaci\u00f3n de las mujeres al \u00e1mbito universitario y cient\u00edfico.<\/p>\n\n\n\n<figure class=\"wp-block-image size-full\"><a href=\"https:\/\/3260.com.ar\/web\/wp-content\/uploads\/2026\/04\/image-57.png\"><img loading=\"lazy\" decoding=\"async\" width=\"736\" height=\"541\" src=\"https:\/\/3260.com.ar\/web\/wp-content\/uploads\/2026\/04\/image-57.png\" alt=\"\" class=\"wp-image-11501\" srcset=\"https:\/\/3260.com.ar\/web\/wp-content\/uploads\/2026\/04\/image-57.png 736w, https:\/\/3260.com.ar\/web\/wp-content\/uploads\/2026\/04\/image-57-300x221.png 300w\" sizes=\"auto, (max-width: 736px) 100vw, 736px\" \/><\/a><\/figure>\n\n\n\n<p>En este marco, se presenta \u201cLos pasos de Teresa\u201d, de In\u00e9s Ghiggi, una biograf\u00eda teatral que propone un abordaje sensible de su vida y legado. La actividad incluir\u00e1 la presentaci\u00f3n del libro, as\u00ed como dramatizaciones sonoras y teatro le\u00eddo, generando un espacio de encuentro entre la investigaci\u00f3n hist\u00f3rica y la expresi\u00f3n art\u00edstica.<\/p>\n\n\n\n<p>Desde esta redacci\u00f3n reflejamos algo de la uruguayense Dra Teresa Ratto en el link que sigue  <a href=\"https:\/\/3260.com.ar\/web\/dia-mundial-de-la-mujer-medica\/\" data-type=\"link\" data-id=\"https:\/\/3260.com.ar\/web\/dia-mundial-de-la-mujer-medica\/\">https:\/\/3260.com.ar\/web\/dia-mundial-de-la-mujer-medica\/<\/a><\/p>\n","protected":false},"excerpt":{"rendered":"<p>El Museo presentar\u00e1 el Martes 28 de abril de 2026 desde las 15 hs en la Biblioteca Central \u201cProf. Dr. Clemente Morel\u201d situada en Avenida C\u00f3rdoba 2351 \u2013 1\u00b0 piso. Una invitaci\u00f3n a redescubrir, desde m\u00faltiples lenguajes, la figura de una protagonista clave en la historia de la medicina argentina. Teresa Ratto, es una figura [&hellip;]<\/p>\n","protected":false},"author":3,"featured_media":11502,"comment_status":"closed","ping_status":"closed","sticky":false,"template":"","format":"standard","meta":{"_jetpack_memberships_contains_paid_content":false,"footnotes":"","jetpack_publicize_message":"","jetpack_publicize_feature_enabled":true,"jetpack_social_post_already_shared":true,"jetpack_social_options":{"image_generator_settings":{"template":"highway","default_image_id":0,"enabled":false},"version":2}},"categories":[176],"tags":[60,3209,750],"class_list":["post-11500","post","type-post","status-publish","format-standard","has-post-thumbnail","hentry","category-educacion","tag-60","tag-los-pasos-de-teresa-ratto","tag-teresa-ratto"],"jetpack_publicize_connections":[],"jetpack_featured_media_url":"https:\/\/3260.com.ar\/web\/wp-content\/uploads\/2026\/04\/Teresa-Ratto.jpg","jetpack_sharing_enabled":true,"_links":{"self":[{"href":"https:\/\/3260.com.ar\/web\/wp-json\/wp\/v2\/posts\/11500","targetHints":{"allow":["GET"]}}],"collection":[{"href":"https:\/\/3260.com.ar\/web\/wp-json\/wp\/v2\/posts"}],"about":[{"href":"https:\/\/3260.com.ar\/web\/wp-json\/wp\/v2\/types\/post"}],"author":[{"embeddable":true,"href":"https:\/\/3260.com.ar\/web\/wp-json\/wp\/v2\/users\/3"}],"replies":[{"embeddable":true,"href":"https:\/\/3260.com.ar\/web\/wp-json\/wp\/v2\/comments?post=11500"}],"version-history":[{"count":2,"href":"https:\/\/3260.com.ar\/web\/wp-json\/wp\/v2\/posts\/11500\/revisions"}],"predecessor-version":[{"id":11506,"href":"https:\/\/3260.com.ar\/web\/wp-json\/wp\/v2\/posts\/11500\/revisions\/11506"}],"wp:featuredmedia":[{"embeddable":true,"href":"https:\/\/3260.com.ar\/web\/wp-json\/wp\/v2\/media\/11502"}],"wp:attachment":[{"href":"https:\/\/3260.com.ar\/web\/wp-json\/wp\/v2\/media?parent=11500"}],"wp:term":[{"taxonomy":"category","embeddable":true,"href":"https:\/\/3260.com.ar\/web\/wp-json\/wp\/v2\/categories?post=11500"},{"taxonomy":"post_tag","embeddable":true,"href":"https:\/\/3260.com.ar\/web\/wp-json\/wp\/v2\/tags?post=11500"}],"curies":[{"name":"wp","href":"https:\/\/api.w.org\/{rel}","templated":true}]}}