{"id":11507,"date":"2026-04-29T00:01:00","date_gmt":"2026-04-29T03:01:00","guid":{"rendered":"https:\/\/3260.com.ar\/web\/?p=11507"},"modified":"2026-04-28T16:56:12","modified_gmt":"2026-04-28T19:56:12","slug":"la-violencia-social-entro-a-la-escuela","status":"publish","type":"post","link":"https:\/\/3260.com.ar\/web\/la-violencia-social-entro-a-la-escuela\/","title":{"rendered":"LA VIOLENCIA SOCIAL ENTR\u00d3 A LA ESCUELA"},"content":{"rendered":"\n<p>El vocal docente Gustavo Blanc afirm\u00f3 que la violencia social \u00abentra a la escuela como ingresa todo lo que ocurre en la sociedad\u00bb y reclam\u00f3 definiciones claras sobre el rol del Estado. El referente de Agmer asegur\u00f3 que sin inversi\u00f3n real y con familias sobrecargadas por la crisis, el sistema educativo carece de herramientas para enfrentar los nuevos retos virales y la agresividad en las aulas.<\/p>\n\n\n\n<p>A continuaci\u00f3n, la columna de opini\u00f3n completa que envi\u00f3 a esta Agencia:<\/p>\n\n\n\n<p><em>\u201cLa sociedad argentina se encuentra conmocionada por las amenazas de tiroteo en escuelas de nuestro pa\u00eds. \u00bfQu\u00e9 es lo que pasa? \u00bfDe repente adolescentes y j\u00f3venes estallaron? \u00bfPor qu\u00e9 pasa esto? \u00bfEs l\u00f3gico que nos sorprenda y nos impacte?<\/em><\/p>\n\n\n\n<p><em>Para analizar esta situaci\u00f3n lo primero que debemos tener en cuenta es que los fen\u00f3menos sociales no obedecen a una sola causa sino que por el contrario son multicausales.<\/em><\/p>\n\n\n\n<p><em>Debido a esta situaci\u00f3n se alzaron voces planteando que la escuela no est\u00e1 preparada para lidiar con este fen\u00f3meno, que es nuevo en cuanto a las amenazas, pero no es nuevo en cuanto a situaciones de violencia que se dan entre alumnos y alumnas.<\/em><\/p>\n\n\n\n<p><em>Si repasamos lo ocurrido a\u00f1os anteriores, aumentaron situaciones violentas reflejadas en peleas dentro o a la salida de las escuelas, amenazas, docentes alertando por bullyng, ciberbullyng y otras situaciones de acoso.<\/em><\/p>\n\n\n\n<p><em>Esto se da en las escuelas pero \u00bfSe da solo en las escuelas? La respuesta a esta pregunta es que no, que la violencia escal\u00f3 en la sociedad y entra a la escuela como ingresa todo lo que ocurre en la sociedad.<\/em><\/p>\n\n\n\n<p><em>Ante las amenazas de tiroteos que mantiene en vilo a las familias, surgen voces que plantean la necesidad de m\u00e1s cargos en nuestros establecimientos educativos, cargos de psic\u00f3logos, psicopedagogos, etc. Llama la atenci\u00f3n que ese reclamo no haya sonado con fuerza hace unas semanas cuando todav\u00eda no estaban las amenazas, pero el Poder Legislativo Nacional baj\u00f3 el presupuesto educativo de un 6 % a un 0,75 %.<\/em><\/p>\n\n\n\n<p><em>Semejante baja del presupuesto no solo impacta en la falta de material did\u00e1ctico o de inversi\u00f3n en condiciones de seguridad e infraestructura en las escuelas, sino que tambi\u00e9n hace impensable la creaci\u00f3n de nuevos cargos en el sistema educativo.<\/em><\/p>\n\n\n\n<p><em>Y hablamos del presupuesto nacional porque entendemos que el sostenimiento del sistema educativo debe ser una corresponsabilidad de la Naci\u00f3n con las Provincias. El recorte nacional no es compensado de ninguna manera con fondos provinciales. Es m\u00e1s, la Provincia se lamenta en reuniones paritarias con los sindicatos docentes que cada vez baja m\u00e1s la coparticipaci\u00f3n y la recaudaci\u00f3n propia y que, por lo tanto, no hay dinero para aumentos salariales. Si no hay dinero para aumentos salariales, \u00bflo habr\u00e1 para nuevos y necesarios cargos para adecuar a nuestras escuelas a los tiempos actuales?<\/em><\/p>\n\n\n\n<p><em>La recesi\u00f3n econ\u00f3mica y la baja de presupuesto educativo tienen que ver con las enormes dificultades para dar respuesta al fen\u00f3meno de la violencia escolar que hoy vemos principalmente reflejada en las amenazas de tiroteos y otras formas de la violencia de la sociedad que repercute al interior de nuestras escuelas.<\/em><\/p>\n\n\n\n<p><em>La influencia de la crisis econ\u00f3mica no empieza ni termina ah\u00ed. Hay unanimidad de criterios en plantear que las familias tienen una responsabilidad y es la de estar al tanto del accionar de sus hijos menores en las redes sociales, de cuidarlos y preservarlos de entrar en sitios y chats que fomentan la violencia a trav\u00e9s de los llamados \u201cretos virales\u201d.<\/em><\/p>\n\n\n\n<p><em>Nadie va a negar esto, pero tambi\u00e9n es innegable que la sociedad en los \u00faltimos 10 a\u00f1os cambi\u00f3 de una manera radical y cada vez es necesario trabajar m\u00e1s tiempo y en horarios m\u00e1s flexibles para ganar un sueldo que, aun as\u00ed, no alcanza para cubrir las necesidades familiares. A nadie escapa que muchas familias est\u00e1n endeudadas; esta situaci\u00f3n genera tambi\u00e9n angustia entre los adultos que deben trabajar cada vez m\u00e1s y ni as\u00ed se llegan a cubrir las necesidades. Esos son los padres y madres que deben estar al tanto del accionar de sus hijos en las redes y la web.<\/em><\/p>\n\n\n\n<p><em>Simplemente, muchas familias no lo pueden hacer porque adem\u00e1s de todo esto, hay una brecha tecnol\u00f3gica muy importante y no es simple el control si no estamos en nuestras casas y si llegamos a la noche con la angustia de seguir endeudados a pesar del esfuerzo diario.<\/em><\/p>\n\n\n\n<p><em>Pero las causas no terminan aqu\u00ed. A nadie escapa tambi\u00e9n que en los \u00faltimos a\u00f1os se generaron debates que sacudieron el escenario pol\u00edtico y social y nos referiremos principalmente a dos:<\/em><\/p>\n\n\n\n<p><em>En primer lugar, la portaci\u00f3n de armas. En nombre de la libertad, se plante\u00f3 mayor flexibilidad para comprar armas. Si se brinda mayor acceso a las armas, no es descabellado pensar en que algunos usen mal esas armas, que los menores tengan acceso a las mismas y que aparezcan balas y armas en los colegios.<\/em><\/p>\n\n\n\n<p><em>El otro tema es el del rol del Estado, al cual seg\u00fan el paradigma dominante en los \u00faltimos dos a\u00f1os y medio hay que \u201cachicar\u201d porque es \u201ctonto e in\u00fatil\u201d y de la mano de ese concepto viene la reducci\u00f3n de presupuesto porque es menos gasto. Gastamos menos en educaci\u00f3n. En realidad, aqu\u00ed encontramos otro problema, que es el error conceptual de pensar a la educaci\u00f3n como un gasto y no como una inversi\u00f3n.<\/em><\/p>\n\n\n\n<p><em>Pareciera ser que algunos dirigentes pol\u00edticos hablan de \u201cinvertir en educaci\u00f3n\u201d cuando est\u00e1n en campa\u00f1a, pero una vez que est\u00e1n en el gobierno quieren \u201cachicar el gasto en educaci\u00f3n\u201d. Esto es grav\u00edsimo y representa una caracter\u00edstica de nuestra provincia y de nuestro pa\u00eds.<\/em><\/p>\n\n\n\n<p><em>Hay legisladores y gobernadores tan contradictorios que, a la vez que reducen el presupuesto en educaci\u00f3n y se expresan a favor de la libre portaci\u00f3n de armas, se sorprenden de que aparezcan amenazas en las escuelas y pretenden que \u00e9stas tengan herramientas para trabajar la problem\u00e1tica. Hay que decir claramente, no alcanza con los protocolos \u2013aunque sean necesarios- ni con la muy buena voluntad, sin cargos ni presupuesto para resolver las dificultades.<\/em><\/p>\n\n\n\n<p><em>Por \u00faltimo, hay que se\u00f1alar otra cuesti\u00f3n, es que tambi\u00e9n desde el Estado no se est\u00e1 atendiendo cuestiones de salud mental que afectan a la sociedad y que est\u00e1n muy relacionadas tambi\u00e9n con la situaci\u00f3n socioecon\u00f3mica. El recorte presupuestario y \u201cla menor presencia del Estado\u201d lleg\u00f3 tambi\u00e9n a la salud.<\/em><\/p>\n\n\n\n<p><em>El panorama as\u00ed mirado es aciago, sembrado de dificultades y solamente se podr\u00e1 revertir si como sociedad demandamos a los gobiernos, a quienes se candidatean para ocupar cargos p\u00fablicos, definiciones claras y de fondo acerca de cu\u00e1l es el rol del Estado, como piensan invertir en salud y educaci\u00f3n, que cosas son prioritarias y como construimos una sociedad m\u00e1s justa y equilibrada\u201d.<\/em><\/p>\n\n\n\n<figure class=\"wp-block-image size-large\"><a href=\"https:\/\/3260.com.ar\/web\/wp-content\/uploads\/2026\/04\/image-59.png\"><img loading=\"lazy\" decoding=\"async\" width=\"1024\" height=\"678\" src=\"https:\/\/3260.com.ar\/web\/wp-content\/uploads\/2026\/04\/image-59-1024x678.png\" alt=\"\" class=\"wp-image-11509\" srcset=\"https:\/\/3260.com.ar\/web\/wp-content\/uploads\/2026\/04\/image-59-1024x678.png 1024w, https:\/\/3260.com.ar\/web\/wp-content\/uploads\/2026\/04\/image-59-300x199.png 300w, https:\/\/3260.com.ar\/web\/wp-content\/uploads\/2026\/04\/image-59-768x509.png 768w, https:\/\/3260.com.ar\/web\/wp-content\/uploads\/2026\/04\/image-59-1536x1018.png 1536w, https:\/\/3260.com.ar\/web\/wp-content\/uploads\/2026\/04\/image-59.png 1600w\" sizes=\"auto, (max-width: 1024px) 100vw, 1024px\" \/><\/a><\/figure>\n\n\n\n<figure class=\"wp-block-image size-full\"><a href=\"https:\/\/3260.com.ar\/web\/wp-content\/uploads\/2026\/04\/image-60.png\"><img loading=\"lazy\" decoding=\"async\" width=\"695\" height=\"460\" src=\"https:\/\/3260.com.ar\/web\/wp-content\/uploads\/2026\/04\/image-60.png\" alt=\"\" class=\"wp-image-11510\" srcset=\"https:\/\/3260.com.ar\/web\/wp-content\/uploads\/2026\/04\/image-60.png 695w, https:\/\/3260.com.ar\/web\/wp-content\/uploads\/2026\/04\/image-60-300x199.png 300w\" sizes=\"auto, (max-width: 695px) 100vw, 695px\" \/><\/a><\/figure>\n","protected":false},"excerpt":{"rendered":"<p>El vocal docente Gustavo Blanc afirm\u00f3 que la violencia social \u00abentra a la escuela como ingresa todo lo que ocurre en la sociedad\u00bb y reclam\u00f3 definiciones claras sobre el rol del Estado. El referente de Agmer asegur\u00f3 que sin inversi\u00f3n real y con familias sobrecargadas por la crisis, el sistema educativo carece de herramientas para [&hellip;]<\/p>\n","protected":false},"author":3,"featured_media":11508,"comment_status":"closed","ping_status":"closed","sticky":false,"template":"","format":"standard","meta":{"_jetpack_memberships_contains_paid_content":false,"footnotes":"","jetpack_publicize_message":"","jetpack_publicize_feature_enabled":true,"jetpack_social_post_already_shared":true,"jetpack_social_options":{"image_generator_settings":{"template":"highway","default_image_id":0,"enabled":false},"version":2}},"categories":[176],"tags":[60,3212,3210,3211],"class_list":["post-11507","post","type-post","status-publish","format-standard","has-post-thumbnail","hentry","category-educacion","tag-60","tag-frigerio-empobrecedor","tag-gustavo-blanc","tag-la-violencia-social-entro-a-la-escuela"],"jetpack_publicize_connections":[],"jetpack_featured_media_url":"https:\/\/3260.com.ar\/web\/wp-content\/uploads\/2026\/04\/Gustavo-Blanc.jpg","jetpack_sharing_enabled":true,"_links":{"self":[{"href":"https:\/\/3260.com.ar\/web\/wp-json\/wp\/v2\/posts\/11507","targetHints":{"allow":["GET"]}}],"collection":[{"href":"https:\/\/3260.com.ar\/web\/wp-json\/wp\/v2\/posts"}],"about":[{"href":"https:\/\/3260.com.ar\/web\/wp-json\/wp\/v2\/types\/post"}],"author":[{"embeddable":true,"href":"https:\/\/3260.com.ar\/web\/wp-json\/wp\/v2\/users\/3"}],"replies":[{"embeddable":true,"href":"https:\/\/3260.com.ar\/web\/wp-json\/wp\/v2\/comments?post=11507"}],"version-history":[{"count":1,"href":"https:\/\/3260.com.ar\/web\/wp-json\/wp\/v2\/posts\/11507\/revisions"}],"predecessor-version":[{"id":11511,"href":"https:\/\/3260.com.ar\/web\/wp-json\/wp\/v2\/posts\/11507\/revisions\/11511"}],"wp:featuredmedia":[{"embeddable":true,"href":"https:\/\/3260.com.ar\/web\/wp-json\/wp\/v2\/media\/11508"}],"wp:attachment":[{"href":"https:\/\/3260.com.ar\/web\/wp-json\/wp\/v2\/media?parent=11507"}],"wp:term":[{"taxonomy":"category","embeddable":true,"href":"https:\/\/3260.com.ar\/web\/wp-json\/wp\/v2\/categories?post=11507"},{"taxonomy":"post_tag","embeddable":true,"href":"https:\/\/3260.com.ar\/web\/wp-json\/wp\/v2\/tags?post=11507"}],"curies":[{"name":"wp","href":"https:\/\/api.w.org\/{rel}","templated":true}]}}