{"id":11518,"date":"2026-04-30T17:14:43","date_gmt":"2026-04-30T20:14:43","guid":{"rendered":"https:\/\/3260.com.ar\/web\/?p=11518"},"modified":"2026-04-30T17:19:07","modified_gmt":"2026-04-30T20:19:07","slug":"simon-villarreal-del-barrio-sarmiento-a-la-bombonera-y-a-europa","status":"publish","type":"post","link":"https:\/\/3260.com.ar\/web\/simon-villarreal-del-barrio-sarmiento-a-la-bombonera-y-a-europa\/","title":{"rendered":"SIM\u00d3N VILLARREAL: DEL BARRIO SARMIENTO A LA BOMBONERA Y A EUROPA"},"content":{"rendered":"\n<p>Walid Sim\u00f3n Villarreal -categor\u00eda 2015- es un ni\u00f1o nacido y criado en Concepci\u00f3n del Uruguay. Como tantos gurises de cualquier barrio de la hist\u00f3rica, es apasionado por el f\u00fatbol.<\/p>\n\n\n\n<p>A corta edad form\u00f3 parte de las categor\u00edas formativas del Club Gimnasia y Esgrima, hasta que finalmente en 2025 a la edad de 9 a\u00f1os fue \u00abfichado\u00bb por el Club Atl\u00e9tico Boca Juniors.<\/p>\n\n\n\n<figure class=\"wp-block-image size-full is-resized\"><a href=\"https:\/\/3260.com.ar\/web\/wp-content\/uploads\/2026\/04\/image-68.png\"><img loading=\"lazy\" decoding=\"async\" width=\"629\" height=\"832\" src=\"https:\/\/3260.com.ar\/web\/wp-content\/uploads\/2026\/04\/image-68.png\" alt=\"\" class=\"wp-image-11525\" style=\"width:238px;height:auto\" srcset=\"https:\/\/3260.com.ar\/web\/wp-content\/uploads\/2026\/04\/image-68.png 629w, https:\/\/3260.com.ar\/web\/wp-content\/uploads\/2026\/04\/image-68-227x300.png 227w\" sizes=\"auto, (max-width: 629px) 100vw, 629px\" \/><\/a><\/figure>\n\n\n\n<p>La llegada a la gran capital demand\u00f3 en \u00e9l y su familia adaptaci\u00f3n integral, aunque muchos momentos de angustias, alguna l\u00e1grima traviesa, esfuerzos, viajes semanales a Buenos Aires y sacrificios quedan en la intimidad del entorno familiar todo con el prop\u00f3sito mayor de acompa\u00f1ar a Sim\u00f3n.<\/p>\n\n\n\n<p>El llegar a ser parte de este club implic\u00f3 viajes semanales a CABA desde agosto de 2023 hasta fines de 2025 con todos los trastornos que ello implica: laborales, escolares, etc.<\/p>\n\n\n\n<p>La familia compuesta por mam\u00e1, pap\u00e1 y sus tres hijos decidi\u00f3 radicarse en Buenos Aires para acompa\u00f1ar a Sim\u00f3n y a uno de sus hermanitos menores que tambi\u00e9n juega en infantiles de Boca Juniors.<\/p>\n\n\n\n<p>El camino deportivo le implic\u00f3 atravesar cada uno de los filtros que el club de la rivera le propone a cada jugador en formaci\u00f3n. Para cada categor\u00eda hay cuatro equipos: titular y suplente de Liga, titular y suplente de AFA. Sim\u00f3n transit\u00f3 exitosamente por su esp\u00edritu de superador, calidad humana y certeza con el gol las cuatro instancias hasta consolidarse como el \u00ab9\u00bb titular del plantel.<\/p>\n\n\n\n<p>En las \u00faltimas horas se conoci\u00f3 la noticia que fue convocado por BOCA JUNIORS para viajar a la ciudad de COMO en ITALIA, para formar parte de la competencia ante  veinte clubes de la elite mundial.<\/p>\n\n\n\n<p>Desde esta redacci\u00f3n alentamos a cada deportista de Concepci\u00f3n del Uruguay a continuar con la pr\u00e1ctica de la disciplina que elijan, en este caso el camino de Sim\u00f3n a qui\u00e9n deseamos el \u00e9xito y bendiciones protectoras para su crecimiento integral.<\/p>\n\n\n\n<p>Dejamos algunas postales para conocer mejor al goleador.<\/p>\n\n\n\n<figure class=\"wp-block-image size-large\"><a href=\"https:\/\/3260.com.ar\/web\/wp-content\/uploads\/2026\/04\/image-63.png\"><img loading=\"lazy\" decoding=\"async\" width=\"1024\" height=\"605\" src=\"https:\/\/3260.com.ar\/web\/wp-content\/uploads\/2026\/04\/image-63-1024x605.png\" alt=\"\" class=\"wp-image-11520\" srcset=\"https:\/\/3260.com.ar\/web\/wp-content\/uploads\/2026\/04\/image-63-1024x605.png 1024w, https:\/\/3260.com.ar\/web\/wp-content\/uploads\/2026\/04\/image-63-300x177.png 300w, https:\/\/3260.com.ar\/web\/wp-content\/uploads\/2026\/04\/image-63-768x454.png 768w, https:\/\/3260.com.ar\/web\/wp-content\/uploads\/2026\/04\/image-63.png 1162w\" sizes=\"auto, (max-width: 1024px) 100vw, 1024px\" \/><\/a><\/figure>\n\n\n\n<figure class=\"wp-block-image size-large\"><a href=\"https:\/\/3260.com.ar\/web\/wp-content\/uploads\/2026\/04\/image-64.png\"><img loading=\"lazy\" decoding=\"async\" width=\"1024\" height=\"800\" src=\"https:\/\/3260.com.ar\/web\/wp-content\/uploads\/2026\/04\/image-64-1024x800.png\" alt=\"\" class=\"wp-image-11521\" srcset=\"https:\/\/3260.com.ar\/web\/wp-content\/uploads\/2026\/04\/image-64-1024x800.png 1024w, https:\/\/3260.com.ar\/web\/wp-content\/uploads\/2026\/04\/image-64-300x234.png 300w, https:\/\/3260.com.ar\/web\/wp-content\/uploads\/2026\/04\/image-64-768x600.png 768w, https:\/\/3260.com.ar\/web\/wp-content\/uploads\/2026\/04\/image-64.png 1111w\" sizes=\"auto, (max-width: 1024px) 100vw, 1024px\" \/><\/a><\/figure>\n\n\n\n<figure class=\"wp-block-image size-large\"><a href=\"https:\/\/3260.com.ar\/web\/wp-content\/uploads\/2026\/04\/image-65.png\"><img loading=\"lazy\" decoding=\"async\" width=\"1024\" height=\"824\" src=\"https:\/\/3260.com.ar\/web\/wp-content\/uploads\/2026\/04\/image-65-1024x824.png\" alt=\"\" class=\"wp-image-11522\" srcset=\"https:\/\/3260.com.ar\/web\/wp-content\/uploads\/2026\/04\/image-65-1024x824.png 1024w, https:\/\/3260.com.ar\/web\/wp-content\/uploads\/2026\/04\/image-65-300x241.png 300w, https:\/\/3260.com.ar\/web\/wp-content\/uploads\/2026\/04\/image-65-768x618.png 768w, https:\/\/3260.com.ar\/web\/wp-content\/uploads\/2026\/04\/image-65.png 1074w\" sizes=\"auto, (max-width: 1024px) 100vw, 1024px\" \/><\/a><\/figure>\n\n\n\n<figure class=\"wp-block-image size-large\"><a href=\"https:\/\/3260.com.ar\/web\/wp-content\/uploads\/2026\/04\/image-66.png\"><img loading=\"lazy\" decoding=\"async\" width=\"1024\" height=\"760\" src=\"https:\/\/3260.com.ar\/web\/wp-content\/uploads\/2026\/04\/image-66-1024x760.png\" alt=\"\" class=\"wp-image-11523\" srcset=\"https:\/\/3260.com.ar\/web\/wp-content\/uploads\/2026\/04\/image-66-1024x760.png 1024w, https:\/\/3260.com.ar\/web\/wp-content\/uploads\/2026\/04\/image-66-300x223.png 300w, https:\/\/3260.com.ar\/web\/wp-content\/uploads\/2026\/04\/image-66-768x570.png 768w, https:\/\/3260.com.ar\/web\/wp-content\/uploads\/2026\/04\/image-66.png 1152w\" sizes=\"auto, (max-width: 1024px) 100vw, 1024px\" \/><\/a><\/figure>\n\n\n\n<figure class=\"wp-block-image size-large\"><a href=\"https:\/\/3260.com.ar\/web\/wp-content\/uploads\/2026\/04\/image-69.png\"><img loading=\"lazy\" decoding=\"async\" width=\"768\" height=\"1024\" src=\"https:\/\/3260.com.ar\/web\/wp-content\/uploads\/2026\/04\/image-69-768x1024.png\" alt=\"\" class=\"wp-image-11526\" srcset=\"https:\/\/3260.com.ar\/web\/wp-content\/uploads\/2026\/04\/image-69-768x1024.png 768w, https:\/\/3260.com.ar\/web\/wp-content\/uploads\/2026\/04\/image-69-225x300.png 225w, https:\/\/3260.com.ar\/web\/wp-content\/uploads\/2026\/04\/image-69.png 774w\" sizes=\"auto, (max-width: 768px) 100vw, 768px\" \/><\/a><\/figure>\n\n\n\n<p class=\"has-small-font-size\">La abuela acopa\u00f1ando en aquellos primeros pasos de Sim\u00f3n en el f\u00fatbol local.<\/p>\n\n\n\n<p>CLUBES QUE ESTAR\u00c1N EN EL TORNEO EN ITALIA entre el 22 y 24 de mayo de 2026<\/p>\n\n\n\n<figure class=\"wp-block-image size-full is-resized\"><a href=\"https:\/\/3260.com.ar\/web\/wp-content\/uploads\/2026\/04\/image-70.png\"><img loading=\"lazy\" decoding=\"async\" width=\"445\" height=\"442\" src=\"https:\/\/3260.com.ar\/web\/wp-content\/uploads\/2026\/04\/image-70.png\" alt=\"\" class=\"wp-image-11527\" style=\"width:579px;height:auto\" srcset=\"https:\/\/3260.com.ar\/web\/wp-content\/uploads\/2026\/04\/image-70.png 445w, https:\/\/3260.com.ar\/web\/wp-content\/uploads\/2026\/04\/image-70-300x298.png 300w, https:\/\/3260.com.ar\/web\/wp-content\/uploads\/2026\/04\/image-70-150x150.png 150w, https:\/\/3260.com.ar\/web\/wp-content\/uploads\/2026\/04\/image-70-80x80.png 80w\" sizes=\"auto, (max-width: 445px) 100vw, 445px\" \/><\/a><\/figure>\n","protected":false},"excerpt":{"rendered":"<p>Walid Sim\u00f3n Villarreal -categor\u00eda 2015- es un ni\u00f1o nacido y criado en Concepci\u00f3n del Uruguay. Como tantos gurises de cualquier barrio de la hist\u00f3rica, es apasionado por el f\u00fatbol. A corta edad form\u00f3 parte de las categor\u00edas formativas del Club Gimnasia y Esgrima, hasta que finalmente en 2025 a la edad de 9 a\u00f1os fue [&hellip;]<\/p>\n","protected":false},"author":3,"featured_media":11519,"comment_status":"closed","ping_status":"closed","sticky":false,"template":"","format":"standard","meta":{"_jetpack_memberships_contains_paid_content":false,"footnotes":"","jetpack_publicize_message":"","jetpack_publicize_feature_enabled":true,"jetpack_social_post_already_shared":true,"jetpack_social_options":{"image_generator_settings":{"template":"highway","default_image_id":0,"enabled":false},"version":2}},"categories":[173],"tags":[60,3217,3216,1425,3215],"class_list":["post-11518","post","type-post","status-publish","format-standard","has-post-thumbnail","hentry","category-deportes","tag-60","tag-barrio-sarmiento","tag-boca-juniors-simon-villarreal","tag-futbol-de-concepcion-del-uruguay","tag-simon-villarreal"],"jetpack_publicize_connections":[],"jetpack_featured_media_url":"https:\/\/3260.com.ar\/web\/wp-content\/uploads\/2026\/04\/WhatsApp-Image-2026-04-30-at-16.10.17-2.jpeg","jetpack_sharing_enabled":true,"_links":{"self":[{"href":"https:\/\/3260.com.ar\/web\/wp-json\/wp\/v2\/posts\/11518","targetHints":{"allow":["GET"]}}],"collection":[{"href":"https:\/\/3260.com.ar\/web\/wp-json\/wp\/v2\/posts"}],"about":[{"href":"https:\/\/3260.com.ar\/web\/wp-json\/wp\/v2\/types\/post"}],"author":[{"embeddable":true,"href":"https:\/\/3260.com.ar\/web\/wp-json\/wp\/v2\/users\/3"}],"replies":[{"embeddable":true,"href":"https:\/\/3260.com.ar\/web\/wp-json\/wp\/v2\/comments?post=11518"}],"version-history":[{"count":3,"href":"https:\/\/3260.com.ar\/web\/wp-json\/wp\/v2\/posts\/11518\/revisions"}],"predecessor-version":[{"id":11531,"href":"https:\/\/3260.com.ar\/web\/wp-json\/wp\/v2\/posts\/11518\/revisions\/11531"}],"wp:featuredmedia":[{"embeddable":true,"href":"https:\/\/3260.com.ar\/web\/wp-json\/wp\/v2\/media\/11519"}],"wp:attachment":[{"href":"https:\/\/3260.com.ar\/web\/wp-json\/wp\/v2\/media?parent=11518"}],"wp:term":[{"taxonomy":"category","embeddable":true,"href":"https:\/\/3260.com.ar\/web\/wp-json\/wp\/v2\/categories?post=11518"},{"taxonomy":"post_tag","embeddable":true,"href":"https:\/\/3260.com.ar\/web\/wp-json\/wp\/v2\/tags?post=11518"}],"curies":[{"name":"wp","href":"https:\/\/api.w.org\/{rel}","templated":true}]}}