{"id":11532,"date":"2026-05-01T00:01:00","date_gmt":"2026-05-01T03:01:00","guid":{"rendered":"https:\/\/3260.com.ar\/web\/?p=11532"},"modified":"2026-05-01T00:29:06","modified_gmt":"2026-05-01T03:29:06","slug":"11532-2","status":"publish","type":"post","link":"https:\/\/3260.com.ar\/web\/11532-2\/","title":{"rendered":"DIA DEL TRABAJADOR"},"content":{"rendered":"\n<p>Cada 1 de mayo se celebra en todo el mundo el\u00a0<strong>D\u00eda del Trabajador<\/strong>\u00a0para conmemorar a los M\u00e1rtires de Chicago. En 1886 fueron ejecutados trabajadores de Estados Unidos tras realizar una serie de huelgas en reclamo de mejores condiciones laborales.<\/p>\n\n\n\n<p><strong>Los m\u00e1rtires de Chicago<\/strong><br>Durante abril y mayo de 1886 un grupo de obreros de la f\u00e1brica McCormick fueron v\u00edctimas de una sangrienta represi\u00f3n en la ciudad de Chicago cuando, entre otras cosas, luchaban por la jornada laboral de 8 horas. Tras la represi\u00f3n, se detuvo a cuatro l\u00edderes del movimiento de los trabajadores, quienes fueron condenados a muerte. Desde entonces, se los recuerda como \u201cLos m\u00e1rtires de Chicago\u201d.<\/p>\n\n\n\n<p>En aquel entonces, tras la revoluci\u00f3n industrial, las extensas jornadas de trabajo se extend\u00edan entre 12 y 14 horas, seis o incluso siete d\u00edas a la semana. Los salarios eran bajos, las condiciones de seguridad inexistentes y las condiciones paup\u00e9rrimas. La lucha dio sus frutos y, en el a\u00f1o 1919, durante la primera conferencia de la OIT, se propuso la adopci\u00f3n universal de la jornada de ocho horas y la semana de 48 horas.<\/p>\n\n\n\n<p>En homenaje a aquellos m\u00e1rtires y los que les siguieron, como ejemplo de lucha por las conquistas sociales y ante un gobierno argentino que se empe\u00f1a en avanzar sobre \u00e9stas deshumanizando el valor de la pol\u00edtica y de la tradici\u00f3n Argentina.<\/p>\n\n\n\n<figure class=\"wp-block-image size-full\"><a href=\"https:\/\/3260.com.ar\/web\/wp-content\/uploads\/2026\/04\/image-71.png\"><img loading=\"lazy\" decoding=\"async\" width=\"725\" height=\"479\" src=\"https:\/\/3260.com.ar\/web\/wp-content\/uploads\/2026\/04\/image-71.png\" alt=\"\" class=\"wp-image-11533\" srcset=\"https:\/\/3260.com.ar\/web\/wp-content\/uploads\/2026\/04\/image-71.png 725w, https:\/\/3260.com.ar\/web\/wp-content\/uploads\/2026\/04\/image-71-300x198.png 300w\" sizes=\"auto, (max-width: 725px) 100vw, 725px\" \/><\/a><\/figure>\n\n\n\n<p><\/p>\n\n\n\n<p>Concepci\u00f3n del Uruguay <strong>realizar\u00e1 el acto del 1 de Mayo en Plaza Ram\u00edrez<\/strong>:<\/p>\n\n\n\n<p>Se cumplir\u00e1n 175 a\u00f1os del Pronunciamiento del general Justo Jos\u00e9 de Urquiza, el 172\u00b0 aniversario de la sanci\u00f3n de la Constituci\u00f3n Nacional Argentina, y 140 a\u00f1os de haberse producido la primera huelga masiva de trabajadores y la recordaci\u00f3n de los m\u00e1rtires de Chicago, lo que llev\u00f3 a instaurar el D\u00eda Internacional del Trabajador.<\/p>\n\n\n\n<p>Las tres fechas ser\u00e1n conmemoradas en el centro de la Plaza Ram\u00edrez, donde precisamente Urquiza realiz\u00f3 el Pronunciamiento, que fue la aceptaci\u00f3n de la renuncia de Juan Manuel de Rosas, gobernador de Buenos Aires, por parte de Entre R\u00edos, que de esta manera reasum\u00eda la conducci\u00f3n de su comercio y las relaciones exteriores con otras naciones hasta tanto se formalizara la constituci\u00f3n de una Rep\u00fablica. Hasta ese entonces, Rosas ten\u00eda la suma del poder p\u00fablico y ejerc\u00eda las relaciones exteriores de las provincias de la Confederaci\u00f3n Argentina.<\/p>\n\n\n\n<p>La ceremonia comenzar\u00e1 a las 10 y tendr\u00e1 como orador a Fernando Mart\u00ednez Uncal, vicepresidente del Centro Cultural Urquiza.<\/p>\n\n\n\n<p>El acto contar\u00e1 con la participaci\u00f3n de la Banda de M\u00fasica del Batall\u00f3n de Ingenieros Blindados 2, como as\u00ed tambi\u00e9n las banderas de ceremonia de establecimientos educativos, las banderas nacionales de Guerra del Ej\u00e9rcito Argentino y de las Fuerzas de Seguridad con asiento en Concepci\u00f3n del Uruguay. Adem\u00e1s, se realizar\u00e1n ofrendas florales.<\/p>\n\n\n\n<p><\/p>\n","protected":false},"excerpt":{"rendered":"<p>Cada 1 de mayo se celebra en todo el mundo el\u00a0D\u00eda del Trabajador\u00a0para conmemorar a los M\u00e1rtires de Chicago. En 1886 fueron ejecutados trabajadores de Estados Unidos tras realizar una serie de huelgas en reclamo de mejores condiciones laborales. Los m\u00e1rtires de ChicagoDurante abril y mayo de 1886 un grupo de obreros de la f\u00e1brica [&hellip;]<\/p>\n","protected":false},"author":3,"featured_media":11534,"comment_status":"closed","ping_status":"closed","sticky":false,"template":"","format":"standard","meta":{"_jetpack_memberships_contains_paid_content":false,"footnotes":"","jetpack_publicize_message":"","jetpack_publicize_feature_enabled":true,"jetpack_social_post_already_shared":true,"jetpack_social_options":{"image_generator_settings":{"template":"highway","default_image_id":0,"enabled":false},"version":2}},"categories":[174],"tags":[60,3218],"class_list":["post-11532","post","type-post","status-publish","format-standard","has-post-thumbnail","hentry","category-cultura","tag-60","tag-dia-del-trabajador"],"jetpack_publicize_connections":[],"jetpack_featured_media_url":"https:\/\/3260.com.ar\/web\/wp-content\/uploads\/2026\/04\/1ro-de-mayo-dia-de-los-trabajadores-2019.jpg","jetpack_sharing_enabled":true,"_links":{"self":[{"href":"https:\/\/3260.com.ar\/web\/wp-json\/wp\/v2\/posts\/11532","targetHints":{"allow":["GET"]}}],"collection":[{"href":"https:\/\/3260.com.ar\/web\/wp-json\/wp\/v2\/posts"}],"about":[{"href":"https:\/\/3260.com.ar\/web\/wp-json\/wp\/v2\/types\/post"}],"author":[{"embeddable":true,"href":"https:\/\/3260.com.ar\/web\/wp-json\/wp\/v2\/users\/3"}],"replies":[{"embeddable":true,"href":"https:\/\/3260.com.ar\/web\/wp-json\/wp\/v2\/comments?post=11532"}],"version-history":[{"count":2,"href":"https:\/\/3260.com.ar\/web\/wp-json\/wp\/v2\/posts\/11532\/revisions"}],"predecessor-version":[{"id":11536,"href":"https:\/\/3260.com.ar\/web\/wp-json\/wp\/v2\/posts\/11532\/revisions\/11536"}],"wp:featuredmedia":[{"embeddable":true,"href":"https:\/\/3260.com.ar\/web\/wp-json\/wp\/v2\/media\/11534"}],"wp:attachment":[{"href":"https:\/\/3260.com.ar\/web\/wp-json\/wp\/v2\/media?parent=11532"}],"wp:term":[{"taxonomy":"category","embeddable":true,"href":"https:\/\/3260.com.ar\/web\/wp-json\/wp\/v2\/categories?post=11532"},{"taxonomy":"post_tag","embeddable":true,"href":"https:\/\/3260.com.ar\/web\/wp-json\/wp\/v2\/tags?post=11532"}],"curies":[{"name":"wp","href":"https:\/\/api.w.org\/{rel}","templated":true}]}}