{"id":1165,"date":"2020-09-16T06:30:00","date_gmt":"2020-09-16T06:30:00","guid":{"rendered":"http:\/\/3260.com.ar\/web\/?p=1165"},"modified":"2020-09-16T01:30:07","modified_gmt":"2020-09-16T01:30:07","slug":"uruguayenses-en-el-primer-torneo-virtual-de-atletismo","status":"publish","type":"post","link":"https:\/\/3260.com.ar\/web\/uruguayenses-en-el-primer-torneo-virtual-de-atletismo\/","title":{"rendered":"Uruguayenses en el Primer Torneo Virtual de Atletismo"},"content":{"rendered":"\n<p>El pasado s\u00e1bado se dio por finalizado el Primer Torneo Virtual de Atletismo, evento que cont\u00f3 con la participaci\u00f3n de m\u00e1s de un centenar de deportistas entrerrianos.<\/p>\n\n\n\n<p>Entre ellos se encontraron <strong>numerosos representantes<\/strong> del Centro Provincial de Educaci\u00f3n F\u00edsica N\u00b03 <strong>\u201cHugo Mario La Nasa\u201d<\/strong> de Concepci\u00f3n del Uruguay.<\/p>\n\n\n\n<p>Ellos fueron: Julieta Zacar\u00eda (3\u00b0 puesto en Largo U16), Sabrina Zacar\u00eda (2\u00b0 en Largo y 3\u00b0 en Saltar y Alcanzar U18), Milagros Casares, Johana Fleita (3\u00b0 en Largo U18), Brisa Laval, M\u00eda Bergara (1\u00b0 en 600 mts U18), Lucas Bonnin (1\u00b0 en Saltar y Alcanzar y 3\u00b0 en Bala Adelante U18), Exequiel Luna Brumatti y Francisco Ferreyra (2\u00b0 en 600 mts y 2\u00b0 en Salta y Alcanzar U20).<\/p>\n\n\n\n<p>Para competir los atletas debieron filmar su rendimiento en cualquiera de las <strong>seis disciplinas<\/strong> incluidas: 20 y 600 metros llanos, lanzamiento de bala hacia atr\u00e1s y hacia adelante, salto en largo sin impulso, y saltar y alcanzar.<\/p>\n\n\n\n<p>Este evento organizada por la Federaci\u00f3n Atl\u00e9tica de Entre R\u00edos busc\u00f3 <em><strong>\u201cmotivar y estimular a los atletas a seguir entrenando a pesar del contexto atravesado por la pandemia del COVID-19\u201d<\/strong><\/em>, seg\u00fan indicaron desde dicha instituci\u00f3n.<\/p>\n","protected":false},"excerpt":{"rendered":"<p>El pasado s\u00e1bado se dio por finalizado el Primer Torneo Virtual de Atletismo, evento que cont\u00f3 con la participaci\u00f3n de m\u00e1s de un centenar de deportistas entrerrianos. Entre ellos se encontraron numerosos representantes del Centro Provincial de Educaci\u00f3n F\u00edsica N\u00b03 \u201cHugo Mario La Nasa\u201d de Concepci\u00f3n del Uruguay. Ellos fueron: Julieta Zacar\u00eda (3\u00b0 puesto en [&hellip;]<\/p>\n","protected":false},"author":2,"featured_media":1166,"comment_status":"open","ping_status":"open","sticky":false,"template":"","format":"standard","meta":{"_jetpack_memberships_contains_paid_content":false,"footnotes":"","jetpack_publicize_message":"","jetpack_publicize_feature_enabled":true,"jetpack_social_post_already_shared":true,"jetpack_social_options":{"image_generator_settings":{"template":"highway","default_image_id":0,"enabled":false},"version":2}},"categories":[173],"tags":[60,186,230],"class_list":["post-1165","post","type-post","status-publish","format-standard","has-post-thumbnail","hentry","category-deportes","tag-60","tag-atletismo","tag-cef-n3"],"jetpack_publicize_connections":[],"jetpack_featured_media_url":"https:\/\/3260.com.ar\/web\/wp-content\/uploads\/2020\/09\/cef3.gif","jetpack_sharing_enabled":true,"_links":{"self":[{"href":"https:\/\/3260.com.ar\/web\/wp-json\/wp\/v2\/posts\/1165","targetHints":{"allow":["GET"]}}],"collection":[{"href":"https:\/\/3260.com.ar\/web\/wp-json\/wp\/v2\/posts"}],"about":[{"href":"https:\/\/3260.com.ar\/web\/wp-json\/wp\/v2\/types\/post"}],"author":[{"embeddable":true,"href":"https:\/\/3260.com.ar\/web\/wp-json\/wp\/v2\/users\/2"}],"replies":[{"embeddable":true,"href":"https:\/\/3260.com.ar\/web\/wp-json\/wp\/v2\/comments?post=1165"}],"version-history":[{"count":0,"href":"https:\/\/3260.com.ar\/web\/wp-json\/wp\/v2\/posts\/1165\/revisions"}],"wp:featuredmedia":[{"embeddable":true,"href":"https:\/\/3260.com.ar\/web\/wp-json\/wp\/v2\/media\/1166"}],"wp:attachment":[{"href":"https:\/\/3260.com.ar\/web\/wp-json\/wp\/v2\/media?parent=1165"}],"wp:term":[{"taxonomy":"category","embeddable":true,"href":"https:\/\/3260.com.ar\/web\/wp-json\/wp\/v2\/categories?post=1165"},{"taxonomy":"post_tag","embeddable":true,"href":"https:\/\/3260.com.ar\/web\/wp-json\/wp\/v2\/tags?post=1165"}],"curies":[{"name":"wp","href":"https:\/\/api.w.org\/{rel}","templated":true}]}}