{"id":1168,"date":"2020-09-16T17:17:40","date_gmt":"2020-09-16T17:17:40","guid":{"rendered":"http:\/\/3260.com.ar\/web\/?p=1168"},"modified":"2020-09-16T17:17:41","modified_gmt":"2020-09-16T17:17:41","slug":"handball-del-cef-a-boca-cuatro-chicas-que-apostaron-y-ganaron","status":"publish","type":"post","link":"https:\/\/3260.com.ar\/web\/handball-del-cef-a-boca-cuatro-chicas-que-apostaron-y-ganaron\/","title":{"rendered":"Handball del CEF a Boca: Cuatro chicas que apostaron y ganaron"},"content":{"rendered":"\n<p>La informaci\u00f3n se dio a conocer en estos d\u00edas pero la noticia surgi\u00f3 hace ya dos semanas: <strong>cuatro jugadoras<\/strong> de Handball del CEF uruguayense fueron incluidas en los planteles del Club Atl\u00e9tico Boca Juniors.<\/p>\n\n\n\n<p>Al igual de lo que les ocurri\u00f3 a sus compa\u00f1eros de club Ger\u00f3nimo de Matteis, Luciano Sarli y Mateo Caffa, ahora <strong>Roc\u00edo Garnier, Milagros Delaloye, Ail\u00e9n Alzogaray y Soledad Musicco<\/strong> tambi\u00e9n entrenan con la \u201cazul y oro\u201d.<\/p>\n\n\n\n<h4 class=\"wp-block-heading\"><strong>El grupo de WhatsApp.<\/strong><\/h4>\n\n\n\n<p>\u201cLo que menos esperaba era algo as\u00ed, con respecto a lo deportivo daba el a\u00f1o por perdido pero lleg\u00f3 esta noticia para cambiar todo por completo\u201d nos confes\u00f3 <strong>Ail\u00e9n<\/strong> luego de explicarnos c\u00f3mo fue que se enteraron de la novedad.<\/p>\n\n\n\n<p>\u201cMe agregaron a un grupo de WhatsApp donde mandaron una carta y varios audios\u2026 yo no entend\u00eda nada\u201d volvi\u00f3 a sincerarse, tal como lo expres\u00f3 tambi\u00e9n su compa\u00f1era de categor\u00eda <strong>Roc\u00edo<\/strong>.<\/p>\n\n\n\n<blockquote class=\"wp-block-quote is-layout-flow wp-block-quote-is-layout-flow\"><p>\u201cLas cuatro chicas que fuimos a probarnos hab\u00edamos quedado en el club\u201d<\/p><\/blockquote>\n\n\n\n<p>\u201cRecib\u00ed un mensaje de una de las chicas cont\u00e1ndome que hab\u00eda quedado en Mayores, y al cerrar el chat veo que me hab\u00edan agregado al grupo de mi Categor\u00eda\u201d dijo, tras darse cuenta que \u201clas cuatro que fuimos hab\u00edamos quedado\u201d.<\/p>\n\n\n\n<p>Pero esta alegr\u00eda iba a consumarse luego de tener el primer contacto visual -aunque virtual- con sus nuevos entrenadores. \u201cLuego de una conferencia por Zoom donde nos dijeron que ya \u00e9ramos jugadoras pudimos asimilar un poco lo que estaba pasando\u201d nos explic\u00f3 Garnier.<\/p>\n\n\n\n<h4 class=\"wp-block-heading\"><strong>Ese bendito Flyer.<\/strong><\/h4>\n\n\n\n<p>Las cuatro \u201crosadas\u201d -como se lo apoda al equipo femenino del CEF N\u00b03- no llegaron a La Boca por casualidad sino m\u00e1s bien por una invitaci\u00f3n que se las envi\u00f3 alguien que ya integra las l\u00edneas del club de la Rivera.<\/p>\n\n\n\n<p>\u201cUnos amigos que ya estaban en Boca se enteraron, nos pasaron el Flyer, vimos que entr\u00e1bamos en las categor\u00edas y nos fuimos\u201d cont\u00f3 <strong>Milagros<\/strong> destacando la espontaneidad de aquella medida tomada.<\/p>\n\n\n\n<p>Al respecto, <strong>Soledad <\/strong>subray\u00f3 aquella contundente decisi\u00f3n conjunta: \u201cNo dudamos en viajar, nos organizamos y salimos rumbo a Buenos Aires con muchas expectativas y nervios\u201d, adem\u00e1s de algunos v\u00edveres que ayudaron a calmar la ansiedad.<\/p>\n\n\n\n<blockquote class=\"wp-block-quote is-layout-flow wp-block-quote-is-layout-flow\"><p>\u201cCompremos pan, fiambre, queso y ma\u00f1ana a las 4 de la ma\u00f1ana viajamos\u201d<\/p><\/blockquote>\n\n\n\n<p>\u201cEse viernes salimos de entrenar y dijimos \u2018compremos pan, fiambre, queso y ma\u00f1ana a las 4 viajamos\u2019\u201d coment\u00f3 <strong>Milagros<\/strong> para esclarecernos a\u00fan m\u00e1s el tipo de organizaci\u00f3n que manejaba aquel cuarteto deportivo.<\/p>\n\n\n\n<p>Con todo esto, el auto prestado por la Abuela de Roc\u00edo y mucho alcohol en gel, las chicas partieron hacia Buenos Aires abrumadas por la incertidumbre de la inminente declaraci\u00f3n del aislamiento social, preventivo y obligatorio.<\/p>\n\n\n\n<div class=\"wp-block-image\"><figure class=\"aligncenter size-large is-resized\"><img loading=\"lazy\" decoding=\"async\" src=\"http:\/\/3260.com.ar\/web\/wp-content\/uploads\/2020\/09\/WhatsApp-Image-2020-09-16-at-09.28.56-1024x768.jpeg\" alt=\"\" class=\"wp-image-1172\" width=\"512\" height=\"384\" srcset=\"https:\/\/3260.com.ar\/web\/wp-content\/uploads\/2020\/09\/WhatsApp-Image-2020-09-16-at-09.28.56-1024x768.jpeg 1024w, https:\/\/3260.com.ar\/web\/wp-content\/uploads\/2020\/09\/WhatsApp-Image-2020-09-16-at-09.28.56-300x225.jpeg 300w, https:\/\/3260.com.ar\/web\/wp-content\/uploads\/2020\/09\/WhatsApp-Image-2020-09-16-at-09.28.56-768x576.jpeg 768w, https:\/\/3260.com.ar\/web\/wp-content\/uploads\/2020\/09\/WhatsApp-Image-2020-09-16-at-09.28.56.jpeg 1280w\" sizes=\"auto, (max-width: 512px) 100vw, 512px\" \/><figcaption>Otro aporte del CEF uruguayense al club de la Rivera.<\/figcaption><\/figure><\/div>\n\n\n\n<h4 class=\"wp-block-heading\"><strong>Un entrenamiento en duda.<\/strong><\/h4>\n\n\n\n<p>\u201cLlegamos temprano al Estadio, con lluvia, preguntamos por la prueba y nos dijeron que hasta \u00faltimo momento no se sab\u00eda si se iba a realizar por la Pandemia\u201d continu\u00f3 cont\u00e1ndonos <strong>Ail\u00e9n<\/strong>.<\/p>\n\n\n\n<p><strong>Roc\u00edo<\/strong> detall\u00f3 adem\u00e1s que \u201ca medida que pasaba el tiempo iban llegando un mont\u00f3n de chicas, algunas con un gran equipo de Handball y nosotras nos mir\u00e1bamos diciendo \u2018\u00bfQu\u00e9 hacemos ac\u00e1?\u2019\u201d.<\/p>\n\n\n\n<blockquote class=\"wp-block-quote is-layout-flow wp-block-quote-is-layout-flow\"><p>\u201c\u00c9ramos m\u00e1s de 120 chicas y nosotras las \u00fanicas del interior del pa\u00eds\u201d<\/p><\/blockquote>\n\n\n\n<p>Sin embargo, y tras esa tensa espera, el entrenamiento se hizo actuando all\u00ed las cuatro entrerrianas con la intenci\u00f3n de medir su nivel de Balonmano pero tambi\u00e9n \u201cpara ver qu\u00e9 onda\u201d, como ellas mismas expresaron.<\/p>\n\n\n\n<p>\u201cEstaba repleto el estadio, fue muy emocionante estar ah\u00ed\u201d dijo la Xeneize <strong>Soledad<\/strong>. \u201cFue impresionante porque \u00e9ramos m\u00e1s de 120 chicas y nosotras las \u00fanicas del interior del pa\u00eds\u201d complet\u00f3 <strong>Roc\u00edo<\/strong>.<\/p>\n\n\n\n<h4 class=\"wp-block-heading\"><strong>Espera, confirmaci\u00f3n y alegr\u00eda.<\/strong><\/h4>\n\n\n\n<p>Tras la consumaci\u00f3n de la prueba de jugadoras, los mini partidos y la toma de sus datos personales, las uruguayenses emprendieron el regreso a La Hist\u00f3rica cansadas pero satisfechas por haber cumplido este viaje rel\u00e1mpago.<\/p>\n\n\n\n<p>Al mismo tiempo las sucesivas extensiones de la Cuarentena se encargaron de poner <strong>pa\u00f1os fr\u00edos a sus expectativas<\/strong> deportivas dilatando la emoci\u00f3n con la ausencia de nuevas noticias.<\/p>\n\n\n\n<p>Sin embargo, hace dos semanas lleg\u00f3 el tan ansiado mensaje, ese que se hab\u00eda pronunciado como cierto al menos en tono de ilusi\u00f3n, pero que <strong>siempre tuvo bases s\u00f3lidas<\/strong> debido al gran nivel de las integrantes del plantel femenino de nuestro CEF.<\/p>\n\n\n\n<p>Tras la confirmaci\u00f3n oficial <strong>Milagros<\/strong> nos dijo: \u201cSinceramente ninguna nos imagin\u00e1bamos quedar\u201d, a lo que complet\u00f3 indicando que, con la recepci\u00f3n de la carta de bienvenida, \u201ctuve tantos sentimientos juntos que hasta hoy no podr\u00eda describir lo que siento\u201d.<\/p>\n\n\n\n<blockquote class=\"wp-block-quote is-layout-flow wp-block-quote-is-layout-flow\"><p>\u201cTuve tantos sentimientos juntos que hasta hoy no podr\u00eda describir lo que siento\u201d<\/p><\/blockquote>\n\n\n\n<p><strong>Roc\u00edo<\/strong>, por su parte, resalt\u00f3 que \u201cno soy hincha del club pero con esta posibilidad que me est\u00e1 dando voy a defender sus colores como si lo fuera\u201d, sin obviar que con esa camiseta \u201cvoy a poder compartir esta oportunidad con mis amigas, que creo que es lo m\u00e1s lindo de todo\u201d.<\/p>\n\n\n\n<p>Tambi\u00e9n <strong>Soledad<\/strong> valor\u00f3 la convocatoria hecha por Boca Juniors al decir que \u201crecibir esta noticia hace unos d\u00edas fue y es muy emocionante, a\u00fan no lo creo, es una oportunidad enorme para cada una de nosotras\u201d.<\/p>\n\n\n\n<p>\u201cFui para sumar experiencia y saber d\u00f3nde estaba ubicado el Handball de mi ciudad\u201d dijo <strong>Ail\u00e9n<\/strong>, aclarando que \u201csuper\u00e9 todas mis expectativas, estoy muy contenta de haber llegado hasta ac\u00e1 y de tener la posibilidad de crecer como deportista\u201d.<\/p>\n\n\n\n<div class=\"wp-block-image\"><figure class=\"aligncenter size-large is-resized\"><img loading=\"lazy\" decoding=\"async\" src=\"http:\/\/3260.com.ar\/web\/wp-content\/uploads\/2020\/09\/WhatsApp-Image-2020-09-16-at-09.28.56-1-1-1024x770.jpeg\" alt=\"\" class=\"wp-image-1171\" width=\"512\" height=\"385\" srcset=\"https:\/\/3260.com.ar\/web\/wp-content\/uploads\/2020\/09\/WhatsApp-Image-2020-09-16-at-09.28.56-1-1-1024x770.jpeg 1024w, https:\/\/3260.com.ar\/web\/wp-content\/uploads\/2020\/09\/WhatsApp-Image-2020-09-16-at-09.28.56-1-1-300x225.jpeg 300w, https:\/\/3260.com.ar\/web\/wp-content\/uploads\/2020\/09\/WhatsApp-Image-2020-09-16-at-09.28.56-1-1-768x577.jpeg 768w, https:\/\/3260.com.ar\/web\/wp-content\/uploads\/2020\/09\/WhatsApp-Image-2020-09-16-at-09.28.56-1-1.jpeg 1280w\" sizes=\"auto, (max-width: 512px) 100vw, 512px\" \/><figcaption>Cuatro felices rostros sobre el parqu\u00e9 de La Boca.<\/figcaption><\/figure><\/div>\n\n\n\n<h4 class=\"wp-block-heading\"><strong>Entrenamientos esperando el regreso.<\/strong><\/h4>\n\n\n\n<p>Desde hace unos d\u00edas <strong>Soledad Musicco, Roc\u00edo Garnier, Milagros Delaloye y Ail\u00e9n Alzogaray<\/strong> realizan mediante Zoom las rutinas enviadas por el Cuerpo T\u00e9cnico del club auriazul, prepar\u00e1ndose para los entrenamientos presenciales que en alg\u00fan momento volver\u00e1n.<\/p>\n\n\n\n<p>\u201cEn Primera divisi\u00f3n somos alrededor de 35 chicas as\u00ed que es toda una nueva experiencia para nosotras, la que nos permite seguir aprendiendo y creciendo\u201d detall\u00f3 <strong>Ail\u00e9n<\/strong>, la tambi\u00e9n jugadora de la modalidad \u2018Beach\u2019.<\/p>\n\n\n\n<p><strong>Milagros<\/strong>, en tanto, profundiz\u00f3 sobre lo que representa para ella jugar para el equipo de sus amores. \u201cEntrenar con Boca es algo realmente emocionante, poder ponerse los colores del club y salir a una cancha es algo incre\u00edble\u201d confes\u00f3.<\/p>\n\n\n\n<blockquote class=\"wp-block-quote is-layout-flow wp-block-quote-is-layout-flow\"><p>\u201cPoder compartir este sue\u00f1o con mis compa\u00f1eras me incentiva mucho m\u00e1s\u201d<\/p><\/blockquote>\n\n\n\n<p>Pero sacando el fanatismo, volvi\u00f3 a destacar algo que seguramente todas ellas utilizar\u00e1n como base para sostenerse en este nuevo camino deportivo que ya las hizo parte: la amistad.<\/p>\n\n\n\n<p>\u201cVer crecer a jugadoras en un deporte como este que est\u00e1 muy infravalorado es lo que m\u00e1s me satisface\u201d declar\u00f3, a lo que complet\u00f3 subrayando: \u201cpoder compartirlo con mis compa\u00f1eras me incentiva mucho m\u00e1s\u201d.<\/p>\n","protected":false},"excerpt":{"rendered":"<p>La informaci\u00f3n se dio a conocer en estos d\u00edas pero la noticia surgi\u00f3 hace ya dos semanas: cuatro jugadoras de Handball del CEF uruguayense fueron incluidas en los planteles del Club Atl\u00e9tico Boca Juniors. Al igual de lo que les ocurri\u00f3 a sus compa\u00f1eros de club Ger\u00f3nimo de Matteis, Luciano Sarli y Mateo Caffa, ahora [&hellip;]<\/p>\n","protected":false},"author":2,"featured_media":1169,"comment_status":"open","ping_status":"open","sticky":false,"template":"","format":"standard","meta":{"_jetpack_memberships_contains_paid_content":false,"footnotes":"","jetpack_publicize_message":"","jetpack_publicize_feature_enabled":true,"jetpack_social_post_already_shared":true,"jetpack_social_options":{"image_generator_settings":{"template":"highway","default_image_id":0,"enabled":false},"version":2}},"categories":[173],"tags":[60,440,472,230,438],"class_list":["post-1168","post","type-post","status-publish","format-standard","has-post-thumbnail","hentry","category-deportes","tag-60","tag-balonmano","tag-boca-juniors","tag-cef-n3","tag-handball"],"jetpack_publicize_connections":[],"jetpack_featured_media_url":"https:\/\/3260.com.ar\/web\/wp-content\/uploads\/2020\/09\/handball_fem_cef3.gif","jetpack_sharing_enabled":true,"_links":{"self":[{"href":"https:\/\/3260.com.ar\/web\/wp-json\/wp\/v2\/posts\/1168","targetHints":{"allow":["GET"]}}],"collection":[{"href":"https:\/\/3260.com.ar\/web\/wp-json\/wp\/v2\/posts"}],"about":[{"href":"https:\/\/3260.com.ar\/web\/wp-json\/wp\/v2\/types\/post"}],"author":[{"embeddable":true,"href":"https:\/\/3260.com.ar\/web\/wp-json\/wp\/v2\/users\/2"}],"replies":[{"embeddable":true,"href":"https:\/\/3260.com.ar\/web\/wp-json\/wp\/v2\/comments?post=1168"}],"version-history":[{"count":0,"href":"https:\/\/3260.com.ar\/web\/wp-json\/wp\/v2\/posts\/1168\/revisions"}],"wp:featuredmedia":[{"embeddable":true,"href":"https:\/\/3260.com.ar\/web\/wp-json\/wp\/v2\/media\/1169"}],"wp:attachment":[{"href":"https:\/\/3260.com.ar\/web\/wp-json\/wp\/v2\/media?parent=1168"}],"wp:term":[{"taxonomy":"category","embeddable":true,"href":"https:\/\/3260.com.ar\/web\/wp-json\/wp\/v2\/categories?post=1168"},{"taxonomy":"post_tag","embeddable":true,"href":"https:\/\/3260.com.ar\/web\/wp-json\/wp\/v2\/tags?post=1168"}],"curies":[{"name":"wp","href":"https:\/\/api.w.org\/{rel}","templated":true}]}}