{"id":1202,"date":"2020-09-19T18:28:01","date_gmt":"2020-09-19T18:28:01","guid":{"rendered":"http:\/\/3260.com.ar\/web\/?p=1202"},"modified":"2020-09-19T18:28:02","modified_gmt":"2020-09-19T18:28:02","slug":"la-uemi-lanza-su-programa-en-la-tv","status":"publish","type":"post","link":"https:\/\/3260.com.ar\/web\/la-uemi-lanza-su-programa-en-la-tv\/","title":{"rendered":"La UEMI lanza su programa en la TV"},"content":{"rendered":"\n<p>Esta noche a las 21 horas y por el canal de la Asociaci\u00f3n Entrerriana de Telecomunicaciones (AET) se emitir\u00e1 en TV el <strong>programa debut<\/strong> de la Uni\u00f3n Entrerriana de M\u00fasicos Independientes (UEMI).<\/p>\n\n\n\n<p>La primera emisi\u00f3n televisiva de <strong>\u201cEnlaces sonoros\u201d<\/strong> tendr\u00e1 la participaci\u00f3n de <strong>Natalia Mor\u00faa<\/strong>, m\u00fasica uruguayense, y <strong>Carolina Haick<\/strong>, Presidenta de la Asociaci\u00f3n de Mujeres M\u00fasicas de Santiago del Estero.<\/p>\n\n\n\n<p>Esta producci\u00f3n buscar\u00e1 otorgar promoci\u00f3n a todas y todos los solistas y bandas asociadas a la nombrada Uni\u00f3n as\u00ed como tambi\u00e9n mostrar el trabajo de colegas de todo el pa\u00eds.<\/p>\n\n\n\n<p>Desde fines de Agosto \u00abEnlaces sonoros\u00bb se comenz\u00f3 a emitir en formato radial, todos los jueves a las 20 horas por el espacio de \u201cCasa Radio\u201d.<\/p>\n\n\n\n<p>UEMI es una Asociaci\u00f3n Civil sin fines de lucro conformada hace siete a\u00f1os por m\u00fasicos entrerrianos de distintos g\u00e9neros, con el objetivo de fomentar y mejorar la actividad musical.<\/p>\n","protected":false},"excerpt":{"rendered":"<p>Esta noche a las 21 horas y por el canal de la Asociaci\u00f3n Entrerriana de Telecomunicaciones (AET) se emitir\u00e1 en TV el programa debut de la Uni\u00f3n Entrerriana de M\u00fasicos Independientes (UEMI). La primera emisi\u00f3n televisiva de \u201cEnlaces sonoros\u201d tendr\u00e1 la participaci\u00f3n de Natalia Mor\u00faa, m\u00fasica uruguayense, y Carolina Haick, Presidenta de la Asociaci\u00f3n de [&hellip;]<\/p>\n","protected":false},"author":2,"featured_media":1203,"comment_status":"open","ping_status":"open","sticky":false,"template":"","format":"standard","meta":{"_jetpack_memberships_contains_paid_content":false,"footnotes":"","jetpack_publicize_message":"","jetpack_publicize_feature_enabled":true,"jetpack_social_post_already_shared":true,"jetpack_social_options":{"image_generator_settings":{"template":"highway","default_image_id":0,"enabled":false},"version":2}},"categories":[174],"tags":[60,482,481],"class_list":["post-1202","post","type-post","status-publish","format-standard","has-post-thumbnail","hentry","category-cultura","tag-60","tag-enlaces-sonoros","tag-uemi"],"jetpack_publicize_connections":[],"jetpack_featured_media_url":"https:\/\/3260.com.ar\/web\/wp-content\/uploads\/2020\/09\/enlaces_sonoros.gif","jetpack_sharing_enabled":true,"_links":{"self":[{"href":"https:\/\/3260.com.ar\/web\/wp-json\/wp\/v2\/posts\/1202","targetHints":{"allow":["GET"]}}],"collection":[{"href":"https:\/\/3260.com.ar\/web\/wp-json\/wp\/v2\/posts"}],"about":[{"href":"https:\/\/3260.com.ar\/web\/wp-json\/wp\/v2\/types\/post"}],"author":[{"embeddable":true,"href":"https:\/\/3260.com.ar\/web\/wp-json\/wp\/v2\/users\/2"}],"replies":[{"embeddable":true,"href":"https:\/\/3260.com.ar\/web\/wp-json\/wp\/v2\/comments?post=1202"}],"version-history":[{"count":0,"href":"https:\/\/3260.com.ar\/web\/wp-json\/wp\/v2\/posts\/1202\/revisions"}],"wp:featuredmedia":[{"embeddable":true,"href":"https:\/\/3260.com.ar\/web\/wp-json\/wp\/v2\/media\/1203"}],"wp:attachment":[{"href":"https:\/\/3260.com.ar\/web\/wp-json\/wp\/v2\/media?parent=1202"}],"wp:term":[{"taxonomy":"category","embeddable":true,"href":"https:\/\/3260.com.ar\/web\/wp-json\/wp\/v2\/categories?post=1202"},{"taxonomy":"post_tag","embeddable":true,"href":"https:\/\/3260.com.ar\/web\/wp-json\/wp\/v2\/tags?post=1202"}],"curies":[{"name":"wp","href":"https:\/\/api.w.org\/{rel}","templated":true}]}}