{"id":1208,"date":"2020-09-19T20:52:12","date_gmt":"2020-09-19T20:52:12","guid":{"rendered":"http:\/\/3260.com.ar\/web\/?p=1208"},"modified":"2020-09-19T20:52:13","modified_gmt":"2020-09-19T20:52:13","slug":"pitu-monzalvo-manteniendo-el-calor-de-las-penas","status":"publish","type":"post","link":"https:\/\/3260.com.ar\/web\/pitu-monzalvo-manteniendo-el-calor-de-las-penas\/","title":{"rendered":"Pitu Monzalvo: manteniendo el calor de las Pe\u00f1as"},"content":{"rendered":"\n<p>Con la guitarra afinada, los micr\u00f3fonos chequeados y la computadora lista para transmitir nos encontramos con un m\u00fasico salte\u00f1o por nacimiento, uruguayense por adopci\u00f3n y Pe\u00f1ero por tradici\u00f3n.<\/p>\n\n\n\n<p>Visitamos su <strong>Pe\u00f1a folcl\u00f3rica<\/strong>, esa que ya alcanz\u00f3 los ocho a\u00f1os de vida y que, como tantas otras disciplinas, hoy se ve intervenida por las conexiones virtuales.<\/p>\n\n\n\n<p>\u201cLo que m\u00e1s se extra\u00f1a es el contacto con la gente\u201d dijo abriendo la entrevista su creador, su guitarrero y su cantor principal, <strong>Sebasti\u00e1n Monzalvo<\/strong>, popularmente conocido como \u201cEl Pitu\u201d.<\/p>\n\n\n\n<blockquote class=\"wp-block-quote is-layout-flow wp-block-quote-is-layout-flow\"><p>\u201cLo que m\u00e1s se extra\u00f1a es el contacto con la gente\u201d<\/p><\/blockquote>\n\n\n\n<p>Es que la \u2018nueva normalidad\u2019 lo obliga, al menos hasta el momento, a cantarle a un dispositivo electr\u00f3nico. \u201cExtra\u00f1o mucho el aplauso cuando termina una canci\u00f3n pero al margen de eso intento ser feliz con lo que hago, <strong>nos tenemos que amoldar<\/strong>\u201d dijo resignado pero con fuerzas.<\/p>\n\n\n\n<p>Tras <strong>quince a\u00f1os de dedicaci\u00f3n profesional<\/strong> con la m\u00fasica, Sebasti\u00e1n sigue firme por m\u00e1s que los vientos soplen m\u00e1s fuertes que nunca: \u201cNo me arrepiento ni un segundo de dedicarme a esta profesi\u00f3n, tratando de aprender, escuchando a los que saben y conservando los pies sobre la tierra\u201d.<\/p>\n\n\n\n<div class=\"wp-block-image\"><figure class=\"aligncenter size-large\"><img loading=\"lazy\" decoding=\"async\" width=\"1024\" height=\"576\" src=\"http:\/\/3260.com.ar\/web\/wp-content\/uploads\/2020\/09\/pitu1-1024x576.gif\" alt=\"\" class=\"wp-image-1216\" srcset=\"https:\/\/3260.com.ar\/web\/wp-content\/uploads\/2020\/09\/pitu1-1024x576.gif 1024w, https:\/\/3260.com.ar\/web\/wp-content\/uploads\/2020\/09\/pitu1-300x169.gif 300w, https:\/\/3260.com.ar\/web\/wp-content\/uploads\/2020\/09\/pitu1-768x432.gif 768w\" sizes=\"auto, (max-width: 1024px) 100vw, 1024px\" \/><figcaption>Sebasti\u00e1n cantando en su nuevo escenario, su casa.<\/figcaption><\/figure><\/div>\n\n\n\n<h4 class=\"wp-block-heading\"><strong>Esa musiquita.<\/strong><\/h4>\n\n\n\n<p>Luego del sonar de zambas, escondidos, baladas, chacareras, tangos y boleros nos surgi\u00f3 consultarle cu\u00e1les son los g\u00e9neros que m\u00e1s disfruta interpretar.<\/p>\n\n\n\n<p>Su respuesta fue clara: \u201cSoy zambero a morir, despu\u00e9s cantar boleros y te podr\u00eda decir baladas; s\u00e9 que no tienen mucha llegada hoy pero me encantan, soy un rom\u00e1ntico\u201d confes\u00f3.<\/p>\n\n\n\n<p>Sin embargo, a la hora de complacer pedidos musicales el Pitu no discrimina, su vida estuvo acompa\u00f1ada siempre por la m\u00fasica. No por nada sobre la puerta de su hogar <strong>nos topamos con una Clave de Sol<\/strong> m\u00e1s que simb\u00f3lica.<\/p>\n\n\n\n<p>\u201cMi infancia fue mucho folclore -nos cont\u00f3-, mucha m\u00fasica de los 70, la \u00e9poca dorada de la m\u00fasica en espa\u00f1ol\u2026 <strong>yo tuve que haber nacido un poco antes<\/strong>\u201d dijo entre risas.<\/p>\n\n\n\n<blockquote class=\"wp-block-quote is-layout-flow wp-block-quote-is-layout-flow\"><p>\u201cSoy sambero a morir, despu\u00e9s cantar boleros y te podr\u00eda decir baladas&#8230; soy un rom\u00e1ntico\u201d<\/p><\/blockquote>\n\n\n\n<p>Yendo del tango a Los Iracundos y sin dejar d\u00e9cada previa al 2000 sin resaltar, Sebasti\u00e1n Monzalvo no pudo dejar de citar a su provincia natal en su formaci\u00f3n musical y en sus sentimientos.<\/p>\n\n\n\n<p>\u201cSi bien yo vine de muy chiquito a Concepci\u00f3n, nunca dej\u00e9 de tener muy arraigada a Salta en mi coraz\u00f3n, tengo mucha familia all\u00e1 as\u00ed como tambi\u00e9n a la m\u00fasica que llevo en el alma\u201d continu\u00f3.<\/p>\n\n\n\n<p>Y all\u00ed fue cuando la profesi\u00f3n se uni\u00f3 con la a\u00f1oranza para hacer brotar un lindo deseo en el <strong>actual cantante del Grupo Sentimientos<\/strong> del Coraz\u00f3n.<\/p>\n\n\n\n<p>\u201cLo que m\u00e1s amo es cantar folclore\u201d explic\u00f3 completando que \u201csiempre est\u00e1 ese deseo de volver a Salta y poder hacerlo all\u00e1\u201d.<\/p>\n\n\n\n<p>Pero, despu\u00e9s de tanto bombo, guitarra y m\u00fasica mel\u00f3dica \u00bfC\u00f3mo lleg\u00f3 el Pitu a meterse en la movida tropical? Pues otra vez la m\u00fasica de su vida, la de las radios y el romanticismo.<\/p>\n\n\n\n<p>\u201c<strong>Mi primer acercamiento con la cumbia fue con Leo Mattioli<\/strong>, se lo escuchaba en todas las radios y yo agarraba la guitarra y empezaba a sacar sus canciones\u201d nos sigui\u00f3 contando, completando que \u201cah\u00ed me empez\u00f3 a gustar la cumbia rom\u00e1ntica, como la que hacemos con Sentimientos\u201d.<\/p>\n\n\n\n<figure class=\"wp-block-image size-large\"><img loading=\"lazy\" decoding=\"async\" width=\"1024\" height=\"576\" src=\"http:\/\/3260.com.ar\/web\/wp-content\/uploads\/2020\/08\/sentimientos-01-1024x576.png\" alt=\"\" class=\"wp-image-484\" srcset=\"https:\/\/3260.com.ar\/web\/wp-content\/uploads\/2020\/08\/sentimientos-01-1024x576.png 1024w, https:\/\/3260.com.ar\/web\/wp-content\/uploads\/2020\/08\/sentimientos-01-300x169.png 300w, https:\/\/3260.com.ar\/web\/wp-content\/uploads\/2020\/08\/sentimientos-01-768x432.png 768w, https:\/\/3260.com.ar\/web\/wp-content\/uploads\/2020\/08\/sentimientos-01-1536x864.png 1536w, https:\/\/3260.com.ar\/web\/wp-content\/uploads\/2020\/08\/sentimientos-01-2048x1152.png 2048w\" sizes=\"auto, (max-width: 1024px) 100vw, 1024px\" \/><figcaption>El Pitu, Sentimientos y la cumbia rom\u00e1ntica.<\/figcaption><\/figure>\n\n\n\n<h4 class=\"wp-block-heading\"><strong>Su barrio, su gente, su hija.<\/strong><\/h4>\n\n\n\n<p>Su cultura, su guitarra, su pe\u00f1a y toda su m\u00fasica no pod\u00edan situarse en otro lugar que no sea \u2018la Rep\u00fablica de San Isidro\u2019, barrio uruguayense que tradicionalmente celebra el Festival <strong>\u201cSan Isidro Canta y Baila\u201d<\/strong>.<\/p>\n\n\n\n<p>\u201cDice eso porque <strong>el barrio se ha diferenciado de muchos otros lugares por la m\u00fasica y por el arte<\/strong>\u201d nos explic\u00f3 indic\u00e1ndonos adem\u00e1s que \u201cde ac\u00e1 han salido m\u00fasicos y bailarines de toda \u00edndole\u201d.<\/p>\n\n\n\n<p>Para engrosar el ejemplo figur\u00f3 la idea con una frase popular: \u201cse dice que en San Isidro levant\u00e1s una piedra y encontr\u00e1s un guitarrero o un cantor\u201d, aunque reconoci\u00f3 tambi\u00e9n que \u201choy se ha perdido un poco eso porque ha crecido much\u00edsimo el barrio y el folclore ya no se difunde tanto\u201d.<\/p>\n\n\n\n<blockquote class=\"wp-block-quote is-layout-flow wp-block-quote-is-layout-flow\"><p>\u201cEn San Isidro levant\u00e1s una piedra y encontr\u00e1s un guitarrero o un cantor\u201d<\/p><\/blockquote>\n\n\n\n<p>Y esta \u00faltima afirmaci\u00f3n nos llev\u00f3 a repreguntarle acerca del espacio que posee hoy su rubro de cabecera en la regi\u00f3n, a lo que nos contest\u00f3: \u201cLa realidad es que hace mucho tiempo no hay lugares para el folclore, mejor dicho, hay pero hay pocos, deber\u00eda haber muchos m\u00e1s\u201d.<\/p>\n\n\n\n<p><strong>\u201cAc\u00e1 tenemos grandes referentes que a\u00fan siguen tocando, sin embargo para ellos no tener lugares donde ir a tocar es fuerte\u201d<\/strong> lanz\u00f3 y levant\u00f3 la piedra: \u201cah\u00ed estamos los que tenemos un poquito m\u00e1s de envi\u00f3n para tratar de que se generen esos espacios\u201d.<\/p>\n\n\n\n<p>Y en esas noches pe\u00f1eras el tambi\u00e9n <strong>cantante carnavalero<\/strong>, tetracampe\u00f3n con Ar\u00e1 Yev\u00ed de Gualeguaych\u00fa, se encuentra compartiendo el escenario de su hogar con una de sus habitantes comunes, <strong>su hija Emma<\/strong>.<\/p>\n\n\n\n<p>\u201cM\u00e1s all\u00e1 que tengo la dicha de verla crecer d\u00eda a d\u00eda, que mi hija cante ac\u00e1 al lado m\u00edo me mueve el piso\u201d confes\u00f3, explicando que \u201cser padre te sensibiliza en un punto que no ten\u00edas explorado en tu alma\u201d.<\/p>\n\n\n\n<div class=\"wp-block-image\"><figure class=\"aligncenter size-large\"><img loading=\"lazy\" decoding=\"async\" width=\"1024\" height=\"576\" src=\"http:\/\/3260.com.ar\/web\/wp-content\/uploads\/2020\/09\/pitu2-1024x576.gif\" alt=\"\" class=\"wp-image-1217\" srcset=\"https:\/\/3260.com.ar\/web\/wp-content\/uploads\/2020\/09\/pitu2-1024x576.gif 1024w, https:\/\/3260.com.ar\/web\/wp-content\/uploads\/2020\/09\/pitu2-300x169.gif 300w, https:\/\/3260.com.ar\/web\/wp-content\/uploads\/2020\/09\/pitu2-768x432.gif 768w\" sizes=\"auto, (max-width: 1024px) 100vw, 1024px\" \/><figcaption>Emma, siempre presente en sus shows.<\/figcaption><\/figure><\/div>\n\n\n\n<h4 class=\"wp-block-heading\">Pe\u00f1as y discos.<\/h4>\n\n\n\n<p>As\u00ed, dedicado y comprometido, artista y familiero, el creador de la \u00fanica Pe\u00f1a Folcl\u00f3rica en funciones de la ciudad, nos sintetiz\u00f3 lo que significa ser Pe\u00f1ero: \u201c<strong>Es encontrarse con amigos y compartir con ellos<\/strong>, es cantar lo que los amigos quieren\u2026 por eso extra\u00f1o mucho esta cuesti\u00f3n\u201d.<\/p>\n\n\n\n<p>Sabiendo de su amor por el g\u00e9nero le consultamos sobre sus planes de grabar alg\u00fan material folcl\u00f3rico, a lo que nos inform\u00f3: \u201cEl deseo de grabar un disco siempre est\u00e1 pero la cuesti\u00f3n es monetaria\u201d.<\/p>\n\n\n\n<blockquote class=\"wp-block-quote is-layout-flow wp-block-quote-is-layout-flow\"><p>\u201cEl deseo de grabar un disco siempre est\u00e1 pero la cuesti\u00f3n es monetaria\u201d<\/p><\/blockquote>\n\n\n\n<p>Pero aunque hoy las prioridades son otras, ya se puede disfrutar de su m\u00fasica y la de otros exponentes locales en \u00e1lbum titulado <strong>\u201cTodos juntos\u201d<\/strong> lanzado el a\u00f1o pasado con gran variedad de m\u00fasicos entrerrianos.<\/p>\n\n\n\n<p>\u201cEn ese material producido por Marcos Pereyra tuve la posibilidad de grabar un par de canciones junto a mi amigo Abel Peralta\u201c coment\u00f3, concluyendo con una primicia que sin dudas despert\u00f3 mayor inter\u00e9s en lo que ser\u00e1 un pr\u00f3ximo lanzamiento.<\/p>\n\n\n\n<p>\u201cTengo canciones propias tanto para Sentimientos como para el disco de Folclore y <strong>una de ellos se llama \u2018Emma\u2019 as\u00ed que espero que lo disfruten y lo compren<\/strong>\u201d anunci\u00f3.<\/p>\n\n\n\n<div class=\"wp-block-image\"><figure class=\"aligncenter size-large\"><img loading=\"lazy\" decoding=\"async\" width=\"1024\" height=\"594\" src=\"http:\/\/3260.com.ar\/web\/wp-content\/uploads\/2020\/09\/SI-1-1024x594.png\" alt=\"\" class=\"wp-image-1215\" srcset=\"https:\/\/3260.com.ar\/web\/wp-content\/uploads\/2020\/09\/SI-1-1024x594.png 1024w, https:\/\/3260.com.ar\/web\/wp-content\/uploads\/2020\/09\/SI-1-300x174.png 300w, https:\/\/3260.com.ar\/web\/wp-content\/uploads\/2020\/09\/SI-1-768x445.png 768w, https:\/\/3260.com.ar\/web\/wp-content\/uploads\/2020\/09\/SI-1.png 1343w\" sizes=\"auto, (max-width: 1024px) 100vw, 1024px\" \/><figcaption>Ingreso principal a la \u00abRep\u00fablica de San Isidro\u00bb.<\/figcaption><\/figure><\/div>\n\n\n\n<p>Ni sus a\u00f1os de trayectoria ni sus logros musicales han logrado alejar del piso los pies de un \u201cnorte\u00f1o panzaverde\u201d que seguir\u00e1 saludando y agradeciendo su presencia a todo aquel que haya presenciado su show. Ese el Pitu, el que sigue manteniendo el calor de las Pe\u00f1as.<\/p>\n","protected":false},"excerpt":{"rendered":"<p>Con la guitarra afinada, los micr\u00f3fonos chequeados y la computadora lista para transmitir nos encontramos con un m\u00fasico salte\u00f1o por nacimiento, uruguayense por adopci\u00f3n y Pe\u00f1ero por tradici\u00f3n. Visitamos su Pe\u00f1a folcl\u00f3rica, esa que ya alcanz\u00f3 los ocho a\u00f1os de vida y que, como tantas otras disciplinas, hoy se ve intervenida por las conexiones virtuales. [&hellip;]<\/p>\n","protected":false},"author":2,"featured_media":1219,"comment_status":"open","ping_status":"open","sticky":false,"template":"","format":"video","meta":{"_jetpack_memberships_contains_paid_content":false,"footnotes":"","jetpack_publicize_message":"","jetpack_publicize_feature_enabled":true,"jetpack_social_post_already_shared":true,"jetpack_social_options":{"image_generator_settings":{"template":"highway","default_image_id":0,"enabled":false},"version":2}},"categories":[174],"tags":[60,284,197,486],"class_list":["post-1208","post","type-post","status-publish","format-video","has-post-thumbnail","hentry","category-cultura","tag-60","tag-folclore","tag-pena","tag-pitu-monzalvo","post_format-post-format-video"],"jetpack_publicize_connections":[],"jetpack_featured_media_url":"https:\/\/3260.com.ar\/web\/wp-content\/uploads\/2020\/09\/pitu_tapa.gif","jetpack_sharing_enabled":true,"_links":{"self":[{"href":"https:\/\/3260.com.ar\/web\/wp-json\/wp\/v2\/posts\/1208","targetHints":{"allow":["GET"]}}],"collection":[{"href":"https:\/\/3260.com.ar\/web\/wp-json\/wp\/v2\/posts"}],"about":[{"href":"https:\/\/3260.com.ar\/web\/wp-json\/wp\/v2\/types\/post"}],"author":[{"embeddable":true,"href":"https:\/\/3260.com.ar\/web\/wp-json\/wp\/v2\/users\/2"}],"replies":[{"embeddable":true,"href":"https:\/\/3260.com.ar\/web\/wp-json\/wp\/v2\/comments?post=1208"}],"version-history":[{"count":0,"href":"https:\/\/3260.com.ar\/web\/wp-json\/wp\/v2\/posts\/1208\/revisions"}],"wp:featuredmedia":[{"embeddable":true,"href":"https:\/\/3260.com.ar\/web\/wp-json\/wp\/v2\/media\/1219"}],"wp:attachment":[{"href":"https:\/\/3260.com.ar\/web\/wp-json\/wp\/v2\/media?parent=1208"}],"wp:term":[{"taxonomy":"category","embeddable":true,"href":"https:\/\/3260.com.ar\/web\/wp-json\/wp\/v2\/categories?post=1208"},{"taxonomy":"post_tag","embeddable":true,"href":"https:\/\/3260.com.ar\/web\/wp-json\/wp\/v2\/tags?post=1208"}],"curies":[{"name":"wp","href":"https:\/\/api.w.org\/{rel}","templated":true}]}}