{"id":12234,"date":"2026-08-31T21:48:09","date_gmt":"2026-09-01T00:48:09","guid":{"rendered":"https:\/\/3260.com.ar\/web\/?p=12234"},"modified":"2026-08-31T21:48:13","modified_gmt":"2026-09-01T00:48:13","slug":"registro-provincial-de-artesanos","status":"publish","type":"post","link":"https:\/\/3260.com.ar\/web\/registro-provincial-de-artesanos\/","title":{"rendered":"REGISTRO PROVINCIAL DE ARTESANOS"},"content":{"rendered":"\n<p class=\"wp-block-paragraph\">La Secretar\u00eda de Cultura de Entre R\u00edos abre una nueva convocatoria para la actualizaci\u00f3n e incorporaci\u00f3n de artesanas y artesanos al Registro Provincial de la actividad. La inscripci\u00f3n es online, gratuita y el plazo va del 31 de agosto al 30 de septiembre de este a\u00f1o.<\/p>\n\n\n\n<p class=\"wp-block-paragraph\">La iniciativa est\u00e1 destinada tanto a quienes ya forman parte del Registro y necesitan actualizar sus datos, como a aquellas artesanas y artesanos de la provincia que a\u00fan no se encuentran registrados y deseen incorporarse. El formulario de inscripci\u00f3n se encuentra en este link: LINK DE INSCRIPCI\u00d3N: <a href=\"https:\/\/forms.comunicacionentrerios.com\/f\/420\" data-type=\"link\" data-id=\"https:\/\/forms.comunicacionentrerios.com\/f\/420\">https:\/\/forms.comunicacionentrerios.com\/f\/420<\/a><\/p>\n\n\n\n<p class=\"wp-block-paragraph\">El Registro Provincial fue creado en el marco de la Ley Provincial de Artesan\u00edas, constituy\u00e9ndose como una herramienta fundamental para el reconocimiento, protecci\u00f3n, difusi\u00f3n, promoci\u00f3n y comercializaci\u00f3n de la producci\u00f3n artesanal entrerriana.<\/p>\n\n\n\n<p class=\"wp-block-paragraph\">La convocatoria contempla dos modalidades:<\/p>\n\n\n\n<p class=\"wp-block-paragraph\">-Actualizaci\u00f3n de datos: destinada a artesanas y artesanos que ya se encuentren inscriptos en el Registro Provincial y necesiten actualizar informaci\u00f3n personal, datos de contacto, localidad, rubro, t\u00e9cnicas, materiales, im\u00e1genes de sus producciones u otros antecedentes.<\/p>\n\n\n\n<p class=\"wp-block-paragraph\">-Nueva inscripci\u00f3n: destinada a artesanas y artesanos entrerrianos que todav\u00eda no formen parte del Registro y deseen iniciar el proceso de incorporaci\u00f3n.<\/p>\n\n\n\n<p class=\"wp-block-paragraph\">Consultas:&nbsp;nuevoregistrodeartesanos2026@gmail.com&nbsp;<\/p>\n\n\n\n<p class=\"wp-block-paragraph\">El Registro se implementa a trav\u00e9s de la Direcci\u00f3n General de Museos y Patrimonio Cultural y del Museo y Mercado Provincial de Artesan\u00edas Carlos Asiain.\u00a0<\/p>\n\n\n\n<figure class=\"wp-block-image size-full\"><a href=\"https:\/\/3260.com.ar\/web\/wp-content\/uploads\/2026\/08\/image-68.png\"><img loading=\"lazy\" decoding=\"async\" width=\"740\" height=\"483\" src=\"https:\/\/3260.com.ar\/web\/wp-content\/uploads\/2026\/08\/image-68.png\" alt=\"\" class=\"wp-image-12236\" srcset=\"https:\/\/3260.com.ar\/web\/wp-content\/uploads\/2026\/08\/image-68.png 740w, https:\/\/3260.com.ar\/web\/wp-content\/uploads\/2026\/08\/image-68-300x196.png 300w\" sizes=\"auto, (max-width: 740px) 100vw, 740px\" \/><\/a><\/figure>\n","protected":false},"excerpt":{"rendered":"<p>La Secretar\u00eda de Cultura de Entre R\u00edos abre una nueva convocatoria para la actualizaci\u00f3n e incorporaci\u00f3n de artesanas y artesanos al Registro Provincial de la actividad. La inscripci\u00f3n es online, gratuita y el plazo va del 31 de agosto al 30 de septiembre de este a\u00f1o. La iniciativa est\u00e1 destinada tanto a quienes ya forman [&hellip;]<\/p>\n","protected":false},"author":3,"featured_media":12235,"comment_status":"closed","ping_status":"closed","sticky":false,"template":"","format":"standard","meta":{"_jetpack_memberships_contains_paid_content":false,"footnotes":"","jetpack_publicize_message":"","jetpack_publicize_feature_enabled":true,"jetpack_social_post_already_shared":true,"jetpack_social_options":{"image_generator_settings":{"template":"highway","default_image_id":0,"enabled":false},"version":2}},"categories":[174],"tags":[60,3391],"class_list":["post-12234","post","type-post","status-publish","format-standard","has-post-thumbnail","hentry","category-cultura","tag-60","tag-registro-provincial-de-artesanos"],"jetpack_publicize_connections":[],"jetpack_featured_media_url":"https:\/\/3260.com.ar\/web\/wp-content\/uploads\/2026\/08\/Artesano-trabajando.webp","jetpack_sharing_enabled":true,"_links":{"self":[{"href":"https:\/\/3260.com.ar\/web\/wp-json\/wp\/v2\/posts\/12234","targetHints":{"allow":["GET"]}}],"collection":[{"href":"https:\/\/3260.com.ar\/web\/wp-json\/wp\/v2\/posts"}],"about":[{"href":"https:\/\/3260.com.ar\/web\/wp-json\/wp\/v2\/types\/post"}],"author":[{"embeddable":true,"href":"https:\/\/3260.com.ar\/web\/wp-json\/wp\/v2\/users\/3"}],"replies":[{"embeddable":true,"href":"https:\/\/3260.com.ar\/web\/wp-json\/wp\/v2\/comments?post=12234"}],"version-history":[{"count":1,"href":"https:\/\/3260.com.ar\/web\/wp-json\/wp\/v2\/posts\/12234\/revisions"}],"predecessor-version":[{"id":12237,"href":"https:\/\/3260.com.ar\/web\/wp-json\/wp\/v2\/posts\/12234\/revisions\/12237"}],"wp:featuredmedia":[{"embeddable":true,"href":"https:\/\/3260.com.ar\/web\/wp-json\/wp\/v2\/media\/12235"}],"wp:attachment":[{"href":"https:\/\/3260.com.ar\/web\/wp-json\/wp\/v2\/media?parent=12234"}],"wp:term":[{"taxonomy":"category","embeddable":true,"href":"https:\/\/3260.com.ar\/web\/wp-json\/wp\/v2\/categories?post=12234"},{"taxonomy":"post_tag","embeddable":true,"href":"https:\/\/3260.com.ar\/web\/wp-json\/wp\/v2\/tags?post=12234"}],"curies":[{"name":"wp","href":"https:\/\/api.w.org\/{rel}","templated":true}]}}