{"id":12238,"date":"2026-09-01T21:50:23","date_gmt":"2026-09-02T00:50:23","guid":{"rendered":"https:\/\/3260.com.ar\/web\/?p=12238"},"modified":"2026-08-31T21:59:41","modified_gmt":"2026-09-01T00:59:41","slug":"dia-de-la-industria-nacional","status":"publish","type":"post","link":"https:\/\/3260.com.ar\/web\/dia-de-la-industria-nacional\/","title":{"rendered":"DIA DE LA INDUSTRIA NACIONAL"},"content":{"rendered":"\n<p class=\"wp-block-paragraph\">El 2 de septiembre se conmemora en el pa\u00eds el D\u00eda de la Industria a pesar de que la \u00abprimera exportaci\u00f3n argentina\u00bb encubre un acto de contrabando y comercio ilegal.&nbsp; Efectivamente, el 2 de septiembre de 1587, zarp\u00f3 desde el fondeadero del Riachuelo, que hac\u00eda las veces de puerto de Buenos Aires, la carabela San Antonio, rumbo al Brasil. Llevaba en sus bodegas cubrecamas, frazadas, otros tejidos, sombreros y bolsas de harina, producidos en Santiago del Estero. Pero en su interior, camufladas, seg\u00fan denunci\u00f3 el gobernador del Tucum\u00e1n Ram\u00edrez de Velasco, tambi\u00e9n cargaba barras de plata provenientes de Potos\u00ed, cuya exportaci\u00f3n estaba prohibida por Real C\u00e9dula.<\/p>\n\n\n\n<p class=\"wp-block-paragraph\">El desarrollo industrial en estos territorios tardar\u00eda siglos en llegar. Reci\u00e9n hacia fines del siglo XVIII arribaron a Buenos Aires las primeras manufacturas inglesas, pero la masiva penetraci\u00f3n de bienes importados imposibilit\u00f3 el desarrollo industrial, que debi\u00f3 esperar largamente hasta entrado el siglo XX. El debate entre librecambistas y proteccionistas se extendi\u00f3 largamente durante los siglos XIX, XX y contin\u00faa en nuestros d\u00edas.<\/p>\n\n\n\n<p class=\"has-text-align-right has-small-font-size wp-block-paragraph\">Fuente: Sesi\u00f3n del congreso Nacional del 18\/9\/1875. C\u00e1mara de Diputados, p\u00e1gs. 1123-1124.<\/p>\n\n\n\n<figure class=\"wp-block-image size-full\"><a href=\"https:\/\/3260.com.ar\/web\/wp-content\/uploads\/2026\/08\/image-69.png\"><img loading=\"lazy\" decoding=\"async\" width=\"484\" height=\"453\" src=\"https:\/\/3260.com.ar\/web\/wp-content\/uploads\/2026\/08\/image-69.png\" alt=\"\" class=\"wp-image-12240\" srcset=\"https:\/\/3260.com.ar\/web\/wp-content\/uploads\/2026\/08\/image-69.png 484w, https:\/\/3260.com.ar\/web\/wp-content\/uploads\/2026\/08\/image-69-300x281.png 300w\" sizes=\"auto, (max-width: 484px) 100vw, 484px\" \/><\/a><\/figure>\n\n\n\n<p class=\"wp-block-paragraph\"><em><strong>\u00abEl libre cambio mata a la industria naciente. Los que han defendido ciegamente teor\u00edas sostenidas en otras partes no se han apercibido que apoyaban intereses contrarios a los suyos. Cuando esta cuesti\u00f3n se discut\u00eda en el Parlamento ingl\u00e9s, uno de los ilustrados defensores del libre cambio dec\u00eda que \u00e9l quer\u00eda hacer de la Inglaterra la f\u00e1brica del mundo y de la Am\u00e9rica, la granja de la Inglaterra. Y dec\u00eda una gran verdad, que en gran parte se ha realizado porque en efecto nosotros somos y seremos por mucho tiempo, si no ponemos remedio al mal, la granja de las grandes naciones manufactureras (\u2026) Yo pregunto, Sr. Presidente, \u00bfqu\u00e9 produce hoy la provincia de Buenos Aires, la primera provincia de la Rep\u00fablica? Triste es decirlo. S\u00f3lo produce pasto y toda su riqueza est\u00e1 pendiente de las nubes. El a\u00f1o que ellas nieguen riego a nuestros campos, toda nuestra riqueza habr\u00e1 desaparecido. Es necesario que en la Rep\u00fablica se trabaje y se produzca algo m\u00e1s que pasto.\u00bb<\/strong><\/em><\/p>\n\n\n\n<p class=\"wp-block-paragraph\"><em>Carlos Pellegrini.&nbsp;<\/em><\/p>\n\n\n\n<p class=\"wp-block-paragraph\"><\/p>\n","protected":false},"excerpt":{"rendered":"<p>El 2 de septiembre se conmemora en el pa\u00eds el D\u00eda de la Industria a pesar de que la \u00abprimera exportaci\u00f3n argentina\u00bb encubre un acto de contrabando y comercio ilegal.&nbsp; Efectivamente, el 2 de septiembre de 1587, zarp\u00f3 desde el fondeadero del Riachuelo, que hac\u00eda las veces de puerto de Buenos Aires, la carabela San [&hellip;]<\/p>\n","protected":false},"author":3,"featured_media":12239,"comment_status":"closed","ping_status":"closed","sticky":false,"template":"","format":"standard","meta":{"_jetpack_memberships_contains_paid_content":false,"footnotes":"","jetpack_publicize_message":"","jetpack_publicize_feature_enabled":true,"jetpack_social_post_already_shared":true,"jetpack_social_options":{"image_generator_settings":{"template":"highway","default_image_id":0,"enabled":false},"version":2}},"categories":[613],"tags":[60,3392,3393],"class_list":["post-12238","post","type-post","status-publish","format-standard","has-post-thumbnail","hentry","category-generales","tag-60","tag-dia-de-la-industria","tag-indiustria-nacional"],"jetpack_publicize_connections":[],"jetpack_featured_media_url":"https:\/\/3260.com.ar\/web\/wp-content\/uploads\/2026\/08\/Dia-de-la-Industria-ARgentina.jpg","jetpack_sharing_enabled":true,"_links":{"self":[{"href":"https:\/\/3260.com.ar\/web\/wp-json\/wp\/v2\/posts\/12238","targetHints":{"allow":["GET"]}}],"collection":[{"href":"https:\/\/3260.com.ar\/web\/wp-json\/wp\/v2\/posts"}],"about":[{"href":"https:\/\/3260.com.ar\/web\/wp-json\/wp\/v2\/types\/post"}],"author":[{"embeddable":true,"href":"https:\/\/3260.com.ar\/web\/wp-json\/wp\/v2\/users\/3"}],"replies":[{"embeddable":true,"href":"https:\/\/3260.com.ar\/web\/wp-json\/wp\/v2\/comments?post=12238"}],"version-history":[{"count":1,"href":"https:\/\/3260.com.ar\/web\/wp-json\/wp\/v2\/posts\/12238\/revisions"}],"predecessor-version":[{"id":12241,"href":"https:\/\/3260.com.ar\/web\/wp-json\/wp\/v2\/posts\/12238\/revisions\/12241"}],"wp:featuredmedia":[{"embeddable":true,"href":"https:\/\/3260.com.ar\/web\/wp-json\/wp\/v2\/media\/12239"}],"wp:attachment":[{"href":"https:\/\/3260.com.ar\/web\/wp-json\/wp\/v2\/media?parent=12238"}],"wp:term":[{"taxonomy":"category","embeddable":true,"href":"https:\/\/3260.com.ar\/web\/wp-json\/wp\/v2\/categories?post=12238"},{"taxonomy":"post_tag","embeddable":true,"href":"https:\/\/3260.com.ar\/web\/wp-json\/wp\/v2\/tags?post=12238"}],"curies":[{"name":"wp","href":"https:\/\/api.w.org\/{rel}","templated":true}]}}