{"id":12242,"date":"2026-09-03T00:01:00","date_gmt":"2026-09-03T03:01:00","guid":{"rendered":"https:\/\/3260.com.ar\/web\/?p=12242"},"modified":"2026-09-01T22:31:20","modified_gmt":"2026-09-02T01:31:20","slug":"higiene-como-base-de-la-buena-salud","status":"publish","type":"post","link":"https:\/\/3260.com.ar\/web\/higiene-como-base-de-la-buena-salud\/","title":{"rendered":"HIGIENE COMO BASE DE LA BUENA SALUD"},"content":{"rendered":"\n<p class=\"wp-block-paragraph\">Cada a\u00f1o, el 3 de septiembre se celebra el D\u00eda Mundial de la Higiene. El objetivo de la fecha es concientizar a la poblaci\u00f3n sobre la importancia de la higiene y como \u00e9sta ayuda a prevenir enfermedades e infecciones.<\/p>\n\n\n\n<p class=\"wp-block-paragraph\">\u201cUn ni\u00f1o limpio, con manos limpias, con u\u00f1as limpias y con la piel limpia no va a tener muchas enfermedades. Por ejemplo, el rascado que puede ocasionarse a trav\u00e9s de una picadura de insectos y si el ni\u00f1o tiene las u\u00f1as sucias, es probable que favorezca a una infecci\u00f3n en ese lugar donde se rasc\u00f3 y despu\u00e9s si le pica en otro lado y se rasca de nuevo lleva la infecci\u00f3n a otro lado, y esa es una de las formas de diseminarse las infecciones en la piel, los famosos granos de la piel\u201d aseguran desde el sector salud p\u00fablica.<\/p>\n\n\n\n<figure class=\"wp-block-image size-full\"><a href=\"https:\/\/3260.com.ar\/web\/wp-content\/uploads\/2026\/09\/image-1.png\"><img loading=\"lazy\" decoding=\"async\" width=\"777\" height=\"707\" src=\"https:\/\/3260.com.ar\/web\/wp-content\/uploads\/2026\/09\/image-1.png\" alt=\"\" class=\"wp-image-12250\" srcset=\"https:\/\/3260.com.ar\/web\/wp-content\/uploads\/2026\/09\/image-1.png 777w, https:\/\/3260.com.ar\/web\/wp-content\/uploads\/2026\/09\/image-1-300x273.png 300w, https:\/\/3260.com.ar\/web\/wp-content\/uploads\/2026\/09\/image-1-767x698.png 767w\" sizes=\"auto, (max-width: 777px) 100vw, 777px\" \/><\/a><\/figure>\n\n\n\n<p class=\"wp-block-paragraph\">La higiene en cada uno de los hogares es fundamental : \u201cUna buena higiene domiciliaria favorece por ejemplo el tema de la alergia. Los \u00e1caros est\u00e1n asentados en lugares donde uno los puede limpiar, como las paletas de los ventiladores, los filtros de los aires acondicionados, etc. Una buena higiene de la cama, de la ropa de cama, son elementos que no eliminan, pero favorecen que los \u00e1caros no est\u00e9n en el lugar\u201d.<\/p>\n\n\n\n<figure class=\"wp-block-image size-full\"><a href=\"https:\/\/3260.com.ar\/web\/wp-content\/uploads\/2026\/08\/image-71.png\"><img loading=\"lazy\" decoding=\"async\" width=\"1008\" height=\"508\" src=\"https:\/\/3260.com.ar\/web\/wp-content\/uploads\/2026\/08\/image-71.png\" alt=\"\" class=\"wp-image-12244\" srcset=\"https:\/\/3260.com.ar\/web\/wp-content\/uploads\/2026\/08\/image-71.png 1008w, https:\/\/3260.com.ar\/web\/wp-content\/uploads\/2026\/08\/image-71-300x151.png 300w, https:\/\/3260.com.ar\/web\/wp-content\/uploads\/2026\/08\/image-71-768x387.png 768w\" sizes=\"auto, (max-width: 1008px) 100vw, 1008px\" \/><\/a><\/figure>\n\n\n\n<p class=\"wp-block-paragraph\">El cuidado de una buena higiene a la hora de limpiar y manipular productos alimentarios tambi\u00e9n es muy importante, por lo que el profesional recomienda que \u201cUna buena higiene en las verduras verdes que no van a ser cocinadas o de las frutas, van a favorecer la no aparici\u00f3n de infecciones gastrointestinales o de infecciones m\u00e1s severas como la toxoplasmosis que es una enfermedad de mucho m\u00e1s riesgo y as\u00ed uno podr\u00eda enumerar un mont\u00f3n de cosas que sin lugar a duda se ven afectadas por una mala higiene\u201d.<\/p>\n\n\n\n<figure class=\"wp-block-image size-full\"><a href=\"https:\/\/3260.com.ar\/web\/wp-content\/uploads\/2026\/08\/image-70.png\"><img loading=\"lazy\" decoding=\"async\" width=\"635\" height=\"362\" src=\"https:\/\/3260.com.ar\/web\/wp-content\/uploads\/2026\/08\/image-70.png\" alt=\"\" class=\"wp-image-12243\" srcset=\"https:\/\/3260.com.ar\/web\/wp-content\/uploads\/2026\/08\/image-70.png 635w, https:\/\/3260.com.ar\/web\/wp-content\/uploads\/2026\/08\/image-70-300x171.png 300w\" sizes=\"auto, (max-width: 635px) 100vw, 635px\" \/><\/a><\/figure>\n","protected":false},"excerpt":{"rendered":"<p>Cada a\u00f1o, el 3 de septiembre se celebra el D\u00eda Mundial de la Higiene. El objetivo de la fecha es concientizar a la poblaci\u00f3n sobre la importancia de la higiene y como \u00e9sta ayuda a prevenir enfermedades e infecciones. \u201cUn ni\u00f1o limpio, con manos limpias, con u\u00f1as limpias y con la piel limpia no va [&hellip;]<\/p>\n","protected":false},"author":3,"featured_media":12249,"comment_status":"closed","ping_status":"closed","sticky":false,"template":"","format":"standard","meta":{"_jetpack_memberships_contains_paid_content":false,"footnotes":"","jetpack_publicize_message":"","jetpack_publicize_feature_enabled":true,"jetpack_social_post_already_shared":true,"jetpack_social_options":{"image_generator_settings":{"template":"highway","default_image_id":0,"enabled":false},"version":2}},"categories":[176],"tags":[60,3394,3395],"class_list":["post-12242","post","type-post","status-publish","format-standard","has-post-thumbnail","hentry","category-educacion","tag-60","tag-higiene-como-base-de-buena-salud","tag-lavado-de-manos"],"jetpack_publicize_connections":[],"jetpack_featured_media_url":"https:\/\/3260.com.ar\/web\/wp-content\/uploads\/2026\/08\/Lavarse-las-manos.jpg","jetpack_sharing_enabled":true,"_links":{"self":[{"href":"https:\/\/3260.com.ar\/web\/wp-json\/wp\/v2\/posts\/12242","targetHints":{"allow":["GET"]}}],"collection":[{"href":"https:\/\/3260.com.ar\/web\/wp-json\/wp\/v2\/posts"}],"about":[{"href":"https:\/\/3260.com.ar\/web\/wp-json\/wp\/v2\/types\/post"}],"author":[{"embeddable":true,"href":"https:\/\/3260.com.ar\/web\/wp-json\/wp\/v2\/users\/3"}],"replies":[{"embeddable":true,"href":"https:\/\/3260.com.ar\/web\/wp-json\/wp\/v2\/comments?post=12242"}],"version-history":[{"count":1,"href":"https:\/\/3260.com.ar\/web\/wp-json\/wp\/v2\/posts\/12242\/revisions"}],"predecessor-version":[{"id":12251,"href":"https:\/\/3260.com.ar\/web\/wp-json\/wp\/v2\/posts\/12242\/revisions\/12251"}],"wp:featuredmedia":[{"embeddable":true,"href":"https:\/\/3260.com.ar\/web\/wp-json\/wp\/v2\/media\/12249"}],"wp:attachment":[{"href":"https:\/\/3260.com.ar\/web\/wp-json\/wp\/v2\/media?parent=12242"}],"wp:term":[{"taxonomy":"category","embeddable":true,"href":"https:\/\/3260.com.ar\/web\/wp-json\/wp\/v2\/categories?post=12242"},{"taxonomy":"post_tag","embeddable":true,"href":"https:\/\/3260.com.ar\/web\/wp-json\/wp\/v2\/tags?post=12242"}],"curies":[{"name":"wp","href":"https:\/\/api.w.org\/{rel}","templated":true}]}}