{"id":1323,"date":"2020-09-25T06:21:00","date_gmt":"2020-09-25T06:21:00","guid":{"rendered":"http:\/\/3260.com.ar\/web\/?p=1323"},"modified":"2020-09-25T01:25:06","modified_gmt":"2020-09-25T01:25:06","slug":"playas-concepcion-planifica-sus-protocolos-de-uso","status":"publish","type":"post","link":"https:\/\/3260.com.ar\/web\/playas-concepcion-planifica-sus-protocolos-de-uso\/","title":{"rendered":"Playas: Concepci\u00f3n planifica sus protocolos de uso"},"content":{"rendered":"\n<p>\u201cVamos a seguir trabajando los protocolos\u201d declar\u00f3 la Directora de Turismo de Concepci\u00f3n del Uruguay, <strong>Mar\u00eda Laura Saad<\/strong>, refiri\u00e9ndose a la reglamentaci\u00f3n del uso de las playas locales para la pr\u00f3xima temporada veraniega.<\/p>\n\n\n\n<p>En declaraciones con los colegas de la <a href=\"http:\/\/www.radionacional.com.ar\/comenzaron-a-trabajar-en-protocolos-para-la-habilitacion-de-las-playas\/\">Radio LT 11 \u201cGral. Ram\u00edrez\u201d<\/a>, la funcionaria inform\u00f3 que ya se est\u00e1n elaborando los protocolos para ello bas\u00e1ndose en uno que no tiene origen gubernamental.<\/p>\n\n\n\n<p><strong>\u201cNo hay un protocolo de playas ni a nivel nacional ni a nivel provincial\u201d<\/strong> dijo Saad explicando que, en cambio, \u201cs\u00ed hay un protocolo de Guardavidas que ya est\u00e1 aprobado por Naci\u00f3n\u201d.<\/p>\n\n\n\n<p>Realizando una proyecci\u00f3n sobre la futura temporada estival, la Directora de Turismo uruguayense aclar\u00f3 que \u201cno vamos a poder tener la cantidad de gente que ten\u00edamos un domingo de Diciembre\u201d.<\/p>\n\n\n\n<p>As\u00ed mismo inform\u00f3 que ya se conform\u00f3 un protocolo para las playas accesibles y que la capacidad de la playa depender\u00e1 de la altura del r\u00edo.<\/p>\n\n\n\n<p>Por \u00faltimo, la titular del \u00e1rea tur\u00edstica de La Hist\u00f3rica dijo a la radio p\u00fablica local que para que esto se cumpla <strong>\u201cnecesitamos la ayuda de todos\u201d<\/strong>.<\/p>\n","protected":false},"excerpt":{"rendered":"<p>\u201cVamos a seguir trabajando los protocolos\u201d declar\u00f3 la Directora de Turismo de Concepci\u00f3n del Uruguay, Mar\u00eda Laura Saad, refiri\u00e9ndose a la reglamentaci\u00f3n del uso de las playas locales para la pr\u00f3xima temporada veraniega. En declaraciones con los colegas de la Radio LT 11 \u201cGral. Ram\u00edrez\u201d, la funcionaria inform\u00f3 que ya se est\u00e1n elaborando los protocolos [&hellip;]<\/p>\n","protected":false},"author":2,"featured_media":1324,"comment_status":"open","ping_status":"open","sticky":false,"template":"","format":"standard","meta":{"_jetpack_memberships_contains_paid_content":false,"footnotes":"","jetpack_publicize_message":"","jetpack_publicize_feature_enabled":true,"jetpack_social_post_already_shared":true,"jetpack_social_options":{"image_generator_settings":{"template":"highway","default_image_id":0,"enabled":false},"version":2}},"categories":[175],"tags":[60,331,515,516],"class_list":["post-1323","post","type-post","status-publish","format-standard","has-post-thumbnail","hentry","category-turismo","tag-60","tag-concepcion-del-uruguay","tag-playas","tag-protocolo"],"jetpack_publicize_connections":[],"jetpack_featured_media_url":"https:\/\/3260.com.ar\/web\/wp-content\/uploads\/2020\/09\/isla-del-puerto.gif","jetpack_sharing_enabled":true,"_links":{"self":[{"href":"https:\/\/3260.com.ar\/web\/wp-json\/wp\/v2\/posts\/1323","targetHints":{"allow":["GET"]}}],"collection":[{"href":"https:\/\/3260.com.ar\/web\/wp-json\/wp\/v2\/posts"}],"about":[{"href":"https:\/\/3260.com.ar\/web\/wp-json\/wp\/v2\/types\/post"}],"author":[{"embeddable":true,"href":"https:\/\/3260.com.ar\/web\/wp-json\/wp\/v2\/users\/2"}],"replies":[{"embeddable":true,"href":"https:\/\/3260.com.ar\/web\/wp-json\/wp\/v2\/comments?post=1323"}],"version-history":[{"count":0,"href":"https:\/\/3260.com.ar\/web\/wp-json\/wp\/v2\/posts\/1323\/revisions"}],"wp:featuredmedia":[{"embeddable":true,"href":"https:\/\/3260.com.ar\/web\/wp-json\/wp\/v2\/media\/1324"}],"wp:attachment":[{"href":"https:\/\/3260.com.ar\/web\/wp-json\/wp\/v2\/media?parent=1323"}],"wp:term":[{"taxonomy":"category","embeddable":true,"href":"https:\/\/3260.com.ar\/web\/wp-json\/wp\/v2\/categories?post=1323"},{"taxonomy":"post_tag","embeddable":true,"href":"https:\/\/3260.com.ar\/web\/wp-json\/wp\/v2\/tags?post=1323"}],"curies":[{"name":"wp","href":"https:\/\/api.w.org\/{rel}","templated":true}]}}