{"id":1385,"date":"2020-09-29T12:53:21","date_gmt":"2020-09-29T12:53:21","guid":{"rendered":"http:\/\/3260.com.ar\/web\/?p=1385"},"modified":"2020-09-29T12:59:36","modified_gmt":"2020-09-29T12:59:36","slug":"la-republica-de-entre-rios-cumple-hoy-200-anos","status":"publish","type":"post","link":"https:\/\/3260.com.ar\/web\/la-republica-de-entre-rios-cumple-hoy-200-anos\/","title":{"rendered":"La \u201cRep\u00fablica de Entre R\u00edos\u201d cumple hoy 200 a\u00f1os"},"content":{"rendered":"\n<p>El 29 de Septiembre de 1820 Francisco Ram\u00edrez proclam\u00f3 la \u201cRep\u00fablica de Entre R\u00edos\u201d, conformada en aquel entonces por la actual provincia hom\u00f3nima junto con las de Corrientes y Misiones.<\/p>\n\n\n\n<p>Por tal motivo se celebra en el d\u00eda de hoy el Bicentenario de nuestro territorio, hecho sobre el cual el <strong>Instituto Federal de Estudios e Integraci\u00f3n \u201cJos\u00e9 Artigas\u201d<\/strong> document\u00f3 a trav\u00e9s de lo publicado a continuaci\u00f3n.<\/p>\n\n\n\n<hr class=\"wp-block-separator is-style-dots\"\/>\n\n\n\n<p class=\"has-drop-cap\">Derrotado Artigas, internado en el Paraguay, Ram\u00edrez qued\u00f3 solo dominando el nordeste argentino. Con el dominio de la situaci\u00f3n pol\u00edtica de la regi\u00f3n, se dio a la tarea de organizar institucionalmente a los pueblos de Entre R\u00edos, Corrientes y Misiones, que estaban comprendidos en el amplio radio de su influencia pol\u00edtica y militar. Cumpliendo este prop\u00f3sito dio a conocer desde Corrientes, donde se hallaba, un Bando proclamando la Rep\u00fablica de Entre R\u00edos. La denominaci\u00f3n de Rep\u00fablica no conten\u00eda un designio de segregaci\u00f3n del territorio ni de la nacionalidad, \u2014ya que en todos los documentos y en el Tratado del Pilar, sustent\u00f3 la unidad argentina\u2014, sino que se redujo a fijar una jurisdicci\u00f3n pol\u00edtico-administrativa dentro de la unidad de las provincias, usando el vocablo con la difusa e imprecisa interpretaci\u00f3n que se le otorgaba entonces. Cabe acotar en el lenguaje de la \u00e9poca no eran id\u00e9nticos a los actuales t\u00e9rminos como rep\u00fablica, independencia, soberan\u00eda, como surge de la abundante documentaci\u00f3n artiguista.<\/p>\n\n\n\n<p class=\"has-drop-cap\">El Bando abol\u00eda los derechos de introducci\u00f3n manteniendo los de exportaci\u00f3n, otorgaba amplia amnist\u00eda en cuestiones pol\u00edticas, prohib\u00eda la matanza de vacas y yeguas con severas penalidades para los infractores, la extracci\u00f3n de animales, mandaba levantar un censo, estimulaba el procreo del ganado, fomentaba las tareas agr\u00edcolas en forma \u00abque todo vecino deba tener el arado y sembrar suficientemente para su familia y la exportaci\u00f3n\u00bb. Tambi\u00e9n persegu\u00eda a los vagos y mal entretenidos, autorizaba la entrada de extranjeros bajo riguroso control, suprim\u00eda la circulaci\u00f3n de la moneda llamada cuartillo y autorizaba la de la onza de oro de diez y siete pesos. Por otra parte se mandaba a requisar todas las armas en poder de particulares e indultaba a todos los desertores. En este documento Ram\u00edrez se titulaba \u00abJefe Supremo de esta Rep\u00fablica y General en Jefe del Ej\u00e9rcito\u00bb. A este Bando se le complement\u00f3 con los Reglamentos, que fueron los que dieron a la entidad verdadera contextura institucional. Esos Reglamentos se dictaron para el orden militar, el orden pol\u00edtico, el orden econ\u00f3mico y para sellos.<\/p>\n\n\n\n<p class=\"has-drop-cap\">La Rep\u00fablica se dividi\u00f3 en tres comandancias, la de Entre R\u00edos, gobernada por el general Ricardo L\u00f3pez Jord\u00e1n; la de Corrientes a cargo del coronel Evaristo Carriego y la de Misiones a la del comandante F\u00e9lix Aguirre. El Jefe Supremo era asistido por un ministro, que lo fue Cipriano J. de Urquiza, a quien se le atribuye la paternidad de los Reglamentos. Tambi\u00e9n contaba con sus s\u00edmbolos, escudo y bandera. Los escudos fueron dos, seg\u00fan se ha comprobado con documentos de la \u00e9poca, impresos a manera de sellos. Uno, el m\u00e1s difundido, estaba formado por un \u00f3valo con una inscripci\u00f3n alrededor que dec\u00eda \u00abRep\u00fablica de Entre R\u00edos\u00bb, ostentando en el centro una pluma de avestruz, acaso como s\u00edmbolo de justicia, de la verdad y del derecho. El otro ten\u00eda la misma forma y la misma inscripci\u00f3n, cubierto en sus cuarteles con una balanza, que en la her\u00e1ldica representa una de las expresiones de la Justicia, con el platillo de la derecha inclinado en el sentido de una lanza colocada diagonalmente y proyectada con la punta hacia abajo desde el extremo izquierdo del fiel. Adopta como bandera la creada por Artigas para la Liga Federal en 1815.<\/p>\n\n\n\n<div class=\"wp-block-image\"><figure class=\"aligncenter size-large is-resized\"><img loading=\"lazy\" decoding=\"async\" src=\"http:\/\/3260.com.ar\/web\/wp-content\/uploads\/2020\/09\/3b15e74d-9018-4af3-b65b-d1a3f2e0a68d-1.jpg\" alt=\"\" class=\"wp-image-1395\" width=\"168\" height=\"196\" srcset=\"https:\/\/3260.com.ar\/web\/wp-content\/uploads\/2020\/09\/3b15e74d-9018-4af3-b65b-d1a3f2e0a68d-1.jpg 336w, https:\/\/3260.com.ar\/web\/wp-content\/uploads\/2020\/09\/3b15e74d-9018-4af3-b65b-d1a3f2e0a68d-1-257x300.jpg 257w\" sizes=\"auto, (max-width: 168px) 100vw, 168px\" \/><\/figure><\/div>\n\n\n\n<div class=\"wp-block-image\"><figure class=\"aligncenter size-large is-resized\"><img loading=\"lazy\" decoding=\"async\" src=\"http:\/\/3260.com.ar\/web\/wp-content\/uploads\/2020\/09\/24970223-395a-4bbe-9bbe-122cc3835c43-1.jpg\" alt=\"\" class=\"wp-image-1396\" width=\"160\" height=\"196\" srcset=\"https:\/\/3260.com.ar\/web\/wp-content\/uploads\/2020\/09\/24970223-395a-4bbe-9bbe-122cc3835c43-1.jpg 320w, https:\/\/3260.com.ar\/web\/wp-content\/uploads\/2020\/09\/24970223-395a-4bbe-9bbe-122cc3835c43-1-245x300.jpg 245w\" sizes=\"auto, (max-width: 160px) 100vw, 160px\" \/><\/figure><\/div>\n\n\n\n<p style=\"font-size:11px\" class=\"has-text-align-right\"><em>Fuente: Consejo Federal de Inversiones &#8211; Genoma. La Rep\u00fablica de Entre R\u00edos 29-9-1820 dc.<br>Disponible en: <a href=\"http:\/\/genoma.cfi.org.ar\/enciclopedia\/evento?eventoId=10166&amp;fbclid=IwAR01pN9IH3yqzs0xNyUFXNSPWmLpT4rA8bIrEIkreukGOggpKP9_aBCZqLg\" target=\"_blank\" rel=\"noreferrer noopener\">http:\/\/genoma.cfi.org.ar\/enciclopedia\/evento?eventoId=10166&amp;fbclid=IwAR01pN9IH3yqzs0xNyUFXNSPWmLpT4rA8bIrEIkreukGOggpKP9_aBCZqLg<\/a><\/em><\/p>\n","protected":false},"excerpt":{"rendered":"<p>El 29 de Septiembre de 1820 Francisco Ram\u00edrez proclam\u00f3 la \u201cRep\u00fablica de Entre R\u00edos\u201d, conformada en aquel entonces por la actual provincia hom\u00f3nima junto con las de Corrientes y Misiones. Por tal motivo se celebra en el d\u00eda de hoy el Bicentenario de nuestro territorio, hecho sobre el cual el Instituto Federal de Estudios e [&hellip;]<\/p>\n","protected":false},"author":2,"featured_media":1386,"comment_status":"open","ping_status":"open","sticky":false,"template":"","format":"standard","meta":{"_jetpack_memberships_contains_paid_content":false,"footnotes":"","jetpack_publicize_message":"","jetpack_publicize_feature_enabled":true,"jetpack_social_post_already_shared":true,"jetpack_social_options":{"image_generator_settings":{"template":"highway","default_image_id":0,"enabled":false},"version":2}},"categories":[174],"tags":[60,489,487],"class_list":["post-1385","post","type-post","status-publish","format-standard","has-post-thumbnail","hentry","category-cultura","tag-60","tag-bicentenario","tag-republica-de-entre-rios"],"jetpack_publicize_connections":[],"jetpack_featured_media_url":"https:\/\/3260.com.ar\/web\/wp-content\/uploads\/2020\/09\/aniversario_ER.gif","jetpack_sharing_enabled":true,"_links":{"self":[{"href":"https:\/\/3260.com.ar\/web\/wp-json\/wp\/v2\/posts\/1385","targetHints":{"allow":["GET"]}}],"collection":[{"href":"https:\/\/3260.com.ar\/web\/wp-json\/wp\/v2\/posts"}],"about":[{"href":"https:\/\/3260.com.ar\/web\/wp-json\/wp\/v2\/types\/post"}],"author":[{"embeddable":true,"href":"https:\/\/3260.com.ar\/web\/wp-json\/wp\/v2\/users\/2"}],"replies":[{"embeddable":true,"href":"https:\/\/3260.com.ar\/web\/wp-json\/wp\/v2\/comments?post=1385"}],"version-history":[{"count":0,"href":"https:\/\/3260.com.ar\/web\/wp-json\/wp\/v2\/posts\/1385\/revisions"}],"wp:featuredmedia":[{"embeddable":true,"href":"https:\/\/3260.com.ar\/web\/wp-json\/wp\/v2\/media\/1386"}],"wp:attachment":[{"href":"https:\/\/3260.com.ar\/web\/wp-json\/wp\/v2\/media?parent=1385"}],"wp:term":[{"taxonomy":"category","embeddable":true,"href":"https:\/\/3260.com.ar\/web\/wp-json\/wp\/v2\/categories?post=1385"},{"taxonomy":"post_tag","embeddable":true,"href":"https:\/\/3260.com.ar\/web\/wp-json\/wp\/v2\/tags?post=1385"}],"curies":[{"name":"wp","href":"https:\/\/api.w.org\/{rel}","templated":true}]}}