{"id":1475,"date":"2020-10-04T22:28:34","date_gmt":"2020-10-04T22:28:34","guid":{"rendered":"http:\/\/3260.com.ar\/web\/?p=1475"},"modified":"2020-10-04T22:32:49","modified_gmt":"2020-10-04T22:32:49","slug":"gestiones-oficiales-para-reactivar-el-turismo-interno-y-de-cercania","status":"publish","type":"post","link":"https:\/\/3260.com.ar\/web\/gestiones-oficiales-para-reactivar-el-turismo-interno-y-de-cercania\/","title":{"rendered":"Gestiones oficiales para reactivar el Turismo Interno y de cercan\u00eda"},"content":{"rendered":"\n<p>En las \u00faltimas horas se present\u00f3 al Gobierno Provincial un<strong> proyecto en pos de reactivar el turismo<\/strong> tanto dentro del territorio entrerriano como tambi\u00e9n en conjunto con provincias vecinas.<\/p>\n\n\n\n<p>Tras reunirse con dirigentes tur\u00edsticos de las vecinas Misiones y Corrientes, la <strong>C\u00e1mara Entrerriana de Turismo<\/strong> (CET) acord\u00f3 \u201caunar protocolos sanitarios de todos los sectores involucrados en el futuro desarrollo de circuitos tur\u00edsticos\u201d.<\/p>\n\n\n\n<p>El <a href=\"http:\/\/camaradeturismoer.com.ar\/apertura-del-turismo-mesopotamico\/\" target=\"_blank\" rel=\"noreferrer noopener\">comunicado publicado por la CET<\/a> tambi\u00e9n aclar\u00f3 que esta acci\u00f3n busca \u201cgenerar burbujas de circulaci\u00f3n tur\u00edstica entre aquellas localidades que se encuentren aptas para el normal desempe\u00f1o de las actividades tur\u00edsticas\u201d.<\/p>\n\n\n\n<p>En concordancia con esto, y a trav\u00e9s de un <strong>proyecto de resoluci\u00f3n<\/strong>, un Diputado Provincial inst\u00f3 al Poder Ejecutivo de Entre R\u00edos \u201ca realizar los mayores esfuerzos y gestiones necesarias para llevar adelante la reactivaci\u00f3n de la actividad tur\u00edstica interna y\/o de cercan\u00eda\u201d.<\/p>\n\n\n\n<p>La informaci\u00f3n -publicada por <a href=\"http:\/\/apfdigital.com.ar\/\" target=\"_blank\" rel=\"noreferrer noopener\">APFDigital<\/a>&#8211; detalla que el autor del proyecto Jorge Satto solicit\u00f3 \u201cse considere especialmente el esfuerzo constante y profesional realizado durante la Pandemia por la CET [\u2026] quien ha hecho un gran trabajo de concientizaci\u00f3n, formaci\u00f3n e informaci\u00f3n\u201d.<\/p>\n\n\n\n<h4 class=\"wp-block-heading\"><strong>Expectativa por el Programa Pre Viaje.<\/strong><\/h4>\n\n\n\n<p>Apostando en la inminente reactivaci\u00f3n del sector, la C\u00e1mara Entrerriana de Turismo se interioriz\u00f3 sobre el lanzamiento del <strong>Programa Nacional Pre Viaje<\/strong> participando de una reuni\u00f3n gestionada por la Federaci\u00f3n de C\u00e1maras de Turismo de la Rep\u00fablica Argentina.<\/p>\n\n\n\n<p>Dicho programa, <a href=\"http:\/\/camaradeturismoer.com.ar\/la-camara-entrerriana-de-turismo-apuesta-a-la-inminente-reactivacion-del-sector\/\" target=\"_blank\" rel=\"noreferrer noopener\">indicaron desde la CET<\/a>, \u201cgenerar\u00e1 un incentivo a los turistas <strong>equivalente al 50% del gasto<\/strong> que efect\u00faen en la contrataci\u00f3n de un viaje, reservas de pasajes, hoteles, excursiones, alquiler de autos, gastronom\u00eda u otros servicios, para realizar entre enero y diciembre de 2021\u201d.<\/p>\n","protected":false},"excerpt":{"rendered":"<p>En las \u00faltimas horas se present\u00f3 al Gobierno Provincial un proyecto en pos de reactivar el turismo tanto dentro del territorio entrerriano como tambi\u00e9n en conjunto con provincias vecinas. Tras reunirse con dirigentes tur\u00edsticos de las vecinas Misiones y Corrientes, la C\u00e1mara Entrerriana de Turismo (CET) acord\u00f3 \u201caunar protocolos sanitarios de todos los sectores involucrados [&hellip;]<\/p>\n","protected":false},"author":2,"featured_media":1479,"comment_status":"open","ping_status":"open","sticky":false,"template":"","format":"standard","meta":{"_jetpack_memberships_contains_paid_content":false,"footnotes":"","jetpack_publicize_message":"","jetpack_publicize_feature_enabled":true,"jetpack_social_post_already_shared":true,"jetpack_social_options":{"image_generator_settings":{"template":"highway","default_image_id":0,"enabled":false},"version":2}},"categories":[175],"tags":[60,579,578,577],"class_list":["post-1475","post","type-post","status-publish","format-standard","has-post-thumbnail","hentry","category-turismo","tag-60","tag-mesopotamia","tag-turismo-de-cercania","tag-turismo-interno"],"jetpack_publicize_connections":[],"jetpack_featured_media_url":"https:\/\/3260.com.ar\/web\/wp-content\/uploads\/2020\/10\/turismocdu.png","jetpack_sharing_enabled":true,"_links":{"self":[{"href":"https:\/\/3260.com.ar\/web\/wp-json\/wp\/v2\/posts\/1475","targetHints":{"allow":["GET"]}}],"collection":[{"href":"https:\/\/3260.com.ar\/web\/wp-json\/wp\/v2\/posts"}],"about":[{"href":"https:\/\/3260.com.ar\/web\/wp-json\/wp\/v2\/types\/post"}],"author":[{"embeddable":true,"href":"https:\/\/3260.com.ar\/web\/wp-json\/wp\/v2\/users\/2"}],"replies":[{"embeddable":true,"href":"https:\/\/3260.com.ar\/web\/wp-json\/wp\/v2\/comments?post=1475"}],"version-history":[{"count":0,"href":"https:\/\/3260.com.ar\/web\/wp-json\/wp\/v2\/posts\/1475\/revisions"}],"wp:featuredmedia":[{"embeddable":true,"href":"https:\/\/3260.com.ar\/web\/wp-json\/wp\/v2\/media\/1479"}],"wp:attachment":[{"href":"https:\/\/3260.com.ar\/web\/wp-json\/wp\/v2\/media?parent=1475"}],"wp:term":[{"taxonomy":"category","embeddable":true,"href":"https:\/\/3260.com.ar\/web\/wp-json\/wp\/v2\/categories?post=1475"},{"taxonomy":"post_tag","embeddable":true,"href":"https:\/\/3260.com.ar\/web\/wp-json\/wp\/v2\/tags?post=1475"}],"curies":[{"name":"wp","href":"https:\/\/api.w.org\/{rel}","templated":true}]}}