{"id":1537,"date":"2020-10-08T13:04:16","date_gmt":"2020-10-08T13:04:16","guid":{"rendered":"http:\/\/3260.com.ar\/web\/?p=1537"},"modified":"2020-10-08T13:04:17","modified_gmt":"2020-10-08T13:04:17","slug":"mientras-tanto-los-docentes-continuan-su-lucha","status":"publish","type":"post","link":"https:\/\/3260.com.ar\/web\/mientras-tanto-los-docentes-continuan-su-lucha\/","title":{"rendered":"Mientras tanto, los docentes contin\u00faan su lucha"},"content":{"rendered":"\n<p>Al tiempo en que se define el regreso a las aulas, <strong>docentes de todo el pa\u00eds contin\u00faan su plan de lucha<\/strong> reclamando, entre otras cosas, una urgente recomposici\u00f3n salarial.<\/p>\n\n\n\n<p>Tal es el caso de los educativos nucleados en la <strong>Asociaci\u00f3n Gremial de Docentes de la UTN<\/strong> (FAGDUT), quienes confirmaron que contin\u00faan en \u201cestado de alerta\u201d.<\/p>\n\n\n\n<p>\u201cLa paciencia se agota\u201d declar\u00f3 el Secretario General de la Asociaci\u00f3n, Norberto Heyaca, a los colegas de <a href=\"https:\/\/www.elmiercolesdigital.com.ar\/docentes-universitarios-en-estado-de-alerta-reclaman-inmediata-recomposicion-salarial\/\" target=\"_blank\" rel=\"noreferrer noopener\">El Mi\u00e9rcoles Digital<\/a>, aunque descart\u00f3 medidas de fuerza ya que, tras largo tiempo de espera, el gremio logr\u00f3 ser incluido en las negociaciones con la cartera educativa nacional.<\/p>\n\n\n\n<p>Sobre este hecho opin\u00f3 que \u201ccelebramos la convocatoria del Ministerio de Educaci\u00f3n y el compromiso de tener una oferta salarial concreta la semana que viene ya que necesitamos con urgencia un aumento salarial por encima de la inflaci\u00f3n para no perder poder adquisitivo\u201d.<\/p>\n\n\n\n<p>En tanto, la <strong>Asociaci\u00f3n Gremial del Magisterio de Entre R\u00edos<\/strong> (AGMER) anunci\u00f3 nuevas protestas para todo el mes de Octubre como rechazo al aumento salarial decretado por el Gobierno Nacional.<\/p>\n\n\n\n<p>Las medidas de fuerza comprenden \u201cdesconexiones virtuales\u201d para los d\u00edas 9, 14, 15, 19, 20 28, 29 y 30 del corriente mes y campa\u00f1as de difusi\u00f3n de la situaci\u00f3n en televisi\u00f3n, radio, autos parlantes y pasacalles.<\/p>\n","protected":false},"excerpt":{"rendered":"<p>Al tiempo en que se define el regreso a las aulas, docentes de todo el pa\u00eds contin\u00faan su plan de lucha reclamando, entre otras cosas, una urgente recomposici\u00f3n salarial. Tal es el caso de los educativos nucleados en la Asociaci\u00f3n Gremial de Docentes de la UTN (FAGDUT), quienes confirmaron que contin\u00faan en \u201cestado de alerta\u201d. [&hellip;]<\/p>\n","protected":false},"author":2,"featured_media":1538,"comment_status":"open","ping_status":"open","sticky":false,"template":"","format":"standard","meta":{"_jetpack_memberships_contains_paid_content":false,"footnotes":"","jetpack_publicize_message":"","jetpack_publicize_feature_enabled":true,"jetpack_social_post_already_shared":true,"jetpack_social_options":{"image_generator_settings":{"template":"highway","default_image_id":0,"enabled":false},"version":2}},"categories":[176],"tags":[60,407,336,604],"class_list":["post-1537","post","type-post","status-publish","format-standard","has-post-thumbnail","hentry","category-educacion","tag-60","tag-agmer","tag-docentes","tag-fagdut"],"jetpack_publicize_connections":[],"jetpack_featured_media_url":"https:\/\/3260.com.ar\/web\/wp-content\/uploads\/2020\/10\/reclamo_agmer.gif","jetpack_sharing_enabled":true,"_links":{"self":[{"href":"https:\/\/3260.com.ar\/web\/wp-json\/wp\/v2\/posts\/1537","targetHints":{"allow":["GET"]}}],"collection":[{"href":"https:\/\/3260.com.ar\/web\/wp-json\/wp\/v2\/posts"}],"about":[{"href":"https:\/\/3260.com.ar\/web\/wp-json\/wp\/v2\/types\/post"}],"author":[{"embeddable":true,"href":"https:\/\/3260.com.ar\/web\/wp-json\/wp\/v2\/users\/2"}],"replies":[{"embeddable":true,"href":"https:\/\/3260.com.ar\/web\/wp-json\/wp\/v2\/comments?post=1537"}],"version-history":[{"count":0,"href":"https:\/\/3260.com.ar\/web\/wp-json\/wp\/v2\/posts\/1537\/revisions"}],"wp:featuredmedia":[{"embeddable":true,"href":"https:\/\/3260.com.ar\/web\/wp-json\/wp\/v2\/media\/1538"}],"wp:attachment":[{"href":"https:\/\/3260.com.ar\/web\/wp-json\/wp\/v2\/media?parent=1537"}],"wp:term":[{"taxonomy":"category","embeddable":true,"href":"https:\/\/3260.com.ar\/web\/wp-json\/wp\/v2\/categories?post=1537"},{"taxonomy":"post_tag","embeddable":true,"href":"https:\/\/3260.com.ar\/web\/wp-json\/wp\/v2\/tags?post=1537"}],"curies":[{"name":"wp","href":"https:\/\/api.w.org\/{rel}","templated":true}]}}