{"id":1584,"date":"2020-10-09T18:09:06","date_gmt":"2020-10-09T18:09:06","guid":{"rendered":"http:\/\/3260.com.ar\/web\/?p=1584"},"modified":"2020-10-09T18:09:07","modified_gmt":"2020-10-09T18:09:07","slug":"todo-listo-para-el-regreso-a-la-cancha-municipal-de-hockey","status":"publish","type":"post","link":"https:\/\/3260.com.ar\/web\/todo-listo-para-el-regreso-a-la-cancha-municipal-de-hockey\/","title":{"rendered":"Todo listo para el regreso a la cancha municipal de Hockey"},"content":{"rendered":"\n<figure class=\"wp-block-audio aligncenter\"><audio controls src=\"http:\/\/3260.com.ar\/web\/wp-content\/uploads\/2020\/10\/AUDIO-Ale-Mart\u00ednez.mp3\"><\/audio><figcaption>Alejandro Mart\u00ednez nos inform\u00f3 sobre la utilizaci\u00f3n de la alfombra p\u00fablica.<\/figcaption><\/figure>\n\n\n\n<p>Este jueves se definieron las \u00faltimas cuestiones administrativas para concretar el regreso de las pr\u00e1cticas de Hockey sobre C\u00e9sped a la <strong>cancha sint\u00e9tica municipal<\/strong> de Concepci\u00f3n del Uruguay.<\/p>\n\n\n\n<p>Las mismas surgieron tras una escueta reuni\u00f3n entre funcionarios de la Secretar\u00eda de Deportes uruguayense, representantes de los clubes intervinientes y miembros de la Comisi\u00f3n administradora del recinto de juego.<\/p>\n\n\n\n<p><strong>Alejandro Mart\u00ednez<\/strong>, Presidente de este \u00faltimo cuerpo, brind\u00f3 a la redacci\u00f3n de 3260 m\u00e1s detalles sobre lo dialogado y acordado en dicho encuentro.<\/p>\n\n\n\n<p>\u201cEn la reuni\u00f3n se explic\u00f3 el protocolo con el cual se va a trabajar en la cancha, el que permite hasta 10 personas por cada mitad\u201d inici\u00f3 describiendo Mart\u00ednez.<\/p>\n\n\n\n<blockquote class=\"wp-block-quote is-layout-flow wp-block-quote-is-layout-flow\"><p>\u201cEl protocolo permite hasta 10 personas por cada mitad de la cancha\u201d<\/p><\/blockquote>\n\n\n\n<p>A continuaci\u00f3n nos confirm\u00f3 la noticia que muchas y muchos estaban esperando: el regreso de los entrenamientos sobre la verde alfombra. \u201c<strong>A partir del lunes se puede empezar a ir a la cancha<\/strong> en los turnos que se le asign\u00f3 a cada club\u201d dijo.<\/p>\n\n\n\n<p>A tono con la situaci\u00f3n sanitaria que contin\u00faa atravesando la ciudad, Alejandro resalt\u00f3 que \u201cde nuestro comportamiento, de nuestra responsabilidad y de continuar con nuestros protocolos va a depender que sigamos pudiendo ampliar la actividad y podamos seguir yendo a la cancha\u201d.<\/p>\n\n\n\n<blockquote class=\"wp-block-quote is-layout-flow wp-block-quote-is-layout-flow\"><p>\u201cDe nuestro comportamiento depender\u00e1 que podamos seguir yendo a la cancha\u201d<\/p><\/blockquote>\n\n\n\n<p>Por tales decisiones, para la semana pr\u00f3xima se espera el arribo ordenado y protocolar de las numerosas instituciones uruguayenses que se encuentran practicando hoy la disciplina de la bocha y el stick.<\/p>\n","protected":false},"excerpt":{"rendered":"<p>Este jueves se definieron las \u00faltimas cuestiones administrativas para concretar el regreso de las pr\u00e1cticas de Hockey sobre C\u00e9sped a la cancha sint\u00e9tica municipal de Concepci\u00f3n del Uruguay. Las mismas surgieron tras una escueta reuni\u00f3n entre funcionarios de la Secretar\u00eda de Deportes uruguayense, representantes de los clubes intervinientes y miembros de la Comisi\u00f3n administradora del [&hellip;]<\/p>\n","protected":false},"author":2,"featured_media":1586,"comment_status":"open","ping_status":"open","sticky":false,"template":"","format":"standard","meta":{"_jetpack_memberships_contains_paid_content":false,"footnotes":"","jetpack_publicize_message":"","jetpack_publicize_feature_enabled":true,"jetpack_social_post_already_shared":true,"jetpack_social_options":{"image_generator_settings":{"template":"highway","default_image_id":0,"enabled":false},"version":2}},"categories":[173],"tags":[60,331,619,618],"class_list":["post-1584","post","type-post","status-publish","format-standard","has-post-thumbnail","hentry","category-deportes","tag-60","tag-concepcion-del-uruguay","tag-hockey-sobre-cesped","tag-sintetico-municipal"],"jetpack_publicize_connections":[],"jetpack_featured_media_url":"https:\/\/3260.com.ar\/web\/wp-content\/uploads\/2020\/10\/hockey_munic.gif","jetpack_sharing_enabled":true,"_links":{"self":[{"href":"https:\/\/3260.com.ar\/web\/wp-json\/wp\/v2\/posts\/1584","targetHints":{"allow":["GET"]}}],"collection":[{"href":"https:\/\/3260.com.ar\/web\/wp-json\/wp\/v2\/posts"}],"about":[{"href":"https:\/\/3260.com.ar\/web\/wp-json\/wp\/v2\/types\/post"}],"author":[{"embeddable":true,"href":"https:\/\/3260.com.ar\/web\/wp-json\/wp\/v2\/users\/2"}],"replies":[{"embeddable":true,"href":"https:\/\/3260.com.ar\/web\/wp-json\/wp\/v2\/comments?post=1584"}],"version-history":[{"count":0,"href":"https:\/\/3260.com.ar\/web\/wp-json\/wp\/v2\/posts\/1584\/revisions"}],"wp:featuredmedia":[{"embeddable":true,"href":"https:\/\/3260.com.ar\/web\/wp-json\/wp\/v2\/media\/1586"}],"wp:attachment":[{"href":"https:\/\/3260.com.ar\/web\/wp-json\/wp\/v2\/media?parent=1584"}],"wp:term":[{"taxonomy":"category","embeddable":true,"href":"https:\/\/3260.com.ar\/web\/wp-json\/wp\/v2\/categories?post=1584"},{"taxonomy":"post_tag","embeddable":true,"href":"https:\/\/3260.com.ar\/web\/wp-json\/wp\/v2\/tags?post=1584"}],"curies":[{"name":"wp","href":"https:\/\/api.w.org\/{rel}","templated":true}]}}